{"id":3323,"date":"2023-02-26T15:25:52","date_gmt":"2023-02-26T18:25:52","guid":{"rendered":"https:\/\/wiy.com.br\/noticias\/ha-clima-para-avanco-na-reforma-da-previdencia\/"},"modified":"2019-02-05T01:21:06","modified_gmt":"2019-02-05T03:21:06","slug":"ha-clima-para-avanco-na-reforma-da-previdencia","status":"publish","type":"post","link":"https:\/\/wiy.com.br\/noticias\/ha-clima-para-avanco-na-reforma-da-previdencia\/","title":{"rendered":"H\u00e1 clima para avan\u00e7o na reforma da Previd\u00eancia"},"content":{"rendered":"<p> <br \/>\n<br \/>Conte\u00fado exclusivo para assinantes, acesse no site do globo.<br \/>\n<br \/><br \/>\n<br \/><a href=\"https:\/\/oglobo.globo.com\/opiniao\/ha-clima-para-avanco-na-reforma-da-previdencia-23428064\">Source link <\/a><\/p>\n","protected":false},"excerpt":{"rendered":"<p>Conte\u00fado exclusivo para assinantes, acesse no site do globo. Source link<\/p>\n","protected":false},"author":1,"featured_media":0,"comment_status":"open","ping_status":"open","sticky":false,"template":"","format":"standard","meta":{"footnotes":""},"categories":[337],"tags":[],"class_list":["post-3323","post","type-post","status-publish","format-standard","hentry","category-noticias"],"_links":{"self":[{"href":"https:\/\/wiy.com.br\/noticias\/wp-json\/wp\/v2\/posts\/3323","targetHints":{"allow":["GET"]}}],"collection":[{"href":"https:\/\/wiy.com.br\/noticias\/wp-json\/wp\/v2\/posts"}],"about":[{"href":"https:\/\/wiy.com.br\/noticias\/wp-json\/wp\/v2\/types\/post"}],"author":[{"embeddable":true,"href":"https:\/\/wiy.com.br\/noticias\/wp-json\/wp\/v2\/users\/1"}],"replies":[{"embeddable":true,"href":"https:\/\/wiy.com.br\/noticias\/wp-json\/wp\/v2\/comments?post=3323"}],"version-history":[{"count":0,"href":"https:\/\/wiy.com.br\/noticias\/wp-json\/wp\/v2\/posts\/3323\/revisions"}],"wp:attachment":[{"href":"https:\/\/wiy.com.br\/noticias\/wp-json\/wp\/v2\/media?parent=3323"}],"wp:term":[{"taxonomy":"category","embeddable":true,"href":"https:\/\/wiy.com.br\/noticias\/wp-json\/wp\/v2\/categories?post=3323"},{"taxonomy":"post_tag","embeddable":true,"href":"https:\/\/wiy.com.br\/noticias\/wp-json\/wp\/v2\/tags?post=3323"}],"curies":[{"name":"wp","href":"https:\/\/api.w.org\/{rel}","templated":true}]}}