{"id":33138,"date":"2023-02-26T15:12:18","date_gmt":"2023-02-26T18:12:18","guid":{"rendered":"https:\/\/wiy.com.br\/noticias\/bolsa-fecha-abaixo-dos-100-000-pontos-acompanhando-cenario-externo\/"},"modified":"2019-10-08T18:13:06","modified_gmt":"2019-10-08T21:13:06","slug":"bolsa-fecha-abaixo-dos-100-000-pontos-acompanhando-cenario-externo","status":"publish","type":"post","link":"https:\/\/wiy.com.br\/noticias\/bolsa-fecha-abaixo-dos-100-000-pontos-acompanhando-cenario-externo\/","title":{"rendered":"Bolsa fecha abaixo dos 100.000 pontos acompanhando cen\u00e1rio externo"},"content":{"rendered":"<p> <br \/>\n<\/p>\n<div id=\"\">\n<h2 class=\"article-subtitle\">Governo americano ampliou san\u00e7\u00f5es a empresas chinesas. D\u00f3lar caiu com possibilidade de acordo sobre cess\u00e3o onerosa e corte de juros nos EUA<\/h2>\n<div class=\"article-author\">\n<p>Por <span>Reuters<\/span><\/p>\n<p>\n      <i class=\"material-icons\">access_time<\/i><br \/>\n      <span><br \/>\n        8 out 2019, 17h54 &#8211; Publicado em 8 out 2019, 17h43      <\/span>\n    <\/p>\n<\/p><\/div>\n<\/p><\/div>\n<div id=\"\">\n<div class=\"featured-image\">\n<div class=\"image\">\n\t\t\t\t\t\t\t\t\t\t<img title = \"[Tags]\"data-src=\"https:\/\/abrilveja.files.wordpress.com\/2019\/10\/2019-10-08t201721z_1_lynxmpef971p2_rtroptp_4_bovespa-fecha.jpg\" class=\"abril-image optimized lazyload\" abril-data-id=\"3240023\"  data- data-pin-nopin=\"true\"alt = \"2019-10-08t201721z_1_lynxmpef971p2_rtroptp_4_bovespa-fecha Bolsa fecha abaixo dos 100.000 pontos acompanhando cen\u00e1rio externo\"\/><\/div>\n<p class=\"caption\">Bolsa de Valores de S\u00e3o Paulo<br \/>\n03\/04\/2019<br \/>\nREUTERS\/Amanda Perobelli\u00a0(Amanda Perobelli\/Reuters)<\/p>\n<\/p><\/div>\n<p>O <a href=\"https:\/\/veja.abril.com.br\/noticias-sobre\/ibovespa\"><strong>Ibovespa<\/strong><\/a>, principal \u00edndice acion\u00e1rio brasileiro, fechou em queda nesta ter\u00e7a-feira, 8, e abaixo dos 100.000 pontos pela primeira vez desde 3 de setembro. O respons\u00e1vel pela queda foi o cen\u00e1rio negativo no exterior em meio ao ceticismo sobre o desfecho das negocia\u00e7\u00f5es comerciais entre Estados Unidos e China previstas para a semana. J\u00e1 o <a href=\"https:\/\/veja.abril.com.br\/noticias-sobre\/dolar\"><strong>d\u00f3lar comercial<\/strong><\/a> tamb\u00e9m caiu, devido a dados ruins da economia americana.<\/p>\n<p>Nesta ter\u00e7a-feira, a queda da bolsa foi de 0,59%, a 99.818,43 pontos. J\u00e1 o d\u00f3lar caiu 0,31% e fechou o dia vendido a 4,09 reais.<\/p>\n<p>As perspectivas de progresso nas negocia\u00e7\u00f5es comerciais entre Estados Unidos e China diminu\u00edram depois que o governo americano colocou startups chinesas de intelig\u00eancia artificial em sua lista de san\u00e7\u00f5es devido ao tratamento em rela\u00e7\u00e3o a minorias \u00e9tnicas predominantemente mu\u00e7ulmanas no <span>territ\u00f3rio aut\u00f4nomo de Xinjiang, no noroeste da China. Nesta ter\u00e7a, o secret\u00e1rio de Estado dos EUA, <\/span><span>Mike Pompeo, anunciou a restri\u00e7\u00e3o de vistos a autoridades do governo chin\u00eas e seus familiares por instituir uma \u201ccampanha altamente repressiva\u201d contra essas minorias.\u00a0<\/span><\/p>\n<div class=\"flex-basis-55 flex-grow-2 float-left--print m0--print min-w-auto--print min-w300 mr30 pr10--print w-66-percent--print\">\n<div class=\"color-black-2 f4 font-roboto line-height-1-5 mb20 regular story-copy\" dir=\"auto\">\n<p>\u201cA economia global ainda est\u00e1 assombrada pelo aumento das incertezas para os pr\u00f3ximos anos\u201d, observou a equipe do BTG Pactual em nota a clientes, destacando que os mercados seguem atentos e com elevada volatilidade em raz\u00e3o de novas preocupa\u00e7\u00f5es relacionadas a guerra comercial EUA-China.<\/p>\n<p>Na vis\u00e3o do BTG Pactual, os ativos brasileiros continuam acompanhando de perto o movimento do exterior, al\u00e9m da ansiedade com o andamento das reformas, acrescentando ser dif\u00edcil definir uma tend\u00eancia com a volatilidade em n\u00edveis considerados preocupantes. \u201cVemos os investidores com muito mais cautela\u2026por\u00e9m s\u00e3o estes momentos que tamb\u00e9m geram oportunidade de bons neg\u00f3cios\u201d, observou a equipe do BTG em nota distribu\u00edda pela \u00e1rea de gest\u00e3o do banco.<\/p>\n<h3>C\u00e2mbio<\/h3>\n<\/div>\n<\/div>\n<p>O d\u00f3lar reagiu de forma mais positiva porque houve a sinaliza\u00e7\u00e3o do presidente do FED em fazer novos cortes nas taxas de juros da economia americana.<\/p>\n<p>\u201cTivemos um dia de sinais mistos no cen\u00e1rio externo, com a confirma\u00e7\u00e3o de um corte de juros de Powell e um aumento da troca de farpas entre EUA e China. Com isso, as tratativas da cess\u00e3o onerosa na cena dom\u00e9stica ajudaram a elevar o otimismo e impulsionaram o real\u201d, afirmou Alessandro Faganello, operador de c\u00e2mbio da Advanced Corretora.<\/p>\n<p>No cen\u00e1rio interno, as discuss\u00f5es sobre a divis\u00e3o de parte dos recursos da cess\u00e3o onerosa entre Estados e munic\u00edpios avan\u00e7aram na C\u00e2mara nesta ter\u00e7a, afirmaram o presidente da Casa, Rodrigo Maia (DEM-RJ), e o vice-presidente do Senado, Antonio Anastasia (PSDB-MG). <span>Segundo analistas, a not\u00edcia ajudou o real a se descolar do cen\u00e1rio externo, onde a divisa norte-americana ganhava de seus pares e das moedas emergentes, como rand sul-africano e peso mexicano.<\/span><\/p>\n<p><span>O presidente-executivo da BNP Paribas Asset Management Brasil, Luiz Sorge, destacou que o Brasil tem feito a \u2018li\u00e7\u00e3o de casa\u2019, mas precisa continuar o trabalho a fim de se destacar em rela\u00e7\u00e3o a outros mercados emergentes em momentos nos quais o mundo est\u00e1 sofrendo um pouco.<\/span><\/p>\n<\/p><\/div>\n<p><br \/>\n<br \/><a href=\"https:\/\/veja.abril.com.br\/economia\/bolsa-fecha-abaixo-dos-100-mil-pontos-acompanhando-cenario-externo\/\">Fonte do Artigo<\/a><br \/>\nTags: <\/p>\n<p><a title=\"IBJE\" href=\"https:\/\/ibge.gov.br\/\">#IBJE<\/a> <a title=\"FGV\" href=\"https:\/\/portal.fgv.br\/\">#FGV<\/a> <a title=\"LOTOFACIL\" href=\"http:\/\/loterias.caixa.gov.br\/wps\/portal\/loterias\/landing\/lotofacil\/\">#LOTOFACIL<\/a> <a title=\"TINDER\" href=\"https:\/\/tinder.com\/?lang=pt-BR\">#TINDER<\/a> <a title=\"GMAILGOOGLE\" href=\"https:\/\/mail.google.com\">#GMAILGOOGLE<\/a> <a title=\"TIKTOK\" href=\"https:\/\/www.tiktok.com\/pt_BR\/\">#TIKTOK<\/a><\/p>\n","protected":false},"excerpt":{"rendered":"<p>Governo americano ampliou san\u00e7\u00f5es a empresas chinesas. D\u00f3lar caiu com possibilidade de acordo sobre cess\u00e3o onerosa e corte de juros nos EUA Por Reuters access_time 8 out 2019, 17h54 &#8211; Publicado em 8 out 2019, 17h43 Bolsa de Valores de S\u00e3o Paulo 03\/04\/2019 REUTERS\/Amanda Perobelli\u00a0(Amanda Perobelli\/Reuters) O Ibovespa, principal \u00edndice acion\u00e1rio brasileiro, fechou em queda [&hellip;]<\/p>\n","protected":false},"author":1,"featured_media":33139,"comment_status":"open","ping_status":"open","sticky":false,"template":"","format":"standard","meta":{"footnotes":""},"categories":[7],"tags":[],"class_list":["post-33138","post","type-post","status-publish","format-standard","has-post-thumbnail","hentry","category-economia"],"_links":{"self":[{"href":"https:\/\/wiy.com.br\/noticias\/wp-json\/wp\/v2\/posts\/33138","targetHints":{"allow":["GET"]}}],"collection":[{"href":"https:\/\/wiy.com.br\/noticias\/wp-json\/wp\/v2\/posts"}],"about":[{"href":"https:\/\/wiy.com.br\/noticias\/wp-json\/wp\/v2\/types\/post"}],"author":[{"embeddable":true,"href":"https:\/\/wiy.com.br\/noticias\/wp-json\/wp\/v2\/users\/1"}],"replies":[{"embeddable":true,"href":"https:\/\/wiy.com.br\/noticias\/wp-json\/wp\/v2\/comments?post=33138"}],"version-history":[{"count":0,"href":"https:\/\/wiy.com.br\/noticias\/wp-json\/wp\/v2\/posts\/33138\/revisions"}],"wp:featuredmedia":[{"embeddable":true,"href":"https:\/\/wiy.com.br\/noticias\/wp-json\/wp\/v2\/media\/33139"}],"wp:attachment":[{"href":"https:\/\/wiy.com.br\/noticias\/wp-json\/wp\/v2\/media?parent=33138"}],"wp:term":[{"taxonomy":"category","embeddable":true,"href":"https:\/\/wiy.com.br\/noticias\/wp-json\/wp\/v2\/categories?post=33138"},{"taxonomy":"post_tag","embeddable":true,"href":"https:\/\/wiy.com.br\/noticias\/wp-json\/wp\/v2\/tags?post=33138"}],"curies":[{"name":"wp","href":"https:\/\/api.w.org\/{rel}","templated":true}]}}