{"id":33127,"date":"2023-02-26T14:58:46","date_gmt":"2023-02-26T17:58:46","guid":{"rendered":"https:\/\/wiy.com.br\/noticias\/brasil-acusa-franca-de-barrar-acesso-a-comite-de-clima-da-ocde\/"},"modified":"2019-10-08T17:01:05","modified_gmt":"2019-10-08T20:01:05","slug":"brasil-acusa-franca-de-barrar-acesso-a-comite-de-clima-da-ocde","status":"publish","type":"post","link":"https:\/\/wiy.com.br\/noticias\/brasil-acusa-franca-de-barrar-acesso-a-comite-de-clima-da-ocde\/","title":{"rendered":"Brasil acusa Fran\u00e7a de barrar acesso a comit\u00ea de clima da OCDE"},"content":{"rendered":"<p> <br \/>\n<\/p>\n<p>O governo brasileiro acusa a <strong><a href=\"https:\/\/exame.abril.com.br\/noticias-sobre\/franca\/\">Fran\u00e7a<\/a><\/strong> de bloquear sua entrada no comit\u00ea do clima da Organiza\u00e7\u00e3o Para a Coopera\u00e7\u00e3o e Desenvolvimento Econ\u00f4mico (<strong><a href=\"https:\/\/exame.abril.com.br\/noticias-sobre\/ocde\/\">OCDE<\/a><\/strong>), semanas depois dos presidentes Jair Bolsonaro e Emmanuel Macron trocaram ofensas publicamente em meio aos inc\u00eandios na Amaz\u00f4nia.<\/p>\n<p>No m\u00eas passado, o ministro Ricardo Salles (Meio Ambiente) esteve na sede da OCDE, em Paris, para uma reuni\u00e3o com os 36 pa\u00edses integrantes do \u00f3rg\u00e3o para pleitear o ingresso como \u201cparticipante\u201d ao comit\u00ea ambiental, processo iniciado h\u00e1 dois anos.<\/p>\n<p>O status de participante sup\u00f5e envolvimento ativo dentro do \u00f3rg\u00e3o nas discuss\u00f5es sobre o tema e \u00e9 o \u00faltimo est\u00e1gio antes do acesso pleno a este colegiado.<\/p>\n<p>Ap\u00f3s a apresenta\u00e7\u00e3o, segundo relatos de dois participantes da reuni\u00e3o, Salles foi convidado a deixar a sala para que as delega\u00e7\u00f5es pudessem deliberar. Quando voltou, foi informado de que os representantes precisariam de mais tempo para analisar a candidatura do Brasil.<\/p>\n<p>Dentro da sala, a Fran\u00e7a disse n\u00e3o se sentir confort\u00e1vel com a entrada do Brasil num momento em que h\u00e1 crescimento do desmatamento na Amaz\u00f4nia.<\/p>\n<p>Como as decis\u00f5es devem ser por consenso, o Brasil acabou barrado e foi marcada nova rodada de discuss\u00e3o em abril de 2020, segundo uma autoridade brasileira com conhecimento direto do assunto.<\/p>\n<p>Uma das pessoas que estava na reuni\u00e3o afirmou que o pedido do Brasil n\u00e3o era convincente neste momento, o que levou a diretoria a concordar em retomar as discuss\u00f5es no pr\u00f3ximo ano.<\/p>\n<p>\u201cA decis\u00e3o de postergar a considera\u00e7\u00e3o de nosso pleito deveu-se ao veto de um \u00fanico pa\u00eds: a Fran\u00e7a\u201d, afirmou o Minist\u00e9rio das Rela\u00e7\u00f5es Exteriores, por meio de nota.<\/p>\n<p>\u201cA decis\u00e3o de impedir o aprofundamento das rela\u00e7\u00f5es do Brasil com a OCDE em nada contribui para a causa ambiental mundial. Muito pelo contr\u00e1rio. Deduz-se que o veto franc\u00eas teve motiva\u00e7\u00f5es essencialmente pol\u00edticas, a despeito das plenas condi\u00e7\u00f5es t\u00e9cnicas do Brasil na \u00e1rea ambiental, demonstradas pelo Ministro Ricardo Salles e amplamente reconhecidas pelos pa\u00edses presentes\u201d, conclui o MRE.<\/p>\n<p>O Minist\u00e9rio das Rela\u00e7\u00f5es Exteriores da Fran\u00e7a foi procurado pela reportagem mas n\u00e3o respondeu a reiterados pedidos de coment\u00e1rio.<\/p>\n<p>Em comunicado, um porta-voz da OCDE disse que o Comit\u00ea de Pol\u00edtica Ambiental \u201cest\u00e1 examinando uma solicita\u00e7\u00e3o do Brasil para se tornar um participante do comit\u00ea e aderir a certos instrumentos da OCDE no campo do meio ambiente, e continuar\u00e1 a se envolver com o Brasil nisso nos pr\u00f3ximos semanas e meses\u201d.<\/p>\n<div class=\"widget-news widget-box no-margin no-border\"><span class=\"widget-news-title content-box-title\">Veja tamb\u00e9m<\/span><\/p>\n<ul class=\"widget-news-list\">\n<li class=\"widget-news-item without-thumb with-border\">\n<div class=\"widget-news-info\"><a href=\"http:\/\/exame.abril.com.br\/brasil\">BRASIL<\/a><span class=\"widget-news-item-title\"><a href=\"https:\/\/exame.abril.com.br\/brasil\/nos-eua-araujo-critica-climatismo-e-diz-que-justica-social-e-stalinista\/\">Nos EUA, Ara\u00fajo critica &#8220;climatismo&#8221; e diz que justi\u00e7a social \u00e9 stalinista<\/a><\/span><span class=\"widget-news-item-date\">12 set 2019 &#8211; 10h09<\/span><\/div>\n<\/li>\n<li class=\"widget-news-item without-thumb with-border\">\n<div class=\"widget-news-info\"><a href=\"http:\/\/exame.abril.com.br\/brasil\">BRASIL<\/a><span class=\"widget-news-item-title\"><a href=\"https:\/\/exame.abril.com.br\/brasil\/paulo-guedes-pede-desculpas-por-dizer-que-brigitte-macron-e-feia-mesmo\/\">Paulo Guedes pede desculpas por dizer que Brigitte Macron &#8220;\u00e9 feia mesmo&#8221;<\/a><\/span><span class=\"widget-news-item-date\">6 set 2019 &#8211; 07h09<\/span><\/div>\n<\/li>\n<\/ul>\n<\/div>\n<p>Desde 2017, o Brasil busca preencher uma s\u00e9rie de requisitos para acessar a OCDE, em busca do status que a entidade garante junto a grandes investidores.<\/p>\n<p>Embora o processo de afilia\u00e7\u00e3o plena ao \u00f3rg\u00e3o e a tentativa frustrada de ingressar ao comit\u00ea do clima sigam caminhos paralelos, consolidou-se um clima ruim entre Brasil e Fran\u00e7a com potencial de atrapalhar o processo de acesso brasileiro \u00e0 OCDE, disse uma alta fonte do governo Bolsonaro a par das negocia\u00e7\u00f5es.<\/p>\n<p>O veto marca a mais recente crise nas rela\u00e7\u00f5es entre o Brasil e o pa\u00eds europeu sobre as pol\u00edticas ambientais do presidente Jair Bolsonaro. Emmanuel Macron amea\u00e7ou cancelar o acordo comercial entre Mercosul e Uni\u00e3o Europeia firmado em julho passado ap\u00f3s imagens das queimadas na Amaz\u00f4nia rodarem o mundo.<\/p>\n<p>Macron alegou que Bolsonaro mentiu a ele durante reuni\u00e3o bilateral no G-7 sobre os compromissos do Brasil com as mudan\u00e7as clim\u00e1ticas.<\/p>\n<p>Bolsonaro reagiu dizendo que Macron enfrenta dificuldades pol\u00edticas na Fran\u00e7a e que tenta violar a soberania brasileira. A briga se tornou pessoal quando Bolsonaro retweetou cr\u00edticas de um apoiador \u00e0 apar\u00eancia da primeira-dama francesa, Brigitte Macron.<\/p>\n<p><br \/>\n<br \/><a href=\"https:\/\/exame.abril.com.br\/brasil\/brasil-acusa-franca-de-barrar-acesso-a-comite-de-clima-da-ocde\/\">Fonte do artigo <\/a><br \/>\nTags:<br \/>\n#politica #political #negocios #business #marketingdigital #empreendedorismo #marketing #emprendedores #empreender #sucesso #empresas #emprendimiento #emprendedor #empreendedor #emprender #dinheiro #dinero #empresario #vendas #liderazgo #motivacion #foco #motivacao #negocio #brasil<\/p>\n","protected":false},"excerpt":{"rendered":"<p>O governo brasileiro acusa a Fran\u00e7a de bloquear sua entrada no comit\u00ea do clima da Organiza\u00e7\u00e3o Para a Coopera\u00e7\u00e3o e Desenvolvimento Econ\u00f4mico (OCDE), semanas depois dos presidentes Jair Bolsonaro e Emmanuel Macron trocaram ofensas publicamente em meio aos inc\u00eandios na Amaz\u00f4nia. No m\u00eas passado, o ministro Ricardo Salles (Meio Ambiente) esteve na sede da OCDE, [&hellip;]<\/p>\n","protected":false},"author":1,"featured_media":27110,"comment_status":"open","ping_status":"open","sticky":false,"template":"","format":"standard","meta":{"footnotes":""},"categories":[1],"tags":[],"class_list":["post-33127","post","type-post","status-publish","format-standard","has-post-thumbnail","hentry","category-curso-de-copy"],"_links":{"self":[{"href":"https:\/\/wiy.com.br\/noticias\/wp-json\/wp\/v2\/posts\/33127","targetHints":{"allow":["GET"]}}],"collection":[{"href":"https:\/\/wiy.com.br\/noticias\/wp-json\/wp\/v2\/posts"}],"about":[{"href":"https:\/\/wiy.com.br\/noticias\/wp-json\/wp\/v2\/types\/post"}],"author":[{"embeddable":true,"href":"https:\/\/wiy.com.br\/noticias\/wp-json\/wp\/v2\/users\/1"}],"replies":[{"embeddable":true,"href":"https:\/\/wiy.com.br\/noticias\/wp-json\/wp\/v2\/comments?post=33127"}],"version-history":[{"count":0,"href":"https:\/\/wiy.com.br\/noticias\/wp-json\/wp\/v2\/posts\/33127\/revisions"}],"wp:featuredmedia":[{"embeddable":true,"href":"https:\/\/wiy.com.br\/noticias\/wp-json\/wp\/v2\/media\/27110"}],"wp:attachment":[{"href":"https:\/\/wiy.com.br\/noticias\/wp-json\/wp\/v2\/media?parent=33127"}],"wp:term":[{"taxonomy":"category","embeddable":true,"href":"https:\/\/wiy.com.br\/noticias\/wp-json\/wp\/v2\/categories?post=33127"},{"taxonomy":"post_tag","embeddable":true,"href":"https:\/\/wiy.com.br\/noticias\/wp-json\/wp\/v2\/tags?post=33127"}],"curies":[{"name":"wp","href":"https:\/\/api.w.org\/{rel}","templated":true}]}}