{"id":33020,"date":"2023-02-26T15:16:34","date_gmt":"2023-02-26T18:16:34","guid":{"rendered":"https:\/\/wiy.com.br\/noticias\/brasil-recebe-evento-do-mercosul-nesta-semana-no-rio\/"},"modified":"2019-10-07T18:48:11","modified_gmt":"2019-10-07T21:48:11","slug":"brasil-recebe-evento-do-mercosul-nesta-semana-no-rio","status":"publish","type":"post","link":"https:\/\/wiy.com.br\/noticias\/brasil-recebe-evento-do-mercosul-nesta-semana-no-rio\/","title":{"rendered":"Brasil recebe evento do Mercosul nesta semana, no Rio"},"content":{"rendered":"<p> <br \/>\n<\/p>\n<div id=\"post-3238132\">\n<header class=\"article-header\">\n<div class=\"blog-author-single\">\n<div class=\"author-content\">\n<div class=\"img-top-blog chapeu\">\n<div>\n          <a href=\"https:\/\/veja.abril.com.br\/blog\/radar\/ \"><br \/>\n            <img title = \"[Tags]\"alt = \"robson-bonin-120 Brasil recebe evento do Mercosul nesta semana, no Rio\"decoding=\"async\" class=\"author-image\" src=\"https:\/\/abrilveja.files.wordpress.com\/2019\/07\/robson-bonin-120.png?w=120\"\/><\/a>\n        <\/div>\n<\/p><\/div>\n<\/div><\/div>\n<h2 class=\"article-subtitle\">2\u00aa Confer\u00eancia de Com\u00e9rcio Internacional e Servi\u00e7os do Mercosul vai ocorrer na sede da Confedera\u00e7\u00e3o Nacional do Com\u00e9rcio<\/h2>\n<div class=\"article-author\">\n<p>\n      <i class=\"material-icons\">access_time<\/i><br \/>\n      <span><br \/>\n        7 out 2019, 18h28      <\/span>\n    <\/p>\n<\/p><\/div>\n<\/header>\n<section class=\"share\"><a href=\"whatsapp:\/\/send?text=Brasil recebe evento do Mercosul nesta semana, no Rio https:\/\/veja.abril.com.br\/blog\/radar\/brasil-recebe-evento-do-mercosul-nesta-semana-no-rio\/?utm_source=whatsapp&amp;utm_medium=social&amp;utm_campaign=barra-compartilhamento VEJA.com\" data-action=\"share\/whatsapp\/share\" class=\"whatsapp  hidden-md hidden-lg\"><i class=\"icon-whatsapp\"\/><\/a><\/p>\n<p>      <a href=\"mailto:?subject=Brasil recebe evento do Mercosul nesta semana, no Rio&amp;body=Brasil recebe evento do Mercosul nesta semana, no Rio https:\/\/veja.abril.com.br\/blog\/radar\/brasil-recebe-evento-do-mercosul-nesta-semana-no-rio\/?utm_source=email&amp;utm_medium=email&amp;utm_campaign=barra-compartilhamento via VEJA.com\" class=\"\"><i class=\"icon-envelope-o\"\/><\/a><\/p>\n<p>      <a href=\"https:\/\/facebook.com\/sharer\/sharer.php?u=https:\/\/veja.abril.com.br\/blog\/radar\/brasil-recebe-evento-do-mercosul-nesta-semana-no-rio\/\" target=\"_blank\" class=\"\" rel=\"noopener noreferrer\"><i class=\"icon-facebook\"\/><\/a><\/p>\n<p>      <a href=\"https:\/\/twitter.com\/intent\/tweet?url=https%3A%2F%2Fveja.abril.com.br%2Fblog%2Fradar%2Fbrasil-recebe-evento-do-mercosul-nesta-semana-no-rio%2F&amp;text=Brasil recebe evento do Mercosul nesta semana, no Rio&amp;via=VEJA\" target=\"_blank\" class=\"\" rel=\"noopener noreferrer\"><i class=\"icon-twitter\"\/><\/a><\/p>\n<p>      <a href=\"https:\/\/www.linkedin.com\/shareArticle?mini=true&amp;url=https%3A%2F%2Fveja.abril.com.br%2Fblog%2Fradar%2Fbrasil-recebe-evento-do-mercosul-nesta-semana-no-rio%2F&amp;summary=&amp;source=LinkedIn\" target=\"_blank\" class=\" hidden-sm hidden-xs\" rel=\"noopener noreferrer\"><i class=\"icon-linkedin\"\/><\/a><\/p>\n<p>      <a href=\"fb-messenger:\/\/share\/?link=https:\/\/veja.abril.com.br\/blog\/radar\/brasil-recebe-evento-do-mercosul-nesta-semana-no-rio\/&amp;app_id=\" class=\"whatsapp  hidden-sm hidden-xs hidden-md hidden-lg\"><i class=\"icon-Facebook-Messenger\"\/><\/a><\/p>\n<p>      <a href=\"#respond\" class=\" hidden-sm hidden-xs hidden-md hidden-lg\"><i class=\"material-icons\">chat_bubble_outline<\/i><\/a><\/p>\n<p>      <i class=\"material-icons\" onclick=\"toggle(this,'.share','more_horiz','close')\">more_horiz<\/i><br \/>\n\t\t\t\t\t\t<\/section>\n<section class=\"article-content\">\n<div class=\"featured-image\">\n<div class=\"image\">\n\t\t\t\t\t\t\t\t\t\t<img title = \"[Tags]\"data-src=\"https:\/\/abrilveja.files.wordpress.com\/2018\/11\/mercosul.jpg\" class=\"abril-image optimized lazyload\" abril-data-id=\"3238132\"  data- data-pin-nopin=\"true\"alt = \"robson-bonin-120 Brasil recebe evento do Mercosul nesta semana, no Rio\"\/><\/div>\n<p class=\"caption\">Evento no Rio discute com\u00e9rcio internacional e servi\u00e7os do Mercosul\u00a0(Reprodu\u00e7\u00e3o\/Divulga\u00e7\u00e3o)<\/p>\n<\/p><\/div>\n<p>Principal articulador do acordo comercial entre Mercosul e Uni\u00e3o Europeia, o Brasil recebe nesta semana a 2\u00aa Confer\u00eancia de Com\u00e9rcio Internacional e Servi\u00e7os do Mercosul. O evento acontece no sexta, na sede da Confedera\u00e7\u00e3o Nacional do Com\u00e9rcio de Bens, Servi\u00e7os e Turismo, no Rio de Janeiro.<\/p>\n<p>Negociadores do governo brasileiro e membros do corpo diplom\u00e1tico do bloco e das c\u00e2maras de com\u00e9rcio dos pa\u00edses membros e associados estar\u00e3o no evento. Jorge Luis De Fiori, presidente da C\u00e2mara do Com\u00e9rcio da Argentina, \u00e9 um dos confirmados. O \u00f3rg\u00e3o teve participa\u00e7\u00e3o importante na constru\u00e7\u00e3o do acordo comercial automotivo entre Brasil e Argentina, assinado na \u00faltima semana.<\/p>\n<\/section><\/div>\n<p><script async src=\"http:\/\/platform.twitter.com\/widgets.js\" charset=\"utf-8\"><\/script><br \/>\n<br \/><br \/>\n<br \/><a href=\"https:\/\/veja.abril.com.br\/blog\/radar\/brasil-recebe-evento-do-mercosul-nesta-semana-no-rio\/\">Fonte do Artigo<\/a><br \/>\nTags: <\/p>\n<p><a title=\"IBJE\" href=\"https:\/\/ibge.gov.br\/\">#IBJE<\/a> <a title=\"FGV\" href=\"https:\/\/portal.fgv.br\/\">#FGV<\/a> <a title=\"LOTOFACIL\" href=\"http:\/\/loterias.caixa.gov.br\/wps\/portal\/loterias\/landing\/lotofacil\/\">#LOTOFACIL<\/a> <a title=\"TINDER\" href=\"https:\/\/tinder.com\/?lang=pt-BR\">#TINDER<\/a> <a title=\"GMAILGOOGLE\" href=\"https:\/\/mail.google.com\">#GMAILGOOGLE<\/a> <a title=\"TIKTOK\" href=\"https:\/\/www.tiktok.com\/pt_BR\/\">#TIKTOK<\/a><\/p>\n","protected":false},"excerpt":{"rendered":"<p>2\u00aa Confer\u00eancia de Com\u00e9rcio Internacional e Servi\u00e7os do Mercosul vai ocorrer na sede da Confedera\u00e7\u00e3o Nacional do Com\u00e9rcio access_time 7 out 2019, 18h28 chat_bubble_outline more_horiz Evento no Rio discute com\u00e9rcio internacional e servi\u00e7os do Mercosul\u00a0(Reprodu\u00e7\u00e3o\/Divulga\u00e7\u00e3o) Principal articulador do acordo comercial entre Mercosul e Uni\u00e3o Europeia, o Brasil recebe nesta semana a 2\u00aa Confer\u00eancia de Com\u00e9rcio [&hellip;]<\/p>\n","protected":false},"author":1,"featured_media":33021,"comment_status":"open","ping_status":"open","sticky":false,"template":"","format":"standard","meta":{"footnotes":""},"categories":[7],"tags":[],"class_list":["post-33020","post","type-post","status-publish","format-standard","has-post-thumbnail","hentry","category-economia"],"_links":{"self":[{"href":"https:\/\/wiy.com.br\/noticias\/wp-json\/wp\/v2\/posts\/33020","targetHints":{"allow":["GET"]}}],"collection":[{"href":"https:\/\/wiy.com.br\/noticias\/wp-json\/wp\/v2\/posts"}],"about":[{"href":"https:\/\/wiy.com.br\/noticias\/wp-json\/wp\/v2\/types\/post"}],"author":[{"embeddable":true,"href":"https:\/\/wiy.com.br\/noticias\/wp-json\/wp\/v2\/users\/1"}],"replies":[{"embeddable":true,"href":"https:\/\/wiy.com.br\/noticias\/wp-json\/wp\/v2\/comments?post=33020"}],"version-history":[{"count":0,"href":"https:\/\/wiy.com.br\/noticias\/wp-json\/wp\/v2\/posts\/33020\/revisions"}],"wp:featuredmedia":[{"embeddable":true,"href":"https:\/\/wiy.com.br\/noticias\/wp-json\/wp\/v2\/media\/33021"}],"wp:attachment":[{"href":"https:\/\/wiy.com.br\/noticias\/wp-json\/wp\/v2\/media?parent=33020"}],"wp:term":[{"taxonomy":"category","embeddable":true,"href":"https:\/\/wiy.com.br\/noticias\/wp-json\/wp\/v2\/categories?post=33020"},{"taxonomy":"post_tag","embeddable":true,"href":"https:\/\/wiy.com.br\/noticias\/wp-json\/wp\/v2\/tags?post=33020"}],"curies":[{"name":"wp","href":"https:\/\/api.w.org\/{rel}","templated":true}]}}