{"id":32917,"date":"2023-02-26T14:52:52","date_gmt":"2023-02-26T17:52:52","guid":{"rendered":"https:\/\/wiy.com.br\/noticias\/decreto-de-bolsonaro-abre-caminho-para-privatizacao-da-ceagesp\/"},"modified":"2019-10-07T03:34:22","modified_gmt":"2019-10-07T06:34:22","slug":"decreto-de-bolsonaro-abre-caminho-para-privatizacao-da-ceagesp","status":"publish","type":"post","link":"https:\/\/wiy.com.br\/noticias\/decreto-de-bolsonaro-abre-caminho-para-privatizacao-da-ceagesp\/","title":{"rendered":"Decreto de Bolsonaro abre caminho para privatiza\u00e7\u00e3o da Ceagesp"},"content":{"rendered":"<p> <br \/>\n<\/p>\n<div id=\"\">\n<h2 class=\"article-subtitle\">Com terceiro maior centro de distribui\u00e7\u00e3o de alimentos do mundo, estatal \u00e9 inclu\u00edda no Programa Nacional de Desestatiza\u00e7\u00e3o ap\u00f3s anos de preju\u00edzos<\/h2>\n<div class=\"article-author\">\n<p>Por <span>Diego Freire<\/span><\/p>\n<p>\n      <i class=\"material-icons\">access_time<\/i><br \/>\n      <span><br \/>\n        7 out 2019, 03h30 &#8211; Publicado em 7 out 2019, 03h20      <\/span>\n    <\/p>\n<\/p><\/div>\n<\/p><\/div>\n<div id=\"\">\n<div class=\"featured-image\">\n<div class=\"image\">\n\t\t\t\t\t\t\t\t\t\t<img title = \"[Tags]\"data-src=\"https:\/\/abrilveja.files.wordpress.com\/2019\/10\/61569482_1102622959946823_6677579779023044608_n.jpg\" class=\"abril-image optimized lazyload\" abril-data-id=\"3237557\"  data- data-pin-nopin=\"true\"alt = \"61569482_1102622959946823_6677579779023044608_n Decreto de Bolsonaro abre caminho para privatiza\u00e7\u00e3o da Ceagesp\"\/><\/div>\n<p class=\"caption\">Entreposto de S\u00e3o Paulo da Ceagesp\u00a0(Ceagesp\/Divulga\u00e7\u00e3o)<\/p>\n<\/p><\/div>\n<p>Em decreto publicado no <em>Di\u00e1rio Oficial da Uni\u00e3o (DOU)<\/em> desta segunda-feira 7, o presidente<strong><a href=\"https:\/\/veja.abril.com.br\/noticias-sobre\/jair-bolsonaro\/\"> Jair Bolsonaro<\/a><\/strong> incluiu a <strong><a href=\"https:\/\/veja.abril.com.br\/noticias-sobre\/ceagesp\/\">Companhia de Entrepostos e Armaz\u00e9ns Gerais de S\u00e3o Paulo (Ceagesp)<\/a><\/strong><a href=\"https:\/\/veja.abril.com.br\/noticias-sobre\/ceagesp\/\"\/>, que atua no ramo de distribui\u00e7\u00e3o de alimentos, no Programa Nacional de Desestatiza\u00e7\u00e3o (PND). Estatal vinculada ao <strong><a href=\"https:\/\/veja.abril.com.br\/noticias-sobre\/ministerio-da-agricultura\/\">Minist\u00e9rio da Agricultura<\/a><\/strong>, a companhia teve sua desestatiza\u00e7\u00e3o recomendada em setembro pelo Conselho do<span> Programa de Parcerias de Investimentos (PPI), secretaria vinculada ao governo federal que promove estudos sobre privatiza\u00e7\u00f5es.\u00a0\u00a0<\/span><\/p>\n<p><span>Carca de 30% de tudo que \u00e9 comercializado nas centrais de abastecimento do Brasil passa pela Ceagesp, segundo dados<\/span> divulgados em maio, na ocasi\u00e3o em que a empresa completou 50 anos de atua\u00e7\u00e3o. Na Grande S\u00e3o Paulo, onde est\u00e1 sediada, a companhia est\u00e1 envolvida na distribui\u00e7\u00e3o de <span>60% de tudo que \u00e9 consumido em hort\u00edcolas e pescados.<\/span><\/p>\n<p>De acordo com o PPI, a Ceagesp \u201cn\u00e3o tem logrado \u00eaxito econ\u00f4mico e financeiro em suas opera\u00e7\u00f5es, tendo compensado seus preju\u00edzos com receitas financeiras da aliena\u00e7\u00e3o de ativos, o que acende um alerta para a possibilidade de que a empresa venha a necessitar de recursos oriundos do Or\u00e7amento Geral da Uni\u00e3o\u201d. O \u00f3rg\u00e3o informa que a companhia apresentou preju\u00edzos nos \u00faltimos tr\u00eas anos \u2013 <span>15 milh\u00f5es de reais em 2016, 17,5 milh\u00f5es de reais em 2017 e 9 milh\u00f5es de reais em 2018.<\/span><\/p>\n<p>Desde 1997, quando foi transferida do Estado de S\u00e3o Paulo para a Uni\u00e3o como forma de amortiza\u00e7\u00e3o de d\u00edvida, a Ceagesp \u00e9 uma empresa p\u00fablica federal, sob a forma de sociedade an\u00f4nima, que tem como compromisso estatut\u00e1rio executar a pol\u00edtica de abastecimento alimentar no pa\u00eds. Atualmente, a Uni\u00e3o det\u00e9m 99,68% da composi\u00e7\u00e3o societ\u00e1ria da empresa e n\u00e3o est\u00e1 definida a porcentagem que seria aberta para aquisi\u00e7\u00e3o da iniciativa privada.<\/p>\n<p>Os produtos comercializados pela estatal prov\u00eam de 1.436 munic\u00edpios, de 23 Estados brasileiros e de outros 24 pa\u00edses. Sua estrutura atualmente \u00e9 composta por 35 armaz\u00e9ns e 13 entrepostos no Estado de S\u00e3o Paulo \u2013 sendo um deles, o Entreposto Terminal S\u00e3o Paulo, o terceiro maior centro de comercializa\u00e7\u00e3o atacadista de perec\u00edveis do mundo e maior da Am\u00e9rica Latina.<\/p>\n<p>Com mais de <span>700 mil m\u00b2, o centro de distribui\u00e7\u00e3o paulistano recebe diariamente cerca de 12 mil ve\u00edculos e mais de 50 mil pessoas \u2013 somando consumidores e comerciantes -, movimentando aproximadamente<\/span><span>\u00a03 milh\u00f5es de toneladas de produtos por ano, incluindo\u00a0frutas, legumes, verduras, pescados e flores.<\/span><span\/><\/p>\n<p>O decreto deixa a cargo do <strong><a href=\"https:\/\/veja.abril.com.br\/noticias-sobre\/bndes\/\">Banco Nacional de Desenvolvimento Econ\u00f4mico e Social (BNDES)<\/a><\/strong> a execu\u00e7\u00e3o e o acompanhamento dos atos necess\u00e1rios \u00e0 desestatiza\u00e7\u00e3o da companhia.<\/p>\n<\/p><\/div>\n<p><br \/>\n<br \/><a href=\"https:\/\/veja.abril.com.br\/economia\/decreto-de-bolsonaro-abre-caminho-para-privatizacao-da-ceagesp\/\">Fonte do Artigo<\/a><br \/>\nTags: <\/p>\n<p><a title=\"IBJE\" href=\"https:\/\/ibge.gov.br\/\">#IBJE<\/a> <a title=\"FGV\" href=\"https:\/\/portal.fgv.br\/\">#FGV<\/a> <a title=\"LOTOFACIL\" href=\"http:\/\/loterias.caixa.gov.br\/wps\/portal\/loterias\/landing\/lotofacil\/\">#LOTOFACIL<\/a> <a title=\"TINDER\" href=\"https:\/\/tinder.com\/?lang=pt-BR\">#TINDER<\/a> <a title=\"GMAILGOOGLE\" href=\"https:\/\/mail.google.com\">#GMAILGOOGLE<\/a> <a title=\"TIKTOK\" href=\"https:\/\/www.tiktok.com\/pt_BR\/\">#TIKTOK<\/a><\/p>\n","protected":false},"excerpt":{"rendered":"<p>Com terceiro maior centro de distribui\u00e7\u00e3o de alimentos do mundo, estatal \u00e9 inclu\u00edda no Programa Nacional de Desestatiza\u00e7\u00e3o ap\u00f3s anos de preju\u00edzos Por Diego Freire access_time 7 out 2019, 03h30 &#8211; Publicado em 7 out 2019, 03h20 Entreposto de S\u00e3o Paulo da Ceagesp\u00a0(Ceagesp\/Divulga\u00e7\u00e3o) Em decreto publicado no Di\u00e1rio Oficial da Uni\u00e3o (DOU) desta segunda-feira 7, [&hellip;]<\/p>\n","protected":false},"author":1,"featured_media":32918,"comment_status":"open","ping_status":"open","sticky":false,"template":"","format":"standard","meta":{"footnotes":""},"categories":[7],"tags":[],"class_list":["post-32917","post","type-post","status-publish","format-standard","has-post-thumbnail","hentry","category-economia"],"_links":{"self":[{"href":"https:\/\/wiy.com.br\/noticias\/wp-json\/wp\/v2\/posts\/32917","targetHints":{"allow":["GET"]}}],"collection":[{"href":"https:\/\/wiy.com.br\/noticias\/wp-json\/wp\/v2\/posts"}],"about":[{"href":"https:\/\/wiy.com.br\/noticias\/wp-json\/wp\/v2\/types\/post"}],"author":[{"embeddable":true,"href":"https:\/\/wiy.com.br\/noticias\/wp-json\/wp\/v2\/users\/1"}],"replies":[{"embeddable":true,"href":"https:\/\/wiy.com.br\/noticias\/wp-json\/wp\/v2\/comments?post=32917"}],"version-history":[{"count":0,"href":"https:\/\/wiy.com.br\/noticias\/wp-json\/wp\/v2\/posts\/32917\/revisions"}],"wp:featuredmedia":[{"embeddable":true,"href":"https:\/\/wiy.com.br\/noticias\/wp-json\/wp\/v2\/media\/32918"}],"wp:attachment":[{"href":"https:\/\/wiy.com.br\/noticias\/wp-json\/wp\/v2\/media?parent=32917"}],"wp:term":[{"taxonomy":"category","embeddable":true,"href":"https:\/\/wiy.com.br\/noticias\/wp-json\/wp\/v2\/categories?post=32917"},{"taxonomy":"post_tag","embeddable":true,"href":"https:\/\/wiy.com.br\/noticias\/wp-json\/wp\/v2\/tags?post=32917"}],"curies":[{"name":"wp","href":"https:\/\/api.w.org\/{rel}","templated":true}]}}