{"id":32641,"date":"2023-02-26T15:34:14","date_gmt":"2023-02-26T18:34:14","guid":{"rendered":"https:\/\/wiy.com.br\/noticias\/eleicoes-para-conselho-tutelar-acontecem-neste-domingo-em-todo-o-brasil\/"},"modified":"2019-10-04T10:13:06","modified_gmt":"2019-10-04T13:13:06","slug":"eleicoes-para-conselho-tutelar-acontecem-neste-domingo-em-todo-o-brasil","status":"publish","type":"post","link":"https:\/\/wiy.com.br\/noticias\/eleicoes-para-conselho-tutelar-acontecem-neste-domingo-em-todo-o-brasil\/","title":{"rendered":"Elei\u00e7\u00f5es para Conselho Tutelar acontecem neste domingo em todo o Brasil"},"content":{"rendered":"<p> <br \/>\n<\/p>\n<p>S\u00e3o Paulo \u2014 Cidades de todo o Brasil realizam, neste domingo (06), <strong><a href=\"https:\/\/exame.abril.com.br\/noticias-sobre\/eleicoes\/\">elei\u00e7\u00f5es<\/a><\/strong> para escolher os novos membros dos <strong>Conselhos Tutelares<\/strong> pelos pr\u00f3ximos quatro anos.<\/p>\n<p><span>O \u00f3rg\u00e3o, que \u00e9 vinculado \u00e0s prefeituras dos munic\u00edpios, \u00e9 respons\u00e1vel por zelar pelos direitos da crian\u00e7a e do adolescente. A institui\u00e7\u00e3o foi c<\/span><span>riada em 1990 pelo ECA (Estatuto da Crian\u00e7a e do Adolescente).<\/span><\/p>\n<p>\u00c9 obrigat\u00f3rio ter ao menos um conselho tutelar em cada cidade e cada conselho tem cinco conselheiros.<\/p>\n<p>Cada cidade pode definir, de acordo com a demanda, o seu n\u00famero de conselhos. S\u00e3o Paulo, por exemplo,\u00a0<span>abriga 52 conselhos tutelares com um total de 260 integrantes.<\/span><\/p>\n<p>Cada munic\u00edpio organiza o seu pr\u00f3prio pleito, com regras pr\u00f3prias, mas, em geral, os candidatos precisam ter reconhecida a idoneidade moral, ter mais de 21 anos e residir na cidade que vai atuar.<\/p>\n<p>H\u00e1 prefeituras que aplicam provas de reda\u00e7\u00e3o, portugu\u00eas e matem\u00e1tica, anteriores \u00e0 vota\u00e7\u00e3o, com o objetivo de pr\u00e9-selecionar os candidatos. Outras exigem experi\u00eancia na \u00e1rea de servi\u00e7os sociais, tempo m\u00ednimo de moradia na cidade ou escolaridade m\u00ednima.<\/p>\n<p>J\u00e1 para os interessados em votar, \u00e9 preciso ter mais de 16 anos e estar regularizado com a justi\u00e7a eleitoral. A vota\u00e7\u00e3o, no entanto, \u00e9 facultativa. No domingo, \u00e9 necess\u00e1rio levar o titulo de eleitor e um documento com foto. <span>Cada eleitor pode\u00a0<\/span>votar em cinco candidatos <span>do Conselho Tutelar de sua regi\u00e3o.<\/span><span><\/span><\/p>\n<p>S\u00e3o Paulo<span>\u00a0realiza a elei\u00e7\u00e3o das 8h \u00e0s 17h deste domingo. Haver\u00e1 308 pontos na cidade para o eleitor registrar seu voto. <\/span><\/p>\n<p><span><a href=\"http:\/\/200.144.28.93\/\">Veja aqui os locais<\/a> de vota\u00e7\u00e3o na capital paulista. Para as outras cidades \u00e9 necess\u00e1rio entrar no site das prefeituras.<\/span><\/p>\n<h3>O que faz o conselheiro tutelar<\/h3>\n<p>Segundo <a href=\"http:\/\/www.planalto.gov.br\/ccivil_03\/Leis\/L8069.htm\">determina o ECA<\/a>, um conselheiro tutelar \u00e9 respons\u00e1vel por aplicar medidas de prote\u00e7\u00e3o dos direitos da crian\u00e7a e do adolescente. \u00c9 sua fun\u00e7\u00e3o orientar tamb\u00e9m os pais ou respons\u00e1veis.<\/p>\n<p>Al\u00e9m disso, tamb\u00e9m deve acompanhar casos de den\u00fancia de abuso ou situa\u00e7\u00f5es de risco contra a crian\u00e7a ou o adolescente, como por exemplo, casos de viol\u00eancia f\u00edsica, sexual ou emocional.<\/p>\n<p>No entanto, n\u00e3o \u00e9 de sua al\u00e7ada aplicar medidas judiciais, ou seja, n\u00e3o acompanha dilig\u00eancias policiais, por exemplo. Nesse caso, a fun\u00e7\u00e3o fica com a pol\u00edcia de cada munic\u00edpio.<\/p>\n<p>Para ser um conselheiro, segundo o ECA, \u00e9 necess\u00e1rio que saber manter di\u00e1logo com pais ou respons\u00e1veis legais, comunidade, poder judici\u00e1rio e executivo e, principalmente, com as crian\u00e7as e adolescentes.<\/p>\n<h3>Mobiliza\u00e7\u00e3o<\/h3>\n<p>A elei\u00e7\u00e3o dos conselheiros tutelares tem gerado mobiliza\u00e7\u00e3o nas redes sociais tanto de grupos religiosos quanto de grupos progressistas.<\/p>\n<p>As disputas se intensificaram <a href=\"https:\/\/www.bbc.com\/portuguese\/brasil-49819051\" target=\"_blank\" rel=\"noopener noreferrer\">ap\u00f3s repercuss\u00e3o de reportagem da BBC<\/a>, que revelou que dezenas de igrejas est\u00e3o pleiteando candidatos. Entre elas, h\u00e1 uma disputa entre evang\u00e9licos e cat\u00f3licos pelos cargos.<\/p>\n<p><br \/>\n<br \/><a href=\"https:\/\/exame.abril.com.br\/brasil\/eleicoes-para-conselho-tutelar-acontecem-neste-domingo-em-todo-o-brasil\/\">Fonte do artigo <\/a><br \/>\nTags:<br \/>\n#politica #political #negocios #business #marketingdigital #empreendedorismo #marketing #emprendedores #empreender #sucesso #empresas #emprendimiento #emprendedor #empreendedor #emprender #dinheiro #dinero #empresario #vendas #liderazgo #motivacion #foco #motivacao #negocio #brasil<\/p>\n","protected":false},"excerpt":{"rendered":"<p>S\u00e3o Paulo \u2014 Cidades de todo o Brasil realizam, neste domingo (06), elei\u00e7\u00f5es para escolher os novos membros dos Conselhos Tutelares pelos pr\u00f3ximos quatro anos. O \u00f3rg\u00e3o, que \u00e9 vinculado \u00e0s prefeituras dos munic\u00edpios, \u00e9 respons\u00e1vel por zelar pelos direitos da crian\u00e7a e do adolescente. A institui\u00e7\u00e3o foi criada em 1990 pelo ECA (Estatuto da [&hellip;]<\/p>\n","protected":false},"author":1,"featured_media":32642,"comment_status":"open","ping_status":"open","sticky":false,"template":"","format":"standard","meta":{"footnotes":""},"categories":[1],"tags":[],"class_list":["post-32641","post","type-post","status-publish","format-standard","has-post-thumbnail","hentry","category-curso-de-copy"],"_links":{"self":[{"href":"https:\/\/wiy.com.br\/noticias\/wp-json\/wp\/v2\/posts\/32641","targetHints":{"allow":["GET"]}}],"collection":[{"href":"https:\/\/wiy.com.br\/noticias\/wp-json\/wp\/v2\/posts"}],"about":[{"href":"https:\/\/wiy.com.br\/noticias\/wp-json\/wp\/v2\/types\/post"}],"author":[{"embeddable":true,"href":"https:\/\/wiy.com.br\/noticias\/wp-json\/wp\/v2\/users\/1"}],"replies":[{"embeddable":true,"href":"https:\/\/wiy.com.br\/noticias\/wp-json\/wp\/v2\/comments?post=32641"}],"version-history":[{"count":0,"href":"https:\/\/wiy.com.br\/noticias\/wp-json\/wp\/v2\/posts\/32641\/revisions"}],"wp:featuredmedia":[{"embeddable":true,"href":"https:\/\/wiy.com.br\/noticias\/wp-json\/wp\/v2\/media\/32642"}],"wp:attachment":[{"href":"https:\/\/wiy.com.br\/noticias\/wp-json\/wp\/v2\/media?parent=32641"}],"wp:term":[{"taxonomy":"category","embeddable":true,"href":"https:\/\/wiy.com.br\/noticias\/wp-json\/wp\/v2\/categories?post=32641"},{"taxonomy":"post_tag","embeddable":true,"href":"https:\/\/wiy.com.br\/noticias\/wp-json\/wp\/v2\/tags?post=32641"}],"curies":[{"name":"wp","href":"https:\/\/api.w.org\/{rel}","templated":true}]}}