{"id":32358,"date":"2023-02-26T15:51:15","date_gmt":"2023-02-26T18:51:15","guid":{"rendered":"https:\/\/wiy.com.br\/noticias\/se-existe-combate-a-corrupcao-e-gracas-a-este-stf-diz-toffoli\/"},"modified":"2019-10-02T16:28:12","modified_gmt":"2019-10-02T19:28:12","slug":"se-existe-combate-a-corrupcao-e-gracas-a-este-stf-diz-toffoli","status":"publish","type":"post","link":"https:\/\/wiy.com.br\/noticias\/se-existe-combate-a-corrupcao-e-gracas-a-este-stf-diz-toffoli\/","title":{"rendered":"Se existe combate \u00e0 corrup\u00e7\u00e3o, \u00e9 gra\u00e7as a este STF, diz Toffoli"},"content":{"rendered":"<p> <br \/>\n<\/p>\n<p>O presidente do Supremo Tribunal Federal (STF), <strong><a href=\"https:\/\/exame.abril.com.br\/noticias-sobre\/jose-antonio-dias-toffoli\/\">Dias Toffoli<\/a><\/strong>, afirmou nesta quarta-feira, 2, que a corte defende o combate \u00e0 <strong><a href=\"https:\/\/exame.abril.com.br\/noticias-sobre\/corrupcao\">corrup\u00e7\u00e3o<\/a><\/strong>, mas repudia excessos e tentativa de cria\u00e7\u00e3o de poderes paralelos.<\/p>\n<p>A mensagem foi interpretada como uma resposta do presidente do STF \u00e0s cr\u00edticas de que o julgamento retomado nesta quarta &#8211; sobre prazos diferenciados para r\u00e9us delatores e delatados se manifestarem na reta final dos processos &#8211; representa uma nova derrota imposta pelo tribunal \u00e0 Opera\u00e7\u00e3o Lava Jato.<\/p>\n<p>A tese defendida pela maioria do STF (de que o r\u00e9u delatado tem o direito de se manifestar por \u00faltimo) pode abrir brecha para a anula\u00e7\u00e3o de outras condena\u00e7\u00f5es.<\/p>\n<p>&#8220;Se existe o combate \u00e0 corrup\u00e7\u00e3o, \u00e9 gra\u00e7as a este Supremo Tribunal Federal, que juntamente com o Congresso Nacional e os chefes do Poder Executivo, elaboraram pactos republicanos. Todas as leis que aprimoraram a puni\u00e7\u00e3o \u00e0 lavagem de dinheiro, que permitiram a colabora\u00e7\u00e3o premiada, as leis de transpar\u00eancia, foram previstas nesses pactos. \u00c9 uma fal\u00e1cia dizer que esta Corte atua em sentido contr\u00e1rio&#8221;, afirmou Toffoli.<\/p>\n<p>&#8220;\u00c9 uma desonestidade intelectual. Esta Corte defende o combate \u00e0 corrup\u00e7\u00e3o, mant\u00e9m as decis\u00f5es tomadas dentro dos princ\u00edpios constitucionais das normas legais, mas repudia os abusos e os excessos e tentativas de cria\u00e7\u00e3o de poderes paralelos e institui\u00e7\u00f5es paralelas. Se n\u00e3o fosse este Supremo Tribunal Federal, n\u00e3o haveria combate \u00e0 corrup\u00e7\u00e3o no Brasil&#8221;, frisou o presidente do STF.<\/p>\n<p>O habeas corpus analisado pelo plen\u00e1rio foi do ex-gerente da Petrobras Marcio de Almeida Ferreira. Por 6 a 5, os ministros decidiram anular a sua senten\u00e7a e determinar que o caso seja retomado em primeira inst\u00e2ncia na fase de alega\u00e7\u00f5es finais, por entender que, no caso de Almeida Ferreira, houve preju\u00edzo \u00e0 defesa por ter negado o pedido para se manifestar depois dos delatores.<\/p>\n<p>Agora, Almeida Ferreira ter\u00e1 o direito de se manifestar depois dos delatores investigados no mesmo processo, podendo, assim, rebater as acusa\u00e7\u00f5es. A defesa do ex-gerente da Petrobras acionou o Supremo sob a alega\u00e7\u00e3o de que Ferreira sofreu grave constrangimento ilegal por n\u00e3o poder apresentar as alega\u00e7\u00f5es finais ap\u00f3s a manifesta\u00e7\u00e3o dos r\u00e9us colaboradores.<\/p>\n<p>&#8220;H\u00e1 uma deslealdade processual no caso concreto&#8221;, disse Toffoli, que votou a favor da tese vencedora no julgamento ao enxergar preju\u00edzo na defesa do ex-gerente, por n\u00e3o poder se manifestar por \u00faltimo.<\/p>\n<p>Agora, os ministros discutem a possibilidade de delimitar os efeitos da decis\u00e3o, com a fixa\u00e7\u00e3o de crit\u00e9rios.<\/p>\n<p>A discuss\u00e3o foi levada ao plen\u00e1rio do Supremo depois de a Segunda Turma do STF ter anulado senten\u00e7a imposta ao ex-presidente da Petrobras e do Banco do Brasil Aldemir Bendine. O caso ficou marcado como a primeira senten\u00e7a do ex-juiz e atual ministro da Justi\u00e7a, Sergio Moro, na Lava Jato derrubada pelo STF.<\/p>\n<div class=\"widget-news widget-box no-margin no-border\"><span class=\"widget-news-title content-box-title\">Veja tamb\u00e9m<\/span><\/p>\n<ul class=\"widget-news-list\">\n<li class=\"widget-news-item without-thumb with-border\">\n<div class=\"widget-news-info\"><a href=\"http:\/\/exame.abril.com.br\/brasil\">BRASIL<\/a><span class=\"widget-news-item-title\"><a href=\"https:\/\/exame.abril.com.br\/brasil\/o-labirinto-de-lula-stf-retoma-julgamento-das-alegacoes\/\">AO VIVO: STF aceita recurso que pode anular condena\u00e7\u00f5es na Lava Jato<\/a><\/span><span class=\"widget-news-item-date\">2 out 2019 &#8211; 14h10<\/span><\/div>\n<\/li>\n<\/ul>\n<\/div>\n<h3>Jeitinho<\/h3>\n<p>O julgamento foi retomado nesta quarta-feira, com o voto do ministro Marco Aur\u00e9lio Mello, que recha\u00e7ou o entendimento de que r\u00e9us delatados t\u00eam o direito de falar por \u00faltimo. Essa posi\u00e7\u00e3o, endossada pelos ministros Lu\u00eds Roberto Barroso, Luiz Fux e Edson Fachin (relator da Lava Jato no STF), acabou derrotada no plen\u00e1rio.<\/p>\n<p>&#8220;A sociedade vem aplaudindo o sucesso da denominada Opera\u00e7\u00e3o Lava Jato, e eis que o STF, \u00e0 margem da ordem jur\u00eddica, vem dizer que n\u00e3o foi bem assim, que o sucesso se fez contaminado no que se deixou de dar tratamento preferencial ao delatado na seara das alega\u00e7\u00f5es finais&#8221;, criticou Marco Aur\u00e9lio Mello.<\/p>\n<p>&#8220;A guinada n\u00e3o inspira confian\u00e7a, ao contr\u00e1rio, gera o descr\u00e9dito, sendo a Hist\u00f3ria impiedosa. Passa a transparecer a ideia de um movimento para dar o dito pelo n\u00e3o dito, em termos de responsabilidade penal, com o famoso jeitinho brasileiro e o que \u00e9 pior, em benef\u00edcio dos chamados tubar\u00f5es da Rep\u00fablica. Paga-se um pre\u00e7o por se viver num Estado democr\u00e1tico de direito &#8211; e \u00e9 m\u00f3dico. Fora da lei n\u00e3o h\u00e1 salva\u00e7\u00e3o.&#8221;<\/p>\n<p>O entendimento firmado pelo STF pode afetar processos de Lula como o do s\u00edtio de Atibaia, mas n\u00e3o a condena\u00e7\u00e3o imposta por corrup\u00e7\u00e3o passiva e lavagem de dinheiro na a\u00e7\u00e3o do triplex do Guaruj\u00e1. Motivo: neste caso, n\u00e3o havia r\u00e9us com acordo de colabora\u00e7\u00e3o premiada homologado pela Justi\u00e7a na \u00e9poca da condena\u00e7\u00e3o em primeira inst\u00e2ncia.<\/p>\n<p><br \/>\n<br \/><a href=\"https:\/\/exame.abril.com.br\/brasil\/toffoli-diz-que-stf-defende-combate-a-corrupcao-mas-repudia-excessos\/\">Fonte do artigo <\/a><br \/>\nTags:<br \/>\n#politica #political #negocios #business #marketingdigital #empreendedorismo #marketing #emprendedores #empreender #sucesso #empresas #emprendimiento #emprendedor #empreendedor #emprender #dinheiro #dinero #empresario #vendas #liderazgo #motivacion #foco #motivacao #negocio #brasil<\/p>\n","protected":false},"excerpt":{"rendered":"<p>O presidente do Supremo Tribunal Federal (STF), Dias Toffoli, afirmou nesta quarta-feira, 2, que a corte defende o combate \u00e0 corrup\u00e7\u00e3o, mas repudia excessos e tentativa de cria\u00e7\u00e3o de poderes paralelos. A mensagem foi interpretada como uma resposta do presidente do STF \u00e0s cr\u00edticas de que o julgamento retomado nesta quarta &#8211; sobre prazos diferenciados [&hellip;]<\/p>\n","protected":false},"author":1,"featured_media":29744,"comment_status":"open","ping_status":"open","sticky":false,"template":"","format":"standard","meta":{"footnotes":""},"categories":[1],"tags":[],"class_list":["post-32358","post","type-post","status-publish","format-standard","has-post-thumbnail","hentry","category-curso-de-copy"],"_links":{"self":[{"href":"https:\/\/wiy.com.br\/noticias\/wp-json\/wp\/v2\/posts\/32358","targetHints":{"allow":["GET"]}}],"collection":[{"href":"https:\/\/wiy.com.br\/noticias\/wp-json\/wp\/v2\/posts"}],"about":[{"href":"https:\/\/wiy.com.br\/noticias\/wp-json\/wp\/v2\/types\/post"}],"author":[{"embeddable":true,"href":"https:\/\/wiy.com.br\/noticias\/wp-json\/wp\/v2\/users\/1"}],"replies":[{"embeddable":true,"href":"https:\/\/wiy.com.br\/noticias\/wp-json\/wp\/v2\/comments?post=32358"}],"version-history":[{"count":0,"href":"https:\/\/wiy.com.br\/noticias\/wp-json\/wp\/v2\/posts\/32358\/revisions"}],"wp:featuredmedia":[{"embeddable":true,"href":"https:\/\/wiy.com.br\/noticias\/wp-json\/wp\/v2\/media\/29744"}],"wp:attachment":[{"href":"https:\/\/wiy.com.br\/noticias\/wp-json\/wp\/v2\/media?parent=32358"}],"wp:term":[{"taxonomy":"category","embeddable":true,"href":"https:\/\/wiy.com.br\/noticias\/wp-json\/wp\/v2\/categories?post=32358"},{"taxonomy":"post_tag","embeddable":true,"href":"https:\/\/wiy.com.br\/noticias\/wp-json\/wp\/v2\/tags?post=32358"}],"curies":[{"name":"wp","href":"https:\/\/api.w.org\/{rel}","templated":true}]}}