{"id":32339,"date":"2023-02-26T15:23:07","date_gmt":"2023-02-26T18:23:07","guid":{"rendered":"https:\/\/wiy.com.br\/noticias\/arezzoco-assina-acordo-e-sera-distribuidora-da-marca-vans-no-brasil\/"},"modified":"2019-10-02T14:42:16","modified_gmt":"2019-10-02T17:42:16","slug":"arezzoco-assina-acordo-e-sera-distribuidora-da-marca-vans-no-brasil","status":"publish","type":"post","link":"https:\/\/wiy.com.br\/noticias\/arezzoco-assina-acordo-e-sera-distribuidora-da-marca-vans-no-brasil\/","title":{"rendered":"Arezzo&#038;Co assina acordo e ser\u00e1 distribuidora da marca Vans no Brasil"},"content":{"rendered":"<p> <br \/>\n<\/p>\n<div id=\"\">\n<h2 class=\"article-subtitle\">Empresa assume a opera\u00e7\u00e3o da marca streetwear jovem, que era feita diretamente pela americana VF Corporation; plano \u00e9 expandir pontos de venda <\/h2>\n<p>Por <span>Larissa Quintino<\/span><\/p>\n<p>\n\t\t\t\t\t\t\t\t<i class=\"material-icons\">access_time<\/i><br \/>\n\t\t\t\t\t\t\t\t<span><br \/>\n\t\t\t\t\t\t\t\t\t2 out 2019, 12h38 &#8211; Publicado em 2 out 2019, 11h49\t\t\t\t\t\t\t\t<\/span>\n\t\t\t\t\t\t\t<\/p>\n<\/p><\/div>\n<div id=\"\">\n<div class=\"featured-image\">\n<div class=\"image\">\n\t\t\t\t\t\t\t\t\t\t<img decoding=\"async\" src=\"https:\/\/abrilveja.files.wordpress.com\/2019\/08\/gettyimages-1029479556.jpg\" class=\"abril-image optimized lazyload\" abril-data-id=\"3231633\"  alt = \"gettyimages-1029479556 Arezzo&amp;Co assina acordo e ser\u00e1 distribuidora da marca Vans no Brasil\"title = \"[Tags]\"\/><\/div>\n<p class=\"caption\">Vendas da Vans ser\u00e3o feitas pela Arezzo&amp;Co\u00a0(Gary Hershorn\/Getty Images)<\/p>\n<\/p><\/div>\n<p style=\"font-weight:400;text-align:left;\">A <strong>Arezzo&amp;Co<\/strong> anunciou nesta quarta-feira, 2, um contrato para licenciamento e distribui\u00e7\u00e3o de produtos <strong>Vans<\/strong> no Brasil. \u00c9 a primeira vez que a companhia comercializa uma marca que n\u00e3o foi criada por ela. A Arezzo&amp;Co \u00e9 dona das marcas de <strong>cal\u00e7ados<\/strong> Arezzo, Schultz, e AnaCapri, voltadas para o mercado feminino.<\/p>\n<p style=\"font-weight:400;text-align:left;\">A companhia assinou contrato com a norte-americana VF Corporation e passa a ser respons\u00e1vel pela gest\u00e3o de fornecedores, log\u00edstica, distribui\u00e7\u00e3o, <em>franchising<\/em>, <em>e-commerce<\/em> e expans\u00e3o de lojas da Vans no pa\u00eds. O contrato \u00e9 v\u00e1lido por cinco anos, com possibilidade de extens\u00e3o por mais dois. Segundo a Arezzo, a empresa investir\u00e1 50 milh\u00f5es de reais na aquisi\u00e7\u00e3o de estoques de produtos (em centros de distribui\u00e7\u00f5es e em tr\u00e2nsito) e de quatro outlets pr\u00f3prios da Vans, localizados em S\u00e3o Paulo, Rio de Janeiro e Bras\u00edlia.<\/p>\n<p style=\"font-weight:400;text-align:left;\">\u201cA parceria com a VF \u00e9 um passo decisivo para aprofundarmos nossa estrat\u00e9gia de transforma\u00e7\u00e3o da companhia em uma plataforma de gest\u00e3o de marcas\u201d, diz Alexandre Birman, CEO da Arezzo&amp;Co.\u00a0 \u201cAbrimos uma nova vertente de crescimento. A Vans\u00ae, em conjunto com as relevantes marcas existentes em nosso portf\u00f3lio \u2013 Arezzo, Schutz, Anacapri, Alexandre Birman, Fiever e Alme \u2013 amplia nossas compet\u00eancias, expandindo nossa base de clientes, passando a dialogar com um novo perfil de consumidor e a atuar em novas categorias \u2013 vestu\u00e1rio, infantil e masculino.\u201d<\/p>\n<p style=\"font-weight:400;text-align:left;\">Fundada em 1966 na Calif\u00f3rnia, a Vans \u00e9 a marca original de t\u00eanis, vestu\u00e1rio e acess\u00f3rios e \u00edcone em streetwear que se popularizou em esportes como skate e surfe. O acordo ocorre oito meses depois de a VF Corporation anunciar o fechamento de suas opera\u00e7\u00f5es no Brasil e afirmar que iria buscar alternativas como licenciamento para continuar a vender seus produtos no pa\u00eds. Recentemente, a VF tamb\u00e9m anunciou a suspens\u00e3o da compra de couro e curtumes brasileiros em meio aos inc\u00eandios na regi\u00e3o amaz\u00f4nica. Segundo a empresa, n\u00e3o era poss\u00edvel atestar que o couro do Brasil n\u00e3o estava ligado aos inc\u00eandios.<\/p>\n<p style=\"text-align:left;\">No pa\u00eds, a Vans tem, al\u00e9m dos outlets pr\u00f3prios, tr\u00eas lojas franqueadas, um site de e-commerce e cerca de 1.000 pontos de venda multimarca e um escrit\u00f3rio em S\u00e3o Paulo, que ser\u00e1 mantido. O faturamento anual \u00e9 estimado em 180 milh\u00f5es de reais. O plano da Arezzo&amp;Co \u00e9 ampliar o alcance da Vans no pa\u00eds, j\u00e1 que 70% das vendas est\u00e3o concentradas no sudeste.<\/p>\n<\/p><\/div>\n<p><br \/>\n<br \/><a href=\"https:\/\/veja.abril.com.br\/economia\/arezzoco-assina-acordo-e-sera-distribuidora-da-vans-no-brasil\/\">Fonte do Artigo<\/a><br \/>\nTags: #IBJE #FGV #LOTOFACIL #PTINDER #GMAILGOOGLE <\/p>\n","protected":false},"excerpt":{"rendered":"<p>Empresa assume a opera\u00e7\u00e3o da marca streetwear jovem, que era feita diretamente pela americana VF Corporation; plano \u00e9 expandir pontos de venda Por Larissa Quintino access_time 2 out 2019, 12h38 &#8211; Publicado em 2 out 2019, 11h49 Vendas da Vans ser\u00e3o feitas pela Arezzo&amp;Co\u00a0(Gary Hershorn\/Getty Images) A Arezzo&amp;Co anunciou nesta quarta-feira, 2, um contrato para [&hellip;]<\/p>\n","protected":false},"author":1,"featured_media":32340,"comment_status":"open","ping_status":"open","sticky":false,"template":"","format":"standard","meta":{"footnotes":""},"categories":[7],"tags":[],"class_list":["post-32339","post","type-post","status-publish","format-standard","has-post-thumbnail","hentry","category-economia"],"_links":{"self":[{"href":"https:\/\/wiy.com.br\/noticias\/wp-json\/wp\/v2\/posts\/32339","targetHints":{"allow":["GET"]}}],"collection":[{"href":"https:\/\/wiy.com.br\/noticias\/wp-json\/wp\/v2\/posts"}],"about":[{"href":"https:\/\/wiy.com.br\/noticias\/wp-json\/wp\/v2\/types\/post"}],"author":[{"embeddable":true,"href":"https:\/\/wiy.com.br\/noticias\/wp-json\/wp\/v2\/users\/1"}],"replies":[{"embeddable":true,"href":"https:\/\/wiy.com.br\/noticias\/wp-json\/wp\/v2\/comments?post=32339"}],"version-history":[{"count":0,"href":"https:\/\/wiy.com.br\/noticias\/wp-json\/wp\/v2\/posts\/32339\/revisions"}],"wp:featuredmedia":[{"embeddable":true,"href":"https:\/\/wiy.com.br\/noticias\/wp-json\/wp\/v2\/media\/32340"}],"wp:attachment":[{"href":"https:\/\/wiy.com.br\/noticias\/wp-json\/wp\/v2\/media?parent=32339"}],"wp:term":[{"taxonomy":"category","embeddable":true,"href":"https:\/\/wiy.com.br\/noticias\/wp-json\/wp\/v2\/categories?post=32339"},{"taxonomy":"post_tag","embeddable":true,"href":"https:\/\/wiy.com.br\/noticias\/wp-json\/wp\/v2\/tags?post=32339"}],"curies":[{"name":"wp","href":"https:\/\/api.w.org\/{rel}","templated":true}]}}