{"id":3223,"date":"2023-02-26T14:57:32","date_gmt":"2023-02-26T17:57:32","guid":{"rendered":"https:\/\/wiy.com.br\/noticias\/por-pacote-moro-abre-gabinete-a-politicos\/"},"modified":"2019-02-04T09:53:46","modified_gmt":"2019-02-04T11:53:46","slug":"por-pacote-moro-abre-gabinete-a-politicos","status":"publish","type":"post","link":"https:\/\/wiy.com.br\/noticias\/por-pacote-moro-abre-gabinete-a-politicos\/","title":{"rendered":"Por pacote, Moro abre gabinete a pol\u00edticos"},"content":{"rendered":"<p> <br \/>\n<\/p>\n<p>Bras\u00edlia &#8211; Empenhado em aprovar o seu pacote anticrime no Congresso, o ministro da Justi\u00e7a e Seguran\u00e7a P\u00fablica, <a href=\"https:\/\/exame.abril.com.br\/noticias-sobre\/sergio-moro\/\" target=\"_blank\" rel=\"noopener\"><strong>S\u00e9rgio Moro<\/strong><\/a>, mergulhou em articula\u00e7\u00f5es pol\u00edticas no seu primeiro m\u00eas na nova fun\u00e7\u00e3o. Em 30 dias no cargo, recebeu pelo menos 21 parlamentares, al\u00e9m de governadores e prefeitos, de 15 partidos diferentes.<\/p>\n<p>Nas reuni\u00f5es, ouviu sugest\u00f5es de como tornar o texto &#8220;palat\u00e1vel&#8221; e evitar novas derrotas, a exemplo de outras iniciativas parecidas que enfrentaram resist\u00eancia, como as 10 Medidas de Combate \u00e0 Corrup\u00e7\u00e3o.<\/p>\n<p>Em mais um esfor\u00e7o de articula\u00e7\u00e3o pol\u00edtica, Moro pretende apresentar o texto final em primeira m\u00e3o ao presidente reeleito da C\u00e2mara, Rodrigo Maia (DEM-RJ), em visita na casa do deputado, \u00e0s 7h30. Em seguida, a um grupo de governadores e secret\u00e1rios de seguran\u00e7a. Ainda marcar\u00e1 presen\u00e7a na primeira sess\u00e3o do ano do Congresso, \u00e0s 15h .<\/p>\n<p>Moro j\u00e1 havia telefonado parabenizando Maia pela reelei\u00e7\u00e3o na C\u00e2mara e fez o mesmo com Davi Alcolumbre (DEM-AP), eleito no s\u00e1bado no Senado.<\/p>\n<p>A escolha do senador, ali\u00e1s, foi bem-recebida no entorno do ministro, por estar mais alinhado ao governo e, principalmente, por ele ter barrado Renan Calheiros (MDB-AL), desafeto declarado de Moro. O ministro deve se encontrar com Alcolumbre ainda nesta semana.<\/p>\n<div class=\"widget-news widget-box no-margin no-border\"><span class=\"widget-news-title content-box-title\">Veja tamb\u00e9m<\/span><\/p>\n<ul class=\"widget-news-list\">\n<li class=\"widget-news-item without-thumb with-border\">\n<div class=\"widget-news-info\"><a href=\"http:\/\/exame.abril.com.br\/brasil\">BRASIL<\/a><span class=\"widget-news-item-title\"><a href=\"https:\/\/exame.abril.com.br\/brasil\/moro-apresenta-a-governadores-e-secretarios-projeto-de-lei-anticrime\/\">Moro apresenta a governadores e secret\u00e1rios projeto de lei Anticrime<\/a><\/span><span class=\"widget-news-item-date\">4 fev 2019 &#8211; 07h02<\/span><\/div>\n<\/li>\n<li class=\"widget-news-item without-thumb with-border\">\n<div class=\"widget-news-info\"><a href=\"http:\/\/exame.abril.com.br\/brasil\">BRASIL<\/a><span class=\"widget-news-item-title\"><a href=\"https:\/\/exame.abril.com.br\/brasil\/davi-alcolumbre-e-alvo-de-duas-investigacoes-no-stf\/\">Davi Alcolumbre \u00e9 alvo de duas investiga\u00e7\u00f5es no STF<\/a><\/span><span class=\"widget-news-item-date\">4 fev 2019 &#8211; 06h02<\/span><\/div>\n<\/li>\n<\/ul>\n<\/div>\n<p>O ministro optou por deixar o projeto enxuto para facilitar a tramita\u00e7\u00e3o e planeja incluir outros pontos, considerados mais pol\u00eamicos, para uma segunda etapa. Entre eles est\u00e1 a criminaliza\u00e7\u00e3o do enriquecimento il\u00edcito.<\/p>\n<p>Ao todo, 42 parlamentares que v\u00e3o discutir o projeto s\u00e3o alvo da Lava Jato, opera\u00e7\u00e3o da qual Moro \u00e9 s\u00edmbolo.<\/p>\n<h3><strong>Videoconfer\u00eancia<\/strong><\/h3>\n<p>A pedido de governadores, Moro incluiu no pacote a altera\u00e7\u00e3o de uma regra para que depoimentos de presos sejam tomados de prefer\u00eancia por videoconfer\u00eancia, em vez de presencialmente, como hoje diz a lei. O objetivo \u00e9 economizar com as escoltas policiais.<\/p>\n<p>O pacote anticrime de Moro prev\u00ea altera\u00e7\u00e3o em 14 leis. Inclui, por exemplo, a previs\u00e3o legal da pris\u00e3o de condenados em segunda inst\u00e2ncia, a criminaliza\u00e7\u00e3o do caixa 2, bem como a amplia\u00e7\u00e3o das possibilidades de confisco de bens.<\/p>\n<p>Ao abrir o gabinete a pol\u00edticos, o ex-juiz tenta cumprir aquilo que disse ser seu objetivo ao aceitar se mudar para Bras\u00edlia: promover melhorias no sistema de justi\u00e7a criminal e, principalmente, o endurecimento do combate \u00e0 corrup\u00e7\u00e3o.<\/p>\n<p>Logo nos primeiros dias no cargo, teve uma mostra de que ter\u00e1 de ser flex\u00edvel. Ap\u00f3s apresentar uma minuta do decreto que tornou menos r\u00edgidos os crit\u00e9rios para posse de armas \u00e0 Casa Civil, o texto final do decreto, assinado pelo presidente Jair Bolsonaro, foi alterado em ao menos sete pontos do que ele havia proposto, conforme revelou a Coluna do Estad\u00e3o.<\/p>\n<p>Antes disso, a dificuldade de aprovar propostas no Congresso foi sentida por Moro ainda no per\u00edodo da transi\u00e7\u00e3o, quando ele fez um apelo pela vota\u00e7\u00e3o de um projeto sobre san\u00e7\u00f5es a pessoas e empresas que lavaram de dinheiro ou cometeram atos de terrorismo. O ministro chegou a citar o s\u00e9rio risco de o Brasil ser suspenso do Grupo de A\u00e7\u00e3o Financeira Internacional (GAFI). A medida chegou a ter a tramita\u00e7\u00e3o acelerada no plen\u00e1rio, mas o projeto n\u00e3o foi votado.<\/p>\n<p>&#8220;Se o projeto n\u00e3o for aprovado o Brasil ser\u00e1 suspenso do Gafi (Grupo de A\u00e7\u00e3o Financeira contra a Lavagem de Dinheiro e o Financiamento do Terrorismo) e ser\u00e1 desastroso para o ambiente de neg\u00f3cio&#8221;, afirmou Moro.<\/p>\n<p>A avalia\u00e7\u00e3o da equipe de Moro \u00e9 de que, naquele momento, a base do governo estava descoordenada e a expectativa \u00e9 de que a situa\u00e7\u00e3o mude no in\u00edcio da nova legislatura.<\/p>\n<p><br \/>\n<br \/><a href=\"https:\/\/exame.abril.com.br\/brasil\/por-pacote-moro-abre-gabinete-a-politicos\/\">Source link <\/a><\/p>\n","protected":false},"excerpt":{"rendered":"<p>Bras\u00edlia &#8211; Empenhado em aprovar o seu pacote anticrime no Congresso, o ministro da Justi\u00e7a e Seguran\u00e7a P\u00fablica, S\u00e9rgio Moro, mergulhou em articula\u00e7\u00f5es pol\u00edticas no seu primeiro m\u00eas na nova fun\u00e7\u00e3o. Em 30 dias no cargo, recebeu pelo menos 21 parlamentares, al\u00e9m de governadores e prefeitos, de 15 partidos diferentes. Nas reuni\u00f5es, ouviu sugest\u00f5es de [&hellip;]<\/p>\n","protected":false},"author":1,"featured_media":3224,"comment_status":"open","ping_status":"open","sticky":false,"template":"","format":"standard","meta":{"footnotes":""},"categories":[337],"tags":[],"class_list":["post-3223","post","type-post","status-publish","format-standard","has-post-thumbnail","hentry","category-noticias"],"_links":{"self":[{"href":"https:\/\/wiy.com.br\/noticias\/wp-json\/wp\/v2\/posts\/3223","targetHints":{"allow":["GET"]}}],"collection":[{"href":"https:\/\/wiy.com.br\/noticias\/wp-json\/wp\/v2\/posts"}],"about":[{"href":"https:\/\/wiy.com.br\/noticias\/wp-json\/wp\/v2\/types\/post"}],"author":[{"embeddable":true,"href":"https:\/\/wiy.com.br\/noticias\/wp-json\/wp\/v2\/users\/1"}],"replies":[{"embeddable":true,"href":"https:\/\/wiy.com.br\/noticias\/wp-json\/wp\/v2\/comments?post=3223"}],"version-history":[{"count":0,"href":"https:\/\/wiy.com.br\/noticias\/wp-json\/wp\/v2\/posts\/3223\/revisions"}],"wp:featuredmedia":[{"embeddable":true,"href":"https:\/\/wiy.com.br\/noticias\/wp-json\/wp\/v2\/media\/3224"}],"wp:attachment":[{"href":"https:\/\/wiy.com.br\/noticias\/wp-json\/wp\/v2\/media?parent=3223"}],"wp:term":[{"taxonomy":"category","embeddable":true,"href":"https:\/\/wiy.com.br\/noticias\/wp-json\/wp\/v2\/categories?post=3223"},{"taxonomy":"post_tag","embeddable":true,"href":"https:\/\/wiy.com.br\/noticias\/wp-json\/wp\/v2\/tags?post=3223"}],"curies":[{"name":"wp","href":"https:\/\/api.w.org\/{rel}","templated":true}]}}