{"id":32227,"date":"2023-02-26T15:49:38","date_gmt":"2023-02-26T18:49:38","guid":{"rendered":"https:\/\/wiy.com.br\/noticias\/veja-as-propostas-de-alteracao-da-reforma-da-previdencia-no-senado\/"},"modified":"2019-10-01T20:57:11","modified_gmt":"2019-10-01T23:57:11","slug":"veja-as-propostas-de-alteracao-da-reforma-da-previdencia-no-senado","status":"publish","type":"post","link":"https:\/\/wiy.com.br\/noticias\/veja-as-propostas-de-alteracao-da-reforma-da-previdencia-no-senado\/","title":{"rendered":"Veja as propostas de altera\u00e7\u00e3o da reforma da Previd\u00eancia no Senado"},"content":{"rendered":"<p> <br \/>\n<\/p>\n<div property=\"na:ArticleBody\">\n<p>BRAS\u00cdLIA &#8211; O Senado est\u00e1 analisando a proposta de reforma da Previd\u00eancia. A expectativa \u00e9 que o texto-base seja aprovado at\u00e9 o fim desta noite, mas os parlamentares ainda analisar\u00e3o dez destaques \u2014 sugest\u00f5es de modifica\u00e7\u00f5es ao texto principal. A tend\u00eancia, segundo fontes do governo, \u00e9 que todos sejam derrubados. Veja abaixo as propostas de modifica\u00e7\u00e3o.<\/p>\n<p><\/p>\n<h3>Manuten\u00e7\u00e3o de regimes pr\u00f3prios dos munic\u00edpios<\/h3>\n<p>A proposta original prev\u00ea que sejam proibidos a cria\u00e7\u00e3o de novos regimes pr\u00f3prios. O destaque apresentado pelo Podemos prop\u00f5e que a express\u00e3o que prev\u00ea que s\u00e3o \u201cvedadas a institui\u00e7\u00e3o de novos regimes pr\u00f3prios da Previd\u00eancia Social\u201d. A legenda argumenta que a mudan\u00e7a beneficiar\u00e1 munic\u00edpios, que poder\u00e3o criar seus pr\u00f3prios regimes previdenci\u00e1rios.<\/p>\n<h3>Contribui\u00e7\u00f5es extraordin\u00e1rias para estados<\/h3>\n<p>Destaque do MDB prop\u00f5e que seja retirado do texto a previs\u00e3o de que a cria\u00e7\u00e3o de contribui\u00e7\u00f5es extraordin\u00e1rias para cobrir o d\u00e9ficit da Previd\u00eancia s\u00f3 possam ser criadas no \u00e2mbito da Uni\u00e3o. Na pr\u00e1tica, abre espa\u00e7o para que a cobran\u00e7a extra possa ser criada tamb\u00e9m por estados e munic\u00edpios.<\/p>\n<h3>Proibi\u00e7\u00e3o de contribui\u00e7\u00f5es extraordin\u00e1rias<\/h3>\n<p>Proposta do PSL quer proibir que Uni\u00e3o, estados e munic\u00edpios possam criar al\u00edquotas extraordin\u00e1rias. Na avalia\u00e7\u00e3o do senador Major Ol\u00edmpio (PSL-SP), autor do destaque, as novas regras da Previd\u00eancia j\u00e1 preveem mudan\u00e7as nas al\u00edquotas que taxam mais quem ganha mais. O parlamentar argumenta que as al\u00edquotas extraordin\u00e1rias poderiam caracterizar confisco.<\/p>\n<h3>Aposentadoria especial para pessoas com defici\u00eancia<\/h3>\n<p>Destaque do PT que prop\u00f5e a retirada do texto do trecho que prev\u00ea a concess\u00e3o de aposentadoria especial para trabalhadores expostos a agentes nocivos, mas impede a caracteriza\u00e7\u00e3o por categoria para enquadramento por periculosidade. Mant\u00e9m a aposentadoria especial para pessoas com defici\u00eancia.<br \/>Proposta do Cidadania que retira da PEC as mudan\u00e7as no abono salarial. Se aprovada, mant\u00e9m as regras atuais, que preveem que o benef\u00edcio seja pago a trabalhadores que ganham at\u00e9 dois sal\u00e1rios m\u00ednimos. A reforma restringe o abono s\u00f3 para quem ganha at\u00e9 cerca de R$ 1,4 mil.<\/p>\n<h3>Ped\u00e1gio<\/h3>\n<p>O destaque do Podemos retira do texto o ped\u00e1gio de 100% sobre o tempo que falta na regra de transi\u00e7\u00e3o que permite aposentadoria com idade m\u00ednima de 57 anos (mulher) e 60 anos (homem), no servi\u00e7o p\u00fablico e no setor privado.<\/p>\n<h3>Pens\u00e3o por morte<\/h3>\n<p>Apresentada pelo PT, a proposta de mudan\u00e7a retira da reforma a nova regra para o c\u00e1lculo da pens\u00e3o por morte, que cair\u00e1 para 50% do valor do benef\u00edcio, mais 10% por dependente, no limite de 100%. Pretende manter a norma vigente, que prev\u00ea pens\u00e3o integral.<\/p>\n<h3>F\u00f3rmula de c\u00e1lculo do benef\u00edcio<\/h3>\n<p>Destaque da Rede que retira da reforma a nova regra para o c\u00e1lculo do benef\u00edcio &#8211; que passar\u00e1 a ser definido com base na m\u00e9dia do hist\u00f3rico contributivo dos trabalhadores. Pretende manter a norma vigente, que \u00e9 mais vantajosa, com base nos 80% maiores sal\u00e1rios de contribui\u00e7\u00e3o.<\/p>\n<h3>Anistiados pol\u00edticos<\/h3>\n<p>A proposta do MPB procura recuperar um dispositivo do texto original do governo que pro\u00edbe ac\u00famulo de benef\u00edcios para anistiados pol\u00edticos.<\/p>\n<\/p><\/div>\n<p><script>\n\t\t\t$(document).ready(function() {\n\t\t\t\t$.ajaxSetup({ cache: true });\n\t\t\t\t$.getScript('\/\/connect.facebook.net\/pt_BR\/sdk.js', function(){\n\t\t\t\t\tFB.init({\n\t\t\t\t\t\txfbml      : true,\n\t\t\t\t\t\tversion    : 'v2.5'\n\t\t\t\t\t});\n\t\t\t\t});\n\t\t\t});\n\t\t<\/script><br \/>\n<br \/><br \/>\n<br \/><a href=\"https:\/\/extra.globo.com\/noticias\/economia\/dona-socorro\/veja-as-propostas-de-alteracao-da-reforma-da-previdencia-no-senado-23989089.html\">Fonte do Artigo <\/a><br \/>\nTags:<\/p>\n<p><a href=\"https:\/\/wiy.com.br\/noticias\/categoria\/noticias\/\">#noticia<\/a> <a href=\"https:\/\/wiy.com.br\/noticias\/categoria\/noticias\/\">#novidades<\/a> <a href=\"https:\/\/wiy.com.br\/noticias\/categoria\/noticias\/\">#noticias<\/a> <a href=\"https:\/\/wiy.com.br\/noticias\/categoria\/noticias\/\">#venezuela<\/a> <a href=\"https:\/\/wiy.com.br\/noticias\/categoria\/noticias\/\">#seo<\/a> <a href=\"https:\/\/wiy.com.br\/noticias\/categoria\/noticias\/\">#instagram<\/a> <a href=\"https:\/\/wiy.com.br\/noticias\/categoria\/noticias\/\">#cicpc<\/a> <a href=\"https:\/\/wiy.com.br\/noticias\/categoria\/noticias\/\">#policia<\/a> <a href=\"https:\/\/wiy.com.br\/noticias\/categoria\/noticias\/\">#ultimahora<\/a> <a href=\"https:\/\/wiy.com.br\/noticias\/categoria\/noticias\/\">#seguridade<\/a> <a href=\"https:\/\/wiy.com.br\/noticias\/categoria\/noticias\/\">#informacao<\/a> <a href=\"https:\/\/wiy.com.br\/noticias\/categoria\/noticias\/\">#paz<\/a> <a href=\"https:\/\/wiy.com.br\/noticias\/categoria\/noticias\/\">#urgente<\/a> <a href=\"https:\/\/wiy.com.br\/noticias\/categoria\/noticias\/\">#policiacientifica<\/a> <a href=\"https:\/\/wiy.com.br\/noticias\/categoria\/noticias\/\">#criminalisticcicpc<\/a> <a href=\"https:\/\/wiy.com.br\/noticias\/categoria\/noticias\/\">#crimes<\/a> <a href=\"https:\/\/wiy.com.br\/noticias\/categoria\/noticias\/\">#extra<\/a> <a href=\"https:\/\/wiy.com.br\/noticias\/categoria\/noticias\/\">#ultimahoranoticia<\/a> <a href=\"https:\/\/wiy.com.br\/noticias\/categoria\/noticias\/\">#brazil247<\/a> <a href=\"https:\/\/wiy.com.br\/noticias\/categoria\/noticias\/\">#governo<\/a> <a href=\"https:\/\/wiy.com.br\/noticias\/categoria\/noticias\/\">#brasil247<\/a> <a href=\"https:\/\/wiy.com.br\/noticias\/categoria\/noticias\/\">#bolsonaro<\/a> <a href=\"https:\/\/wiy.com.br\/noticias\/categoria\/noticias\/\">#jornalismo<\/a> <a href=\"https:\/\/wiy.com.br\/noticias\/categoria\/noticias\/\">#informacoes<\/a> <a href=\"https:\/\/wiy.com.br\/noticias\/categoria\/noticias\/\">#news<\/a> <a href=\"https:\/\/wiy.com.br\/noticias\/categoria\/noticias\/\">#jornal<\/a> <a href=\"https:\/\/wiy.com.br\/noticias\/categoria\/noticias\/\">#tiktok<\/a> <a href=\"https:\/\/wiy.com.br\/noticias\/categoria\/noticias\/\">#fgts<\/a> <a href=\"https:\/\/wiy.com.br\/noticias\/categoria\/noticias\/\">#pis<\/a> <a href=\"https:\/\/wiy.com.br\/noticias\/categoria\/noticias\/\">#caixa<\/a> <a href=\"https:\/\/wiy.com.br\/noticias\/categoria\/noticias\/\">#loterias<\/a> <a href=\"https:\/\/wiy.com.br\/noticias\/categoria\/noticias\/\">#megasena<\/a> <a href=\"https:\/\/wiy.com.br\/noticias\/categoria\/noticias\/\">#lotofacil<\/a> <a href=\"https:\/\/wiy.com.br\/noticias\/categoria\/noticias\/\">#megamania<\/a> <a href=\"https:\/\/wiy.com.br\/noticias\/categoria\/noticias\/\">#sus<\/a> <a href=\"https:\/\/wiy.com.br\/noticias\/categoria\/noticias\/\">#ibge<\/a><\/p>\n","protected":false},"excerpt":{"rendered":"<p>BRAS\u00cdLIA &#8211; O Senado est\u00e1 analisando a proposta de reforma da Previd\u00eancia. A expectativa \u00e9 que o texto-base seja aprovado at\u00e9 o fim desta noite, mas os parlamentares ainda analisar\u00e3o dez destaques \u2014 sugest\u00f5es de modifica\u00e7\u00f5es ao texto principal. A tend\u00eancia, segundo fontes do governo, \u00e9 que todos sejam derrubados. Veja abaixo as propostas de [&hellip;]<\/p>\n","protected":false},"author":1,"featured_media":0,"comment_status":"open","ping_status":"open","sticky":false,"template":"","format":"standard","meta":{"footnotes":""},"categories":[337],"tags":[],"class_list":["post-32227","post","type-post","status-publish","format-standard","hentry","category-noticias"],"_links":{"self":[{"href":"https:\/\/wiy.com.br\/noticias\/wp-json\/wp\/v2\/posts\/32227","targetHints":{"allow":["GET"]}}],"collection":[{"href":"https:\/\/wiy.com.br\/noticias\/wp-json\/wp\/v2\/posts"}],"about":[{"href":"https:\/\/wiy.com.br\/noticias\/wp-json\/wp\/v2\/types\/post"}],"author":[{"embeddable":true,"href":"https:\/\/wiy.com.br\/noticias\/wp-json\/wp\/v2\/users\/1"}],"replies":[{"embeddable":true,"href":"https:\/\/wiy.com.br\/noticias\/wp-json\/wp\/v2\/comments?post=32227"}],"version-history":[{"count":0,"href":"https:\/\/wiy.com.br\/noticias\/wp-json\/wp\/v2\/posts\/32227\/revisions"}],"wp:attachment":[{"href":"https:\/\/wiy.com.br\/noticias\/wp-json\/wp\/v2\/media?parent=32227"}],"wp:term":[{"taxonomy":"category","embeddable":true,"href":"https:\/\/wiy.com.br\/noticias\/wp-json\/wp\/v2\/categories?post=32227"},{"taxonomy":"post_tag","embeddable":true,"href":"https:\/\/wiy.com.br\/noticias\/wp-json\/wp\/v2\/tags?post=32227"}],"curies":[{"name":"wp","href":"https:\/\/api.w.org\/{rel}","templated":true}]}}