{"id":31952,"date":"2023-02-26T15:17:38","date_gmt":"2023-02-26T18:17:38","guid":{"rendered":"https:\/\/wiy.com.br\/noticias\/energia-nuclear-a-prioridade-do-governo-para-2026\/"},"modified":"2019-09-30T05:46:39","modified_gmt":"2019-09-30T08:46:39","slug":"energia-nuclear-a-prioridade-do-governo-para-2026","status":"publish","type":"post","link":"https:\/\/wiy.com.br\/noticias\/energia-nuclear-a-prioridade-do-governo-para-2026\/","title":{"rendered":"Energia nuclear, a prioridade do governo para\u2026 2026"},"content":{"rendered":"<p> <br \/>\n<\/p>\n<div id=\"post-3210986\">\n<header class=\"article-header\">\n<div class=\"blog-author-single\">\n<div class=\"author-content\">\n<div class=\"img-top-blog chapeu\">\n<div>\n          <a href=\"https:\/\/veja.abril.com.br\/blog\/radar\/ \"><br \/>\n            <img title = \"[Tags]\"alt = \"robson-bonin-120 Energia nuclear, a prioridade do governo para\u2026 2026\"decoding=\"async\" class=\"author-image\" src=\"https:\/\/abrilveja.files.wordpress.com\/2019\/07\/robson-bonin-120.png?w=120\"\/><\/a>\n        <\/div>\n<\/p><\/div>\n<\/div><\/div>\n<h2 class=\"article-subtitle\">&#8216;O setor nuclear \u00e9 um pilar \u00fanico e insubstitu\u00edvel da nossa estrat\u00e9gia para o desenvolvimento sustent\u00e1vel&#8217;, diz Bento na Europa<\/h2>\n<p>\n\t\t\t\t\t\t\t\t<i class=\"material-icons\">access_time<\/i><br \/>\n\t\t\t\t\t\t\t\t<span><br \/>\n\t\t\t\t\t\t\t\t\t18 set 2019, 19h04\t\t\t\t\t\t\t\t<\/span>\n\t\t\t\t\t\t\t<\/p>\n<\/header>\n<section class=\"share\"><a href=\"whatsapp:\/\/send?text=Energia nuclear, a prioridade do governo para\u2026 2026 https:\/\/veja.abril.com.br\/blog\/radar\/energia-nuclear-a-prioridade-do-governo-para-2026\/?utm_source=whatsapp&amp;utm_medium=social&amp;utm_campaign=barra-compartilhamento VEJA.com\" data-action=\"share\/whatsapp\/share\" class=\"whatsapp  hidden-md hidden-lg\"><i class=\"icon-whatsapp\"\/><\/a><\/p>\n<p>      <a href=\"mailto:?subject=Energia nuclear, a prioridade do governo para\u2026 2026&amp;body=Energia nuclear, a prioridade do governo para\u2026 2026 https:\/\/veja.abril.com.br\/blog\/radar\/energia-nuclear-a-prioridade-do-governo-para-2026\/?utm_source=email&amp;utm_medium=email&amp;utm_campaign=barra-compartilhamento via VEJA.com\" class=\"\"><i class=\"icon-envelope-o\"\/><\/a><\/p>\n<p>      <a href=\"https:\/\/facebook.com\/sharer\/sharer.php?u=https:\/\/veja.abril.com.br\/blog\/radar\/energia-nuclear-a-prioridade-do-governo-para-2026\/\" target=\"_blank\" class=\"\" rel=\"noopener noreferrer\"><i class=\"icon-facebook\"\/><\/a><\/p>\n<p>      <a href=\"https:\/\/twitter.com\/intent\/tweet?url=https%3A%2F%2Fveja.abril.com.br%2Fblog%2Fradar%2Fenergia-nuclear-a-prioridade-do-governo-para-2026%2F&amp;text=Energia nuclear, a prioridade do governo para\u2026 2026&amp;via=VEJA\" target=\"_blank\" class=\"\" rel=\"noopener noreferrer\"><i class=\"icon-twitter\"\/><\/a><\/p>\n<p>      <a href=\"https:\/\/www.linkedin.com\/shareArticle?mini=true&amp;url=https%3A%2F%2Fveja.abril.com.br%2Fblog%2Fradar%2Fenergia-nuclear-a-prioridade-do-governo-para-2026%2F&amp;summary=&amp;source=LinkedIn\" target=\"_blank\" class=\" hidden-sm hidden-xs\" rel=\"noopener noreferrer\"><i class=\"icon-linkedin\"\/><\/a><\/p>\n<p>      <a href=\"fb-messenger:\/\/share\/?link=https:\/\/veja.abril.com.br\/blog\/radar\/energia-nuclear-a-prioridade-do-governo-para-2026\/&amp;app_id=\" class=\"whatsapp  hidden-sm hidden-xs hidden-md hidden-lg\"><i class=\"icon-Facebook-Messenger\"\/><\/a><\/p>\n<p>      <a href=\"#respond\" class=\" hidden-sm hidden-xs hidden-md hidden-lg\"><i class=\"material-icons\">chat_bubble_outline<\/i><\/a><\/p>\n<p>      <i class=\"material-icons\" onclick=\"toggle(this,'.share','more_horiz','close')\">more_horiz<\/i><br \/>\n\t\t\t\t\t\t<\/section>\n<section class=\"article-content\">\n<div class=\"featured-image\">\n<div class=\"image\">\n\t\t\t\t\t\t\t\t\t\t<img decoding=\"async\" src=\"https:\/\/abrilveja.files.wordpress.com\/2019\/05\/usina-angra-3-2018-1467.jpg.jpg\" class=\"abril-image optimized lazyload\" abril-data-id=\"3210986\"  alt = \"robson-bonin-120 Energia nuclear, a prioridade do governo para\u2026 2026\"title = \"[Tags]\"\/><\/div>\n<p class=\"caption\">Angra 3: para 2026\u00a0(Marcos Michael\/VEJA)<\/p>\n<\/p><\/div>\n<p>Alvo de press\u00f5es do Senado por cargos no setor el\u00e9trico, Bento Albuquerque foi para a Europa discursar na 63\u00aa Confer\u00eancia Geral da Ag\u00eancia Internacional de Energia At\u00f4mica, em Viena.<\/p>\n<p>O ministro de Minas e Energia voltou a dizer que Angra 3 \u00e9 um projeto priorit\u00e1rio para o governo Jair Bolsonaro e que a usina estar\u00e1 operacional em 2026.<\/p>\n<p>\u201cO setor nuclear \u00e9 um pilar \u00fanico e insubstitu\u00edvel da nossa estrat\u00e9gia para o desenvolvimento sustent\u00e1vel\u201d, diz Bento. \u201cComo parte de um seleto grupo de pa\u00edses com grandes reservas de ur\u00e2nio e dom\u00ednio do ciclo do combust\u00edvel, o Brasil continuar\u00e1 a investir em energia nuclear\u201d, complementa.<\/p>\n<\/section><\/div>\n<p><script async src=\"http:\/\/platform.twitter.com\/widgets.js\" charset=\"utf-8\"><\/script><br \/>\n<br \/><br \/>\n<br \/><a href=\"https:\/\/veja.abril.com.br\/blog\/radar\/energia-nuclear-a-prioridade-do-governo-para-2026\/\">Fonte do Artigo<\/a><br \/>\nTags: #IBJE #FGV #LOTOFACIL #PTINDER #GMAILGOOGLE <\/p>\n","protected":false},"excerpt":{"rendered":"<p>&#8216;O setor nuclear \u00e9 um pilar \u00fanico e insubstitu\u00edvel da nossa estrat\u00e9gia para o desenvolvimento sustent\u00e1vel&#8217;, diz Bento na Europa access_time 18 set 2019, 19h04 chat_bubble_outline more_horiz Angra 3: para 2026\u00a0(Marcos Michael\/VEJA) Alvo de press\u00f5es do Senado por cargos no setor el\u00e9trico, Bento Albuquerque foi para a Europa discursar na 63\u00aa Confer\u00eancia Geral da Ag\u00eancia [&hellip;]<\/p>\n","protected":false},"author":1,"featured_media":31953,"comment_status":"open","ping_status":"open","sticky":false,"template":"","format":"standard","meta":{"footnotes":""},"categories":[7],"tags":[],"class_list":["post-31952","post","type-post","status-publish","format-standard","has-post-thumbnail","hentry","category-economia"],"_links":{"self":[{"href":"https:\/\/wiy.com.br\/noticias\/wp-json\/wp\/v2\/posts\/31952","targetHints":{"allow":["GET"]}}],"collection":[{"href":"https:\/\/wiy.com.br\/noticias\/wp-json\/wp\/v2\/posts"}],"about":[{"href":"https:\/\/wiy.com.br\/noticias\/wp-json\/wp\/v2\/types\/post"}],"author":[{"embeddable":true,"href":"https:\/\/wiy.com.br\/noticias\/wp-json\/wp\/v2\/users\/1"}],"replies":[{"embeddable":true,"href":"https:\/\/wiy.com.br\/noticias\/wp-json\/wp\/v2\/comments?post=31952"}],"version-history":[{"count":0,"href":"https:\/\/wiy.com.br\/noticias\/wp-json\/wp\/v2\/posts\/31952\/revisions"}],"wp:featuredmedia":[{"embeddable":true,"href":"https:\/\/wiy.com.br\/noticias\/wp-json\/wp\/v2\/media\/31953"}],"wp:attachment":[{"href":"https:\/\/wiy.com.br\/noticias\/wp-json\/wp\/v2\/media?parent=31952"}],"wp:term":[{"taxonomy":"category","embeddable":true,"href":"https:\/\/wiy.com.br\/noticias\/wp-json\/wp\/v2\/categories?post=31952"},{"taxonomy":"post_tag","embeddable":true,"href":"https:\/\/wiy.com.br\/noticias\/wp-json\/wp\/v2\/tags?post=31952"}],"curies":[{"name":"wp","href":"https:\/\/api.w.org\/{rel}","templated":true}]}}