{"id":31931,"date":"2023-02-26T14:54:45","date_gmt":"2023-02-26T17:54:45","guid":{"rendered":"https:\/\/wiy.com.br\/noticias\/petrobras-reajusta-gasolina-em-35-e-diesel-em-42-nas-refinarias\/"},"modified":"2019-09-29T23:40:09","modified_gmt":"2019-09-30T02:40:09","slug":"petrobras-reajusta-gasolina-em-35-e-diesel-em-42-nas-refinarias","status":"publish","type":"post","link":"https:\/\/wiy.com.br\/noticias\/petrobras-reajusta-gasolina-em-35-e-diesel-em-42-nas-refinarias\/","title":{"rendered":"Petrobras reajusta gasolina em 3,5% e diesel em 4,2% nas refinarias"},"content":{"rendered":"<p> <br \/>\n<\/p>\n<div id=\"post-3213180\">\n<header class=\"article-header\">\n<h2 class=\"article-subtitle\">Repasse aos consumidores finais depende das distribuidoras e dos postos de combust\u00edvel<\/h2>\n<p>Por <span><strong>da Reda\u00e7\u00e3o<\/strong><\/span><\/p>\n<p>\n\t\t\t\t\t\t\t\t<i class=\"material-icons\">access_time<\/i><br \/>\n\t\t\t\t\t\t\t\t<span><br \/>\n\t\t\t\t\t\t\t\t\t18 set 2019, 21h31\t\t\t\t\t\t\t\t<\/span>\n\t\t\t\t\t\t\t<\/p>\n<\/header>\n<section class=\"share\"><a href=\"whatsapp:\/\/send?text=Petrobras reajusta gasolina em 3,5% e diesel em 4,2% nas refinarias https:\/\/veja.abril.com.br\/economia\/petrobras-reajusta-gasolina-em-35-e-diesel-em-42-nas-refinarias\/?utm_source=whatsapp&amp;utm_medium=social&amp;utm_campaign=barra-compartilhamento VEJA.com\" data-action=\"share\/whatsapp\/share\" class=\"whatsapp  hidden-md hidden-lg\"><i class=\"icon-whatsapp\"\/><\/a><\/p>\n<p>      <a href=\"mailto:?subject=Petrobras reajusta gasolina em 3,5% e diesel em 4,2% nas refinarias&amp;body=Petrobras reajusta gasolina em 3,5% e diesel em 4,2% nas refinarias https:\/\/veja.abril.com.br\/economia\/petrobras-reajusta-gasolina-em-35-e-diesel-em-42-nas-refinarias\/?utm_source=email&amp;utm_medium=email&amp;utm_campaign=barra-compartilhamento via VEJA.com\" class=\"\"><i class=\"icon-envelope-o\"\/><\/a><\/p>\n<p>      <a href=\"https:\/\/facebook.com\/sharer\/sharer.php?u=https:\/\/veja.abril.com.br\/economia\/petrobras-reajusta-gasolina-em-35-e-diesel-em-42-nas-refinarias\/\" target=\"_blank\" class=\"\" rel=\"noopener noreferrer\"><i class=\"icon-facebook\"\/><\/a><\/p>\n<p>      <a href=\"https:\/\/twitter.com\/intent\/tweet?url=https%3A%2F%2Fveja.abril.com.br%2Feconomia%2Fpetrobras-reajusta-gasolina-em-35-e-diesel-em-42-nas-refinarias%2F&amp;text=Petrobras reajusta gasolina em 3,5% e diesel em 4,2% nas refinarias&amp;via=VEJA\" target=\"_blank\" class=\"\" rel=\"noopener noreferrer\"><i class=\"icon-twitter\"\/><\/a><\/p>\n<p>      <a href=\"https:\/\/www.linkedin.com\/shareArticle?mini=true&amp;url=https%3A%2F%2Fveja.abril.com.br%2Feconomia%2Fpetrobras-reajusta-gasolina-em-35-e-diesel-em-42-nas-refinarias%2F&amp;summary=&amp;source=LinkedIn\" target=\"_blank\" class=\" hidden-sm hidden-xs\" rel=\"noopener noreferrer\"><i class=\"icon-linkedin\"\/><\/a><\/p>\n<p>      <a href=\"fb-messenger:\/\/share\/?link=https:\/\/veja.abril.com.br\/economia\/petrobras-reajusta-gasolina-em-35-e-diesel-em-42-nas-refinarias\/&amp;app_id=\" class=\"whatsapp  hidden-sm hidden-xs hidden-md hidden-lg\"><i class=\"icon-Facebook-Messenger\"\/><\/a><\/p>\n<p>      <a href=\"#respond\" class=\" hidden-sm hidden-xs hidden-md hidden-lg\"><i class=\"material-icons\">chat_bubble_outline<\/i><\/a><\/p>\n<p>      <i class=\"material-icons\" onclick=\"toggle(this,'.share','more_horiz','close')\">more_horiz<\/i><br \/>\n\t\t\t\t\t\t<\/section>\n<section class=\"article-content\">\n<div class=\"featured-image\">\n<div class=\"image\">\n\t\t\t\t\t\t\t\t\t\t<img decoding=\"async\" src=\"https:\/\/abrilveja.files.wordpress.com\/2017\/07\/age20120626285-155401.jpg\" class=\"abril-image optimized lazyload\" abril-data-id=\"3213180\"  alt = \"age20120626285-155401 Petrobras reajusta gasolina em 3,5% e diesel em 4,2% nas refinarias\"title = \"[Tags]\"\/><\/div>\n<p class=\"caption\">Pre\u00e7o m\u00e9dio do diesel e da gasolina ser\u00e1 elevado nas refinarias a partir desta quinta-feira, 19; alta vem depois de uma disparada dos valores do barril do petr\u00f3leo\u00a0(Marcos De Paula\/Estad\u00e3o Conte\u00fado)<\/p>\n<\/p><\/div>\n<p>A <a href=\"https:\/\/veja.abril.com.br\/noticias-sobre\/petrobras\/\"><strong>Petrobras<\/strong><\/a> vai aumentar o pre\u00e7o m\u00e9dio do <a href=\"https:\/\/veja.abril.com.br\/noticias-sobre\/diesel\/\"><strong>diesel<\/strong><\/a> nas refinarias a partir desta quinta-feira, 19, em 4,2% e o da <strong><a href=\"https:\/\/veja.abril.com.br\/noticias-sobre\/gasolina\/\">gasolina<\/a><\/strong>, em 3,5%, informou a estatal nesta quarta-feira, 18. Caber\u00e1 \u00e0s distribuidoras e postos repassar as corre\u00e7\u00f5es dos valores dos combust\u00edveis aos consumidores finais. Tais reajustes dependem de diversas vari\u00e1veis, como margens de distribuidoras e revendedoras, tributos e mistura de biocombust\u00edveis. <span>\u00c9 o terceiro reajuste no pre\u00e7o do diesel este m\u00eas \u2014 o combust\u00edvel j\u00e1 <\/span>havia sido reajustado nos dias 5<span>\u00a0e 13 de setembro. A gasolina n\u00e3o era ajustada desde o \u00faltimo dia 5.<\/span><\/p>\n<p>O an\u00fancio foi feito pela empresa dois dias ap\u00f3s a <span>cota\u00e7\u00e3o internacional do petr\u00f3leo ter disparado, em decorr\u00eancia de ataque a uma refinaria na Ar\u00e1bia Saudita, que comprometeu a oferta global da commodity. <\/span><span>Na \u00faltima segunda-feira, 16, o presidente Jair Bolsonaro afirmou que a estatal n\u00e3o planejava aumentar de imediato os valores dos combust\u00edveis e poderia afrouxar temporariamente a sua regra de pre\u00e7os de mercado.<\/span><\/p>\n<p>\u201cAguardar a estabiliza\u00e7\u00e3o dos pre\u00e7os ap\u00f3s o evento na Ar\u00e1bia Saudita era necess\u00e1rio\u201d, disse o presidente da Associa\u00e7\u00e3o Brasileira dos Importadores de Combust\u00edveis (Abicom), S\u00e9rgio Ara\u00fajo, adicionando que os ajustes anunciados nesta quarta-feira d\u00e3o claro sinal de que a empresa est\u00e1 caminhando para praticar pre\u00e7os alinhados com o mercado internacional.<\/p>\n<p>Os valores de gasolina e diesel vendidos pela Petrobras \u00e0s distribuidoras t\u00eam como base a paridade de importa\u00e7\u00e3o, formada pelas cota\u00e7\u00f5es internacionais destes produtos mais os custos para importadores, como transporte e taxas portu\u00e1rias.\u00a0Mas desde uma hist\u00f3rica greve dos caminhoneiros, em maio do ano passado, a empresa vem buscando evitar repassar a volatilidade do mercado externo para os clientes.<\/p>\n<p><em>(Com Reuters)<\/em><\/p>\n<\/section>\n<section class=\"article-tags\"><span><br \/>\n\t\t\t\t\t\t\t\t\tNot\u00edcias sobre\t\t\t\t\t\t\t\t<\/span><br \/>\n\t\t\t\t\t\t\t\t<a href=\"https:\/\/veja.abril.com.br\/noticias-sobre\/diesel\/\" rel=\"tag\">Diesel<\/a><a href=\"https:\/\/veja.abril.com.br\/noticias-sobre\/gasolina\/\" rel=\"tag\">Gasolina<\/a><a href=\"https:\/\/veja.abril.com.br\/noticias-sobre\/petrobras\/\" rel=\"tag\">Petrobras<\/a><a href=\"https:\/\/veja.abril.com.br\/noticias-sobre\/petroleo\/\" rel=\"tag\">Petroleo<\/a>\t\t\t\t\t\t\t<\/section>\n<\/p><\/div>\n<p><script async src=\"http:\/\/platform.twitter.com\/widgets.js\" charset=\"utf-8\"><\/script><br \/>\n<br \/><br \/>\n<br \/><a href=\"https:\/\/veja.abril.com.br\/economia\/petrobras-reajusta-gasolina-em-35-e-diesel-em-42-nas-refinarias\/\">Fonte do Artigo<\/a><br \/>\nTags: #IBJE #FGV #LOTOFACIL #PTINDER #GMAILGOOGLE <\/p>\n","protected":false},"excerpt":{"rendered":"<p>Repasse aos consumidores finais depende das distribuidoras e dos postos de combust\u00edvel Por da Reda\u00e7\u00e3o access_time 18 set 2019, 21h31 chat_bubble_outline more_horiz Pre\u00e7o m\u00e9dio do diesel e da gasolina ser\u00e1 elevado nas refinarias a partir desta quinta-feira, 19; alta vem depois de uma disparada dos valores do barril do petr\u00f3leo\u00a0(Marcos De Paula\/Estad\u00e3o Conte\u00fado) A Petrobras [&hellip;]<\/p>\n","protected":false},"author":1,"featured_media":31932,"comment_status":"open","ping_status":"open","sticky":false,"template":"","format":"standard","meta":{"footnotes":""},"categories":[7],"tags":[],"class_list":["post-31931","post","type-post","status-publish","format-standard","has-post-thumbnail","hentry","category-economia"],"_links":{"self":[{"href":"https:\/\/wiy.com.br\/noticias\/wp-json\/wp\/v2\/posts\/31931","targetHints":{"allow":["GET"]}}],"collection":[{"href":"https:\/\/wiy.com.br\/noticias\/wp-json\/wp\/v2\/posts"}],"about":[{"href":"https:\/\/wiy.com.br\/noticias\/wp-json\/wp\/v2\/types\/post"}],"author":[{"embeddable":true,"href":"https:\/\/wiy.com.br\/noticias\/wp-json\/wp\/v2\/users\/1"}],"replies":[{"embeddable":true,"href":"https:\/\/wiy.com.br\/noticias\/wp-json\/wp\/v2\/comments?post=31931"}],"version-history":[{"count":0,"href":"https:\/\/wiy.com.br\/noticias\/wp-json\/wp\/v2\/posts\/31931\/revisions"}],"wp:featuredmedia":[{"embeddable":true,"href":"https:\/\/wiy.com.br\/noticias\/wp-json\/wp\/v2\/media\/31932"}],"wp:attachment":[{"href":"https:\/\/wiy.com.br\/noticias\/wp-json\/wp\/v2\/media?parent=31931"}],"wp:term":[{"taxonomy":"category","embeddable":true,"href":"https:\/\/wiy.com.br\/noticias\/wp-json\/wp\/v2\/categories?post=31931"},{"taxonomy":"post_tag","embeddable":true,"href":"https:\/\/wiy.com.br\/noticias\/wp-json\/wp\/v2\/tags?post=31931"}],"curies":[{"name":"wp","href":"https:\/\/api.w.org\/{rel}","templated":true}]}}