{"id":31896,"date":"2023-02-26T15:24:54","date_gmt":"2023-02-26T18:24:54","guid":{"rendered":"https:\/\/wiy.com.br\/noticias\/airbnb-anuncia-que-vai-abrir-capital-em-2020\/"},"modified":"2019-09-29T16:33:12","modified_gmt":"2019-09-29T19:33:12","slug":"airbnb-anuncia-que-vai-abrir-capital-em-2020","status":"publish","type":"post","link":"https:\/\/wiy.com.br\/noticias\/airbnb-anuncia-que-vai-abrir-capital-em-2020\/","title":{"rendered":"Airbnb anuncia que vai abrir capital em 2020"},"content":{"rendered":"<p> <br \/>\n<\/p>\n<div id=\"post-3213978\">\n<header class=\"article-header\">\n<h2 class=\"article-subtitle\">Aplicativo opera no aluguel de im\u00f3veis por temporada, conectando anfitri\u00f5es e h\u00f3spedes diretamente; valor de mercado da companhia \u00e9 estimado em US$ 31 bi<\/h2>\n<p>Por <span><strong>da Reda\u00e7\u00e3o<\/strong><\/span><\/p>\n<p>\n\t\t\t\t\t\t\t\t<i class=\"material-icons\">access_time<\/i><br \/>\n\t\t\t\t\t\t\t\t<span><br \/>\n\t\t\t\t\t\t\t\t\t19 set 2019, 13h54 &#8211; Publicado em 19 set 2019, 13h12\t\t\t\t\t\t\t\t<\/span>\n\t\t\t\t\t\t\t<\/p>\n<\/header>\n<section class=\"share\"><a href=\"whatsapp:\/\/send?text=Airbnb anuncia que vai abrir capital em 2020 https:\/\/veja.abril.com.br\/economia\/airbnb-anuncia-que-vai-abrir-capital-em-2020\/?utm_source=whatsapp&amp;utm_medium=social&amp;utm_campaign=barra-compartilhamento VEJA.com\" data-action=\"share\/whatsapp\/share\" class=\"whatsapp  hidden-md hidden-lg\"><i class=\"icon-whatsapp\"\/><\/a><\/p>\n<p>      <a href=\"mailto:?subject=Airbnb anuncia que vai abrir capital em 2020&amp;body=Airbnb anuncia que vai abrir capital em 2020 https:\/\/veja.abril.com.br\/economia\/airbnb-anuncia-que-vai-abrir-capital-em-2020\/?utm_source=email&amp;utm_medium=email&amp;utm_campaign=barra-compartilhamento via VEJA.com\" class=\"\"><i class=\"icon-envelope-o\"\/><\/a><\/p>\n<p>      <a href=\"https:\/\/facebook.com\/sharer\/sharer.php?u=https:\/\/veja.abril.com.br\/economia\/airbnb-anuncia-que-vai-abrir-capital-em-2020\/\" target=\"_blank\" class=\"\" rel=\"noopener noreferrer\"><i class=\"icon-facebook\"\/><\/a><\/p>\n<p>      <a href=\"https:\/\/twitter.com\/intent\/tweet?url=https%3A%2F%2Fveja.abril.com.br%2Feconomia%2Fairbnb-anuncia-que-vai-abrir-capital-em-2020%2F&amp;text=Airbnb anuncia que vai abrir capital em 2020&amp;via=VEJA\" target=\"_blank\" class=\"\" rel=\"noopener noreferrer\"><i class=\"icon-twitter\"\/><\/a><\/p>\n<p>      <a href=\"https:\/\/www.linkedin.com\/shareArticle?mini=true&amp;url=https%3A%2F%2Fveja.abril.com.br%2Feconomia%2Fairbnb-anuncia-que-vai-abrir-capital-em-2020%2F&amp;summary=&amp;source=LinkedIn\" target=\"_blank\" class=\" hidden-sm hidden-xs\" rel=\"noopener noreferrer\"><i class=\"icon-linkedin\"\/><\/a><\/p>\n<p>      <a href=\"fb-messenger:\/\/share\/?link=https:\/\/veja.abril.com.br\/economia\/airbnb-anuncia-que-vai-abrir-capital-em-2020\/&amp;app_id=\" class=\"whatsapp  hidden-sm hidden-xs hidden-md hidden-lg\"><i class=\"icon-Facebook-Messenger\"\/><\/a><\/p>\n<p>      <a href=\"#respond\" class=\" hidden-sm hidden-xs hidden-md hidden-lg\"><i class=\"material-icons\">chat_bubble_outline<\/i><\/a><\/p>\n<p>      <i class=\"material-icons\" onclick=\"toggle(this,'.share','more_horiz','close')\">more_horiz<\/i><br \/>\n\t\t\t\t\t\t<\/section>\n<section class=\"article-content\">\n<div class=\"featured-image\">\n<div class=\"image\">\n\t\t\t\t\t\t\t\t\t\t<img decoding=\"async\" src=\"https:\/\/abrilveja.files.wordpress.com\/2018\/01\/airbnb-2384737_1920.jpg\" class=\"abril-image optimized lazyload\" abril-data-id=\"3213978\"  alt = \"airbnb-2384737_1920 Airbnb anuncia que vai abrir capital em 2020\"title = \"[Tags]\"\/><\/div>\n<p class=\"caption\">Abertura de capital do Airbnb deve acontecer em 2020\u00a0(Pixabay\/Pixabay)<\/p>\n<\/p><\/div>\n<p>A companhia de <a href=\"https:\/\/veja.abril.com.br\/noticias-sobre\/aluguel-de-imoveis\" target=\"_blank\" rel=\"noopener noreferrer\"><strong>aluguel de im\u00f3veis por temporada<\/strong><\/a> <strong>Airbnb<\/strong> anunciou nesta quinta-feira, 19, que pretende abrir na capital durante o ano de 2020. Em breve comunicado \u00e0 imprensa, a empresa n\u00e3o deu mais detalhes sobre assunto.<\/p>\n<p>Inicialmente, o IPO (sigla em ingl\u00eas para oferta p\u00fablica de a\u00e7\u00f5es) era esperado pelo mercado para este ano, baseado em informa\u00e7\u00f5es extraoficiais. As startups que ficaram bilion\u00e1rias, no entanto, est\u00e3o cada vez mais cautelosas ao lan\u00e7arem suas a\u00e7\u00f5es na bolsa. Na quarta-feira, 18, a WeWork, que aluga espa\u00e7os compartilhados para empresas, adiou sua abertura de capital, prevista para setembro. O novo prazo \u00e9 at\u00e9 o final de 2019.<\/p>\n<p>A companhia surgiu como startup em 2008, em S\u00e3o Francisco (EUA), e se tornou unic\u00f3rnio \u2013 com valor de mercado superior a um bilh\u00e3o de d\u00f3lares \u2013 quatro anos depois. O Airbnb permite ao usu\u00e1rio alugar im\u00f3veis como h\u00f3spede ou colocar sua acomoda\u00e7\u00e3o para aluguel, como host. A loca\u00e7\u00e3o \u00e9 por um determinado per\u00edodo de tempo. O processo \u00e9 feito pelo aplicativo e o pagamento \u00e9 feito ao anfitri\u00e3o s\u00f3 ap\u00f3s o check-in. A empresa tamb\u00e9m trabalha com loca\u00e7\u00e3o de \u201cexperi\u00eancias\u201d, quando pessoas anunciam servi\u00e7os ou atividades tur\u00edsticas ou gastron\u00f4micas em um determinado destino.<\/p>\n<p>O movimento \u00e9 consequ\u00eancia da experi\u00eancia que outras companhias, com modelos semelhantes de neg\u00f3cios, tiveram recentemente. Entre elas, est\u00e3o os aplicativos de carona Uber e Lyft, que realizaram IPO neste ano. Ambas <strong><a href=\"https:\/\/veja.abril.com.br\/economia\/uber-inicia-jornada-como-empresa-de-capital-aberto-apos-ipo-cauteloso\/\" target=\"_blank\" rel=\"noopener noreferrer\">n\u00e3o vingaram vingou na bolsa<\/a><\/strong>, com as a\u00e7\u00f5es desvalorizando pouco tempo depois de lan\u00e7adas.<\/p>\n<p>Segundo a <em>Bloomberg<\/em>, o Airbnb \u00e9 avaliado em 31 bilh\u00f5es de d\u00f3lares. A empresa abriu seu primeiro escrit\u00f3rio no Brasil, em 2012, na cidade de S\u00e3o Paulo.<\/p>\n<\/section>\n<section class=\"article-tags\"><span><br \/>\n\t\t\t\t\t\t\t\t\tNot\u00edcias sobre\t\t\t\t\t\t\t\t<\/span><br \/>\n\t\t\t\t\t\t\t\t<a href=\"https:\/\/veja.abril.com.br\/noticias-sobre\/aluguel-de-imoveis\/\" rel=\"tag\">Aluguel de im\u00f3veis<\/a><a href=\"https:\/\/veja.abril.com.br\/noticias-sobre\/aplicativos\/\" rel=\"tag\">Aplicativos<\/a><a href=\"https:\/\/veja.abril.com.br\/noticias-sobre\/ipo\/\" rel=\"tag\">IPO<\/a>\t\t\t\t\t\t\t<\/section>\n<\/p><\/div>\n<p><script async src=\"http:\/\/platform.twitter.com\/widgets.js\" charset=\"utf-8\"><\/script><br \/>\n<br \/><br \/>\n<br \/><a href=\"https:\/\/veja.abril.com.br\/economia\/airbnb-anuncia-que-vai-abrir-capital-em-2020\/\">Fonte do Artigo<\/a><br \/>\nTags: #IBJE #FGV #LOTOFACIL #PTINDER #GMAILGOOGLE <\/p>\n","protected":false},"excerpt":{"rendered":"<p>Aplicativo opera no aluguel de im\u00f3veis por temporada, conectando anfitri\u00f5es e h\u00f3spedes diretamente; valor de mercado da companhia \u00e9 estimado em US$ 31 bi Por da Reda\u00e7\u00e3o access_time 19 set 2019, 13h54 &#8211; Publicado em 19 set 2019, 13h12 chat_bubble_outline more_horiz Abertura de capital do Airbnb deve acontecer em 2020\u00a0(Pixabay\/Pixabay) A companhia de aluguel de [&hellip;]<\/p>\n","protected":false},"author":1,"featured_media":31897,"comment_status":"open","ping_status":"open","sticky":false,"template":"","format":"standard","meta":{"footnotes":""},"categories":[7],"tags":[],"class_list":["post-31896","post","type-post","status-publish","format-standard","has-post-thumbnail","hentry","category-economia"],"_links":{"self":[{"href":"https:\/\/wiy.com.br\/noticias\/wp-json\/wp\/v2\/posts\/31896","targetHints":{"allow":["GET"]}}],"collection":[{"href":"https:\/\/wiy.com.br\/noticias\/wp-json\/wp\/v2\/posts"}],"about":[{"href":"https:\/\/wiy.com.br\/noticias\/wp-json\/wp\/v2\/types\/post"}],"author":[{"embeddable":true,"href":"https:\/\/wiy.com.br\/noticias\/wp-json\/wp\/v2\/users\/1"}],"replies":[{"embeddable":true,"href":"https:\/\/wiy.com.br\/noticias\/wp-json\/wp\/v2\/comments?post=31896"}],"version-history":[{"count":0,"href":"https:\/\/wiy.com.br\/noticias\/wp-json\/wp\/v2\/posts\/31896\/revisions"}],"wp:featuredmedia":[{"embeddable":true,"href":"https:\/\/wiy.com.br\/noticias\/wp-json\/wp\/v2\/media\/31897"}],"wp:attachment":[{"href":"https:\/\/wiy.com.br\/noticias\/wp-json\/wp\/v2\/media?parent=31896"}],"wp:term":[{"taxonomy":"category","embeddable":true,"href":"https:\/\/wiy.com.br\/noticias\/wp-json\/wp\/v2\/categories?post=31896"},{"taxonomy":"post_tag","embeddable":true,"href":"https:\/\/wiy.com.br\/noticias\/wp-json\/wp\/v2\/tags?post=31896"}],"curies":[{"name":"wp","href":"https:\/\/api.w.org\/{rel}","templated":true}]}}