{"id":31877,"date":"2023-02-26T15:10:35","date_gmt":"2023-02-26T18:10:35","guid":{"rendered":"https:\/\/wiy.com.br\/noticias\/camara-e-senado-construirao-reforma-tributaria-de-forma-conjunta-diz-maia\/"},"modified":"2019-09-29T11:28:13","modified_gmt":"2019-09-29T14:28:13","slug":"camara-e-senado-construirao-reforma-tributaria-de-forma-conjunta-diz-maia","status":"publish","type":"post","link":"https:\/\/wiy.com.br\/noticias\/camara-e-senado-construirao-reforma-tributaria-de-forma-conjunta-diz-maia\/","title":{"rendered":"C\u00e2mara e Senado construir\u00e3o reforma tribut\u00e1ria de forma conjunta, diz Maia"},"content":{"rendered":"<p> <br \/>\n<\/p>\n<div id=\"\">\n<h2 class=\"article-subtitle\">Governo e parlamentares discutem acordo para definir qual ser\u00e1 a proposta escolhida; circulam em Bras\u00edlia pelo menos quatro textos distintos sobre o assunto<\/h2>\n<p>Por <span><strong>da Reda\u00e7\u00e3o<\/strong><\/span><\/p>\n<p>\n\t\t\t\t\t\t\t\t<i class=\"material-icons\">access_time<\/i><br \/>\n\t\t\t\t\t\t\t\t<span><br \/>\n\t\t\t\t\t\t\t\t\t19 set 2019, 14h49 &#8211; Publicado em 19 set 2019, 14h35\t\t\t\t\t\t\t\t<\/span>\n\t\t\t\t\t\t\t<\/p>\n<\/p><\/div>\n<div id=\"\">\n<div class=\"featured-image\">\n<div class=\"image\">\n\t\t\t\t\t\t\t\t\t\t<img decoding=\"async\" src=\"https:\/\/abrilveja.files.wordpress.com\/2019\/07\/rodrigo-maia.png\" class=\"abril-image optimized lazyload\" abril-data-id=\"3214244\"  alt = \"rodrigo-maia C\u00e2mara e Senado construir\u00e3o reforma tribut\u00e1ria de forma conjunta, diz Maia\"title = \"[Tags]\"\/><\/div>\n<p class=\"caption\">Rodrigo Maia, presidente da C\u00e2mara dos Deputados\u00a0(Cristiano Mariz\/VEJA)<\/p>\n<\/p><\/div>\n<p>O presidente da <a href=\"https:\/\/veja.abril.com.br\/noticias-sobre\/camara-dos-deputados\" target=\"_blank\" rel=\"noopener noreferrer\"><strong>C\u00e2mara dos Deputados<\/strong><\/a>, Rodrigo Maia (DEM-RJ), disse nesta quinta-feira, 19, que \u00e9 \u201c100% irrelevante\u201d o fato de a C\u00e2mara ou o <a href=\"https:\/\/veja.abril.com.br\/noticias-sobre\/senado\" target=\"_blank\" rel=\"noopener noreferrer\"><strong>Senado<\/strong><\/a> votarem primeiro o texto de <a href=\"https:\/\/veja.abril.com.br\/noticias-sobre\/reforma-tributaria\" target=\"_blank\" rel=\"noopener noreferrer\"><strong>reforma tribut\u00e1ria<\/strong><\/a>. Segundo ele, como o assunto \u00e9 tratado por proposta de emenda \u00e0 Constitui\u00e7\u00e3o (PEC), as duas casas legislativas obrigatoriamente ter\u00e3o que chegar a um texto \u00fanico sobre o assunto.<\/p>\n<p>\u201cVamos construir, num di\u00e1logo com as duas casas, um texto \u00fanico do Congresso Nacional. A PEC, diferentemente do projeto de lei, precisa ter o mesmo texto aprovado pelas duas casas. Ent\u00e3o, a quest\u00e3o de quem vota primeiro ou depois \u00e9 100% irrelevante. Todos ter\u00e3o seu protagonismo garantido quando a mat\u00e9ria for aprovada no plen\u00e1rio\u201d, afirmou Maia.<\/p>\n<p>Atualmente, h\u00e1 dois textos tramitando no Congresso, um em cada casa. A <span>reforma do Senado cria o Imposto sobre Opera\u00e7\u00f5es com Bens e Servi\u00e7os (IBS), que incide no estado de destino e n\u00e3o de origem. O modelo evita as famosas isen\u00e7\u00f5es para atrair investimento, como ocorre com o ICMS, por exemplo. A proposta est\u00e1 na Comiss\u00e3o de Constitui\u00e7\u00e3o e Justi\u00e7a da Casa, onde o relator do texto, Roberto Rocha (PSDB-MA), apresentou seu parecer na v\u00e9spera. <\/span><\/p>\n<p><span>Pela PEC que chegou ao Senado, o IVA brasileiro se chamaria Imposto sobre Bens e Servi\u00e7os (IBS), e fundiria IPI, Cofins, PIS, IOF e sal\u00e1rio-educa\u00e7\u00e3o, ICMS e o ISS. No entanto, o relator j\u00e1 prop\u00f4s dividir a fus\u00e3o em duas: uma para impostos federais (IPI, Cofins, PIS, IOF e sal\u00e1rio-educa\u00e7\u00e3o) e outra para regionais, como o ICMS (estadual) e o ISS (municipal). A vota\u00e7\u00e3o no colegiado deve ocorrer no dia 2 de outubro.<\/span><\/p>\n<p>J\u00e1 a\u00a0 reforma da C\u00e2mara \u00e9 de autoria do deputado federal Baleia Rossi (MDB-SP) e do economista Bernard Appy e prev\u00ea a unifica\u00e7\u00e3o de cinco impostos \u2013 PIS, Cofins, IPI, ICMS e ISS \u2013, que ser\u00e3o substitu\u00eddos pelo IBS. A pauta est\u00e1 sob an\u00e1lise de comiss\u00e3o especial.<\/p>\n<p>Durante evento sobre o assunto na Amcham, em S\u00e3o Paulo, Maia afirmou que a proposta de reforma tribut\u00e1ria que est\u00e1 no Senado Federal, de autoria do ex-deputado Luiz Carlos Hauly, \u00e9 boa e conhecida pela C\u00e2mara \u2013 a proposta foi discutida nos \u00faltimos dois anos pela Casa, mas n\u00e3o avan\u00e7ou. Ele ponderou, no entanto, que Hauly foi pressionado a fazer muitas concess\u00f5es no texto e acabou incluindo pontos ruins. \u201cComo foi final de legislatura, no fim ele acabou fazendo um arranjo para tentar agradar a muita gente e para poder aprovar o texto e tem coisas ruins\u201d, disse.<\/p>\n<p>\u00a0<\/p>\n<p>O presidente da C\u00e2mara n\u00e3o descartou a ideia de cria\u00e7\u00e3o de uma comiss\u00e3o mista (com senadores e deputados) para tratar da reforma tribut\u00e1ria. \u201cPode ser uma boa ideia, vamos conversar. Ter uma comiss\u00e3o mista que unifique o trabalho, acelere, mostre unidade do Congresso, pode ser muito positivo\u201d, comentou.<\/p>\n<p>Na v\u00e9spera, o ministro da Economia, Paulo Guedes, seguiu o mesmo tom conciliat\u00f3rio para as propostas. O governo pretende apresentar sua pr\u00f3pria reforma em algumas semanas. Segundo ele, a estrat\u00e9gia da equipe econ\u00f4mica para encaminhar a proposta, sem desagradar \u00e0 C\u00e2mara dos Deputados ou ao Senado Federal, deve ser utilizar uma parte de cada uma. \u201cVamos trabalhar com C\u00e2mara e Senado por uma proposta conciliat\u00f3ria\u201d, disse. \u201cImagino que a discuss\u00e3o v\u00e1 at\u00e9 o fim do ano, a seis m\u00e3os\u201d, acrescentou.<\/p>\n<p>Segundo Guedes, o texto do governo j\u00e1 est\u00e1 pronto. At\u00e9 ent\u00e3o, sabe-se que a proposta deve diminuir as dedu\u00e7\u00f5es do IR e aumentar as taxas de isen\u00e7\u00e3o. De acordo com o ministro, a nova CPFM n\u00e3o estar\u00e1 na proposta. A recria\u00e7\u00e3o de um tributo semelhante ao impopular imposto extinto em 2007, que recaia sobre as transa\u00e7\u00f5es financeiras do pa\u00eds, causou a demiss\u00e3o do secret\u00e1rio da Receita Federal, Marcos Cintra, defensor da proposta.<\/p>\n<p>Al\u00e9m dessas tr\u00eas propostas, ainda existe uma reforma concebida por secret\u00e1rios da Fazenda estaduais. O texto deve ser acoplado, em forma de emenda, a proposta na C\u00e2mara. As principais diferen\u00e7as entre as duas equivalem a quem via gerir os recursos coletados e ao tempo de transi\u00e7\u00e3o.<\/p>\n<p>(Com <em>Estad\u00e3o Conte\u00fado<\/em>)<\/p>\n<\/p><\/div>\n<p><br \/>\n<br \/><a href=\"https:\/\/veja.abril.com.br\/economia\/camara-e-senado-construirao-reforma-tributaria-de-forma-conjunta-diz-maia\/\">Fonte do Artigo<\/a><br \/>\nTags: #IBJE #FGV #LOTOFACIL #PTINDER #GMAILGOOGLE <\/p>\n","protected":false},"excerpt":{"rendered":"<p>Governo e parlamentares discutem acordo para definir qual ser\u00e1 a proposta escolhida; circulam em Bras\u00edlia pelo menos quatro textos distintos sobre o assunto Por da Reda\u00e7\u00e3o access_time 19 set 2019, 14h49 &#8211; Publicado em 19 set 2019, 14h35 Rodrigo Maia, presidente da C\u00e2mara dos Deputados\u00a0(Cristiano Mariz\/VEJA) O presidente da C\u00e2mara dos Deputados, Rodrigo Maia (DEM-RJ), [&hellip;]<\/p>\n","protected":false},"author":1,"featured_media":31878,"comment_status":"open","ping_status":"open","sticky":false,"template":"","format":"standard","meta":{"footnotes":""},"categories":[7],"tags":[],"class_list":["post-31877","post","type-post","status-publish","format-standard","has-post-thumbnail","hentry","category-economia"],"_links":{"self":[{"href":"https:\/\/wiy.com.br\/noticias\/wp-json\/wp\/v2\/posts\/31877","targetHints":{"allow":["GET"]}}],"collection":[{"href":"https:\/\/wiy.com.br\/noticias\/wp-json\/wp\/v2\/posts"}],"about":[{"href":"https:\/\/wiy.com.br\/noticias\/wp-json\/wp\/v2\/types\/post"}],"author":[{"embeddable":true,"href":"https:\/\/wiy.com.br\/noticias\/wp-json\/wp\/v2\/users\/1"}],"replies":[{"embeddable":true,"href":"https:\/\/wiy.com.br\/noticias\/wp-json\/wp\/v2\/comments?post=31877"}],"version-history":[{"count":0,"href":"https:\/\/wiy.com.br\/noticias\/wp-json\/wp\/v2\/posts\/31877\/revisions"}],"wp:featuredmedia":[{"embeddable":true,"href":"https:\/\/wiy.com.br\/noticias\/wp-json\/wp\/v2\/media\/31878"}],"wp:attachment":[{"href":"https:\/\/wiy.com.br\/noticias\/wp-json\/wp\/v2\/media?parent=31877"}],"wp:term":[{"taxonomy":"category","embeddable":true,"href":"https:\/\/wiy.com.br\/noticias\/wp-json\/wp\/v2\/categories?post=31877"},{"taxonomy":"post_tag","embeddable":true,"href":"https:\/\/wiy.com.br\/noticias\/wp-json\/wp\/v2\/tags?post=31877"}],"curies":[{"name":"wp","href":"https:\/\/api.w.org\/{rel}","templated":true}]}}