{"id":31806,"date":"2023-02-26T15:50:41","date_gmt":"2023-02-26T18:50:41","guid":{"rendered":"https:\/\/wiy.com.br\/noticias\/petrobras-acelera-desmonte-da-bacia-de-campos-e-mira-o-pre-sal\/"},"modified":"2019-09-28T20:11:19","modified_gmt":"2019-09-28T23:11:19","slug":"petrobras-acelera-desmonte-da-bacia-de-campos-e-mira-o-pre-sal","status":"publish","type":"post","link":"https:\/\/wiy.com.br\/noticias\/petrobras-acelera-desmonte-da-bacia-de-campos-e-mira-o-pre-sal\/","title":{"rendered":"Petrobras acelera desmonte da bacia de Campos e mira o pr\u00e9-sal"},"content":{"rendered":"<p> <br \/>\n<\/p>\n<div id=\"post-3216804\">\n<header class=\"article-header\">\n<h2 class=\"article-subtitle\">Estatal p\u00f5e \u00e0 venda refinarias, dutos e distribui\u00e7\u00e3o, e deixa a explora\u00e7\u00e3o do p\u00f3s-sal com o objetivo de levantar quase R$ 100 bilh\u00f5es<\/h2>\n<p>Por <span>Machado da Costa<\/span><\/p>\n<p>\n\t\t\t\t\t\t\t\t<i class=\"material-icons\">access_time<\/i><br \/>\n\t\t\t\t\t\t\t\t<span><br \/>\n\t\t\t\t\t\t\t\t\t21 set 2019, 08h00\t\t\t\t\t\t\t\t<\/span>\n\t\t\t\t\t\t\t<\/p>\n<\/header>\n<section class=\"share\"><a href=\"whatsapp:\/\/send?text=Petrobras acelera desmonte da bacia de Campos e mira o pr\u00e9-sal https:\/\/veja.abril.com.br\/economia\/petrobras-acelera-desmonte-da-bacia-de-campos-e-mira-o-pre-sal\/?utm_source=whatsapp&amp;utm_medium=social&amp;utm_campaign=barra-compartilhamento VEJA.com\" data-action=\"share\/whatsapp\/share\" class=\"whatsapp  hidden-md hidden-lg\"><i class=\"icon-whatsapp\"\/><\/a><\/p>\n<p>      <a href=\"mailto:?subject=Petrobras acelera desmonte da bacia de Campos e mira o pr\u00e9-sal&amp;body=Petrobras acelera desmonte da bacia de Campos e mira o pr\u00e9-sal https:\/\/veja.abril.com.br\/economia\/petrobras-acelera-desmonte-da-bacia-de-campos-e-mira-o-pre-sal\/?utm_source=email&amp;utm_medium=email&amp;utm_campaign=barra-compartilhamento via VEJA.com\" class=\"\"><i class=\"icon-envelope-o\"\/><\/a><\/p>\n<p>      <a href=\"https:\/\/facebook.com\/sharer\/sharer.php?u=https:\/\/veja.abril.com.br\/economia\/petrobras-acelera-desmonte-da-bacia-de-campos-e-mira-o-pre-sal\/\" target=\"_blank\" class=\"\" rel=\"noopener noreferrer\"><i class=\"icon-facebook\"\/><\/a><\/p>\n<p>      <a href=\"https:\/\/twitter.com\/intent\/tweet?url=https%3A%2F%2Fveja.abril.com.br%2Feconomia%2Fpetrobras-acelera-desmonte-da-bacia-de-campos-e-mira-o-pre-sal%2F&amp;text=Petrobras acelera desmonte da bacia de Campos e mira o pr\u00e9-sal&amp;via=VEJA\" target=\"_blank\" class=\"\" rel=\"noopener noreferrer\"><i class=\"icon-twitter\"\/><\/a><\/p>\n<p>      <a href=\"https:\/\/www.linkedin.com\/shareArticle?mini=true&amp;url=https%3A%2F%2Fveja.abril.com.br%2Feconomia%2Fpetrobras-acelera-desmonte-da-bacia-de-campos-e-mira-o-pre-sal%2F&amp;summary=&amp;source=LinkedIn\" target=\"_blank\" class=\" hidden-sm hidden-xs\" rel=\"noopener noreferrer\"><i class=\"icon-linkedin\"\/><\/a><\/p>\n<p>      <a href=\"fb-messenger:\/\/share\/?link=https:\/\/veja.abril.com.br\/economia\/petrobras-acelera-desmonte-da-bacia-de-campos-e-mira-o-pre-sal\/&amp;app_id=\" class=\"whatsapp  hidden-sm hidden-xs hidden-md hidden-lg\"><i class=\"icon-Facebook-Messenger\"\/><\/a><\/p>\n<p>      <a href=\"#respond\" class=\" hidden-sm hidden-xs hidden-md hidden-lg\"><i class=\"material-icons\">chat_bubble_outline<\/i><\/a><\/p>\n<p>      <i class=\"material-icons\" onclick=\"toggle(this,'.share','more_horiz','close')\">more_horiz<\/i><br \/>\n\t\t\t\t\t\t<\/section>\n<section class=\"article-content\">\n<div class=\"featured-image\">\n<div class=\"image\">\n\t\t\t\t\t\t\t\t\t\t<img decoding=\"async\" src=\"https:\/\/abrilveja.files.wordpress.com\/2016\/06\/petroleo-petrobras-plataforma-2003-original20.jpeg\" class=\"abril-image optimized lazyload\" abril-data-id=\"3216804\"  alt = \"petroleo-petrobras-plataforma-2003-original20 Petrobras acelera desmonte da bacia de Campos e mira o pr\u00e9-sal\"title = \"[Tags]\"\/><\/div>\n<p class=\"caption\">Plataforma de petr\u00f3leo da Petrobras na bacia de Campos, no Rio de Janeiro: 34 plataformas ser\u00e3o desativadas nos pr\u00f3ximos anos\u00a0(Marcelo Say\u00e3o\/EFE\/VEJA)<\/p>\n<\/p><\/div>\n<p>Foi uma era de ouro. S\u00e3o mais de 30 plataformas da <strong><a href=\"https:\/\/veja.abril.com.br\/noticias-sobre\/bndes\/\">Petrobras <\/a><\/strong>que ainda trabalham na bacia de Campos, no <strong><a href=\"https:\/\/veja.abril.com.br\/noticias-sobre\/rio-de-janeiro\/\">Rio de Janeiro<\/a><\/strong>. Foi l\u00e1 onde a estatal tornou-se a maior especialista em explora\u00e7\u00e3o de <strong><a href=\"https:\/\/veja.abril.com.br\/noticias-sobre\/petroleo\/\">petr\u00f3leo<\/a><\/strong> em alto mar. Agora, pouco a pouco, a empresa vai deixando esses dias de gl\u00f3ria para tr\u00e1s para focar no <strong><a href=\"https:\/\/veja.abril.com.br\/noticias-sobre\/pre-sal\/\">pr\u00e9-sal<\/a><\/strong>.\u00a0Por determina\u00e7\u00e3o da Ag\u00eancia Nacional do Petr\u00f3leo (ANP), a estatal est\u00e1 se desfazendo de 250 concess\u00f5es, uma grande parte deles na bacia de Campos. De imediato, 180 est\u00e3o sendo repassadas para a iniciativa privada. O objetivo da ANP \u00e9 que outras empresas fa\u00e7am prospec\u00e7\u00e3o em \u00e1reas n\u00e3o exploradas e reativem po\u00e7os que ainda tenham petr\u00f3leo para ser retirado.<\/p>\n<p>Al\u00e9m disso, oito plataformas est\u00e3o sendo descomissionadas este ano \u2014 o termo t\u00e9cnico para a desativa\u00e7\u00e3o. Empresas est\u00e3o sendo contratadas para o desmonte e venda da sucata. Segundo a ANP, nos pr\u00f3ximos 10 anos, 34 plataformas presentes na bacia de Campos ser\u00e3o descomissionadas. Em todo o Brasil s\u00e3o 66, todas na camada chamada de p\u00f3s-sal.<\/p>\n<p>Al\u00e9m desse movimento, a Petrobras tamb\u00e9m est\u00e1 vendendo oito refinarias, dutos e distribui\u00e7\u00e3o, num projeto de levantar quase 100 bilh\u00f5es de reais, que ser\u00e3o usados para investimentos e abatimento da d\u00edvida de quase 400 bilh\u00f5es de reais da companhia. Tudo para focar no pr\u00e9-sal, que tem surpreendido pela produtividade e qualidade do \u00f3leo.<\/p>\n<p>Joga contra, no entanto, segundo gente gabaritada da pr\u00f3pria empresa, a sa\u00edda de importantes quadros t\u00e9cnicos desde que a estatal passou a fazer Programas de Demiss\u00e3o Volunt\u00e1ria (PDV), em 2014. Constam nessa rela\u00e7\u00e3o Carlos Tadeu Fraga, que liderou o time de Pesquisa e Desenvolvimento da Petrobras, e Jos\u00e9 Formigli, engenheiro da estatal por mais de 32 anos.<\/p>\n<p>Leia mais sobre a <a href=\"https:\/\/veja.abril.com.br\/economia\/petroleo-crise-arabia-saudita\/\">chance de ouro para o pr\u00e9-sal brasileiro<\/a>.<\/p>\n<\/section>\n<section class=\"article-tags\"><span><br \/>\n\t\t\t\t\t\t\t\t\tNot\u00edcias sobre\t\t\t\t\t\t\t\t<\/span><br \/>\n\t\t\t\t\t\t\t\t<a href=\"https:\/\/veja.abril.com.br\/noticias-sobre\/investimento\/\" rel=\"tag\">investimento<\/a><a href=\"https:\/\/veja.abril.com.br\/noticias-sobre\/petrobras\/\" rel=\"tag\">Petrobras<\/a><a href=\"https:\/\/veja.abril.com.br\/noticias-sobre\/pre-sal\/\" rel=\"tag\">Pr\u00e9-sal<\/a><a href=\"https:\/\/veja.abril.com.br\/noticias-sobre\/rio-de-janeiro\/\" rel=\"tag\">Rio de Janeiro<\/a>\t\t\t\t\t\t\t<\/section>\n<\/p><\/div>\n<p><script async src=\"http:\/\/platform.twitter.com\/widgets.js\" charset=\"utf-8\"><\/script><br \/>\n<br \/><br \/>\n<br \/><a href=\"https:\/\/veja.abril.com.br\/economia\/petrobras-acelera-desmonte-da-bacia-de-campos-e-mira-o-pre-sal\/\">Fonte do Artigo<\/a><br \/>\nTags: #IBJE #FGV #LOTOFACIL #PTINDER #GMAILGOOGLE <\/p>\n","protected":false},"excerpt":{"rendered":"<p>Estatal p\u00f5e \u00e0 venda refinarias, dutos e distribui\u00e7\u00e3o, e deixa a explora\u00e7\u00e3o do p\u00f3s-sal com o objetivo de levantar quase R$ 100 bilh\u00f5es Por Machado da Costa access_time 21 set 2019, 08h00 chat_bubble_outline more_horiz Plataforma de petr\u00f3leo da Petrobras na bacia de Campos, no Rio de Janeiro: 34 plataformas ser\u00e3o desativadas nos pr\u00f3ximos anos\u00a0(Marcelo Say\u00e3o\/EFE\/VEJA) [&hellip;]<\/p>\n","protected":false},"author":1,"featured_media":31807,"comment_status":"open","ping_status":"open","sticky":false,"template":"","format":"standard","meta":{"footnotes":""},"categories":[7],"tags":[],"class_list":["post-31806","post","type-post","status-publish","format-standard","has-post-thumbnail","hentry","category-economia"],"_links":{"self":[{"href":"https:\/\/wiy.com.br\/noticias\/wp-json\/wp\/v2\/posts\/31806","targetHints":{"allow":["GET"]}}],"collection":[{"href":"https:\/\/wiy.com.br\/noticias\/wp-json\/wp\/v2\/posts"}],"about":[{"href":"https:\/\/wiy.com.br\/noticias\/wp-json\/wp\/v2\/types\/post"}],"author":[{"embeddable":true,"href":"https:\/\/wiy.com.br\/noticias\/wp-json\/wp\/v2\/users\/1"}],"replies":[{"embeddable":true,"href":"https:\/\/wiy.com.br\/noticias\/wp-json\/wp\/v2\/comments?post=31806"}],"version-history":[{"count":0,"href":"https:\/\/wiy.com.br\/noticias\/wp-json\/wp\/v2\/posts\/31806\/revisions"}],"wp:featuredmedia":[{"embeddable":true,"href":"https:\/\/wiy.com.br\/noticias\/wp-json\/wp\/v2\/media\/31807"}],"wp:attachment":[{"href":"https:\/\/wiy.com.br\/noticias\/wp-json\/wp\/v2\/media?parent=31806"}],"wp:term":[{"taxonomy":"category","embeddable":true,"href":"https:\/\/wiy.com.br\/noticias\/wp-json\/wp\/v2\/categories?post=31806"},{"taxonomy":"post_tag","embeddable":true,"href":"https:\/\/wiy.com.br\/noticias\/wp-json\/wp\/v2\/tags?post=31806"}],"curies":[{"name":"wp","href":"https:\/\/api.w.org\/{rel}","templated":true}]}}