{"id":31674,"date":"2023-02-26T14:57:26","date_gmt":"2023-02-26T17:57:26","guid":{"rendered":"https:\/\/wiy.com.br\/noticias\/drake-nao-autoriza-transmissao-de-show-no-rock-in-rio-2019\/"},"modified":"2019-09-27T22:28:08","modified_gmt":"2019-09-28T01:28:08","slug":"drake-nao-autoriza-transmissao-de-show-no-rock-in-rio-2019","status":"publish","type":"post","link":"https:\/\/wiy.com.br\/noticias\/drake-nao-autoriza-transmissao-de-show-no-rock-in-rio-2019\/","title":{"rendered":"Drake n\u00e3o autoriza transmiss\u00e3o de show no Rock in Rio 2019"},"content":{"rendered":"<p> <br \/>\n<br \/>O rapper canadense Drake, principal atra\u00e7\u00e3o da primeira noite do Rock in Rio 2019, n\u00e3o autorizou a transmiss\u00e3o de seu show no festival. At\u00e9 o momento, o motivo para isso ainda n\u00e3o foi informado. Por causa disso, o canal Multishow n\u00e3o passar\u00e1 a&#8230;<\/p>\n<p><a href=\"https:\/\/extra.globo.com\/tv-e-lazer\/rock-in-rio\/drake-nao-autoriza-transmissao-de-show-no-rock-in-rio-2019-23981139.html\">Leia mais<\/a><\/p>\n<p>\t\t\t\t\t\t\t\t\t\t\t<img title = \"[Tags]\"alt = \"77682525_files-in-this-file-photo-taken-on-july-20-2017-rapper-drake-looks-on-prior-to-the-inter Drake n\u00e3o autoriza transmiss\u00e3o de show no Rock in Rio 2019\"decoding=\"async\" src=\"https:\/\/extra.globo.com\/incoming\/23981148-1c7-7c7\/w311h175-PROP\/77682525_files-in-this-file-photo-taken-on-july-20-2017-rapper-drake-looks-on-prior-to-the-inter.jpg\" \/><br \/>\n<br \/><br \/>\n<br \/><a href=\"https:\/\/extra.globo.com\/tv-e-lazer\/rock-in-rio\/drake-nao-autoriza-transmissao-de-show-no-rock-in-rio-2019-23981139.html\">Fonte do Artigo <\/a><br \/>\nTags:<br \/>\n#noticia #n #noticias #venezuela #o #instagram #cicpc #policia #ultimahora #seguridad #informaci #portuseguridad #paz #urgente #tudenunciaeslapazdetodos #atenci #policiacientifica #criminalisticacicpc #criminalistica #not #douglasrico #eficienciaonada #gobiernodecalle #brasil #sucesos #jornalismo #informa #news #a<\/p>\n","protected":false},"excerpt":{"rendered":"<p>O rapper canadense Drake, principal atra\u00e7\u00e3o da primeira noite do Rock in Rio 2019, n\u00e3o autorizou a transmiss\u00e3o de seu show no festival. At\u00e9 o momento, o motivo para isso ainda n\u00e3o foi informado. Por causa disso, o canal Multishow n\u00e3o passar\u00e1 a&#8230; Leia mais Fonte do Artigo Tags: #noticia #n #noticias #venezuela #o #instagram [&hellip;]<\/p>\n","protected":false},"author":1,"featured_media":31675,"comment_status":"open","ping_status":"open","sticky":false,"template":"","format":"standard","meta":{"footnotes":""},"categories":[337],"tags":[],"class_list":["post-31674","post","type-post","status-publish","format-standard","has-post-thumbnail","hentry","category-noticias"],"_links":{"self":[{"href":"https:\/\/wiy.com.br\/noticias\/wp-json\/wp\/v2\/posts\/31674","targetHints":{"allow":["GET"]}}],"collection":[{"href":"https:\/\/wiy.com.br\/noticias\/wp-json\/wp\/v2\/posts"}],"about":[{"href":"https:\/\/wiy.com.br\/noticias\/wp-json\/wp\/v2\/types\/post"}],"author":[{"embeddable":true,"href":"https:\/\/wiy.com.br\/noticias\/wp-json\/wp\/v2\/users\/1"}],"replies":[{"embeddable":true,"href":"https:\/\/wiy.com.br\/noticias\/wp-json\/wp\/v2\/comments?post=31674"}],"version-history":[{"count":0,"href":"https:\/\/wiy.com.br\/noticias\/wp-json\/wp\/v2\/posts\/31674\/revisions"}],"wp:featuredmedia":[{"embeddable":true,"href":"https:\/\/wiy.com.br\/noticias\/wp-json\/wp\/v2\/media\/31675"}],"wp:attachment":[{"href":"https:\/\/wiy.com.br\/noticias\/wp-json\/wp\/v2\/media?parent=31674"}],"wp:term":[{"taxonomy":"category","embeddable":true,"href":"https:\/\/wiy.com.br\/noticias\/wp-json\/wp\/v2\/categories?post=31674"},{"taxonomy":"post_tag","embeddable":true,"href":"https:\/\/wiy.com.br\/noticias\/wp-json\/wp\/v2\/tags?post=31674"}],"curies":[{"name":"wp","href":"https:\/\/api.w.org\/{rel}","templated":true}]}}