{"id":31529,"date":"2023-02-26T15:13:32","date_gmt":"2023-02-26T18:13:32","guid":{"rendered":"https:\/\/wiy.com.br\/noticias\/valor-do-diesel-recua-nas-bombas\/"},"modified":"2019-09-27T07:34:12","modified_gmt":"2019-09-27T10:34:12","slug":"valor-do-diesel-recua-nas-bombas","status":"publish","type":"post","link":"https:\/\/wiy.com.br\/noticias\/valor-do-diesel-recua-nas-bombas\/","title":{"rendered":"Valor do diesel recua nas bombas"},"content":{"rendered":"<p> <br \/>\n<\/p>\n<div id=\"\">\n<div class=\"blog-author-single\">\n<div class=\"author-content\">\n<div class=\"img-top-blog chapeu\">\n<div>\n          <a href=\"https:\/\/veja.abril.com.br\/blog\/radar\/ \"><br \/>\n            <img title = \"[Tags]\"alt = \"robson-bonin-120 Valor do diesel recua nas bombas\"decoding=\"async\" class=\"author-image\" src=\"https:\/\/abrilveja.files.wordpress.com\/2019\/07\/robson-bonin-120.png?w=120\"\/><\/a>\n        <\/div>\n<\/p><\/div>\n<\/div><\/div>\n<h2 class=\"article-subtitle\">Em agosto, o pre\u00e7o do combust\u00edvel recuou 0,6% nas bombas de todo o Pa\u00eds<\/h2>\n<p>Por <span>Pedro Carvalho<\/span><\/p>\n<p>\n\t\t\t\t\t\t\t\t<i class=\"material-icons\">access_time<\/i><br \/>\n\t\t\t\t\t\t\t\t<span><br \/>\n\t\t\t\t\t\t\t\t\t24 set 2019, 15h20\t\t\t\t\t\t\t\t<\/span>\n\t\t\t\t\t\t\t<\/p>\n<\/p><\/div>\n<div id=\"\">\n<div class=\"featured-image\">\n<div class=\"image\">\n\t\t\t\t\t\t\t\t\t\t<img decoding=\"async\" src=\"https:\/\/abrilveja.files.wordpress.com\/2016\/06\/alx_economia-canavial-etanol-cana-de-acucar-original-20140821-006_original4.jpeg\" class=\"abril-image optimized lazyload\" abril-data-id=\"3216345\"  alt = \"robson-bonin-120 Valor do diesel recua nas bombas\"title = \"[Tags]\"\/><\/div>\n<p class=\"caption\">Adi\u00e7\u00e3o de biodiesel passar\u00e1 de 6% para 7% a partir de 1\u00ba de novembro deste ano\u00a0(Rafael Neddermeyer\/Fotos P\u00fablicas\/VEJA)<\/p>\n<\/p><\/div>\n<p>A alta varia\u00e7\u00e3o no pre\u00e7o do diesel nos postos brasileiros est\u00e1 entre os destaques do levantamento de agosto do \u00cdndice de Pre\u00e7os Ticket Log (IPTL). A diferen\u00e7a chega a 15%, quando a m\u00e9dia da Regi\u00e3o Sul, de 3,378 reais, \u00e9 comparada com a m\u00e9dia da Regi\u00e3o Norte, de 3,98 reais. J\u00e1 na m\u00e9dia nacional, mesmo com a expectativa de alta, o pre\u00e7o do litro recuou 0,6% nas bombas de todo o Pa\u00eds.<\/p>\n<p>As Regi\u00f5es Sul e Sudeste novamente lideram com os menores pre\u00e7os, com m\u00e9dias de 3,378 e 3,57, respectivamente. O Paran\u00e1, pelo segundo m\u00eas consecutivo, se destaca com o menor valor do litro, vendido a 3,312. J\u00e1 a redu\u00e7\u00e3o mais significativa para o combust\u00edvel foi registrada no Amap\u00e1, com recuo de 3,5% e o litro vendido a 4,383, ante os 4,542 de julho. No Centro-Oeste e no Nordeste, o pre\u00e7o m\u00e9dio do combust\u00edvel tamb\u00e9m recuou: 1,7% e 1,9%, respectivamente.<\/p>\n<\/p><\/div>\n<p><br \/>\n<br \/><a href=\"https:\/\/veja.abril.com.br\/blog\/radar\/valor-do-diesel-recua-nas-bombas\/\">Fonte do Artigo<\/a><br \/>\nTags: #IBJE #FGV #LOTOFACIL #PTINDER #GMAILGOOGLE <\/p>\n","protected":false},"excerpt":{"rendered":"<p>Em agosto, o pre\u00e7o do combust\u00edvel recuou 0,6% nas bombas de todo o Pa\u00eds Por Pedro Carvalho access_time 24 set 2019, 15h20 Adi\u00e7\u00e3o de biodiesel passar\u00e1 de 6% para 7% a partir de 1\u00ba de novembro deste ano\u00a0(Rafael Neddermeyer\/Fotos P\u00fablicas\/VEJA) A alta varia\u00e7\u00e3o no pre\u00e7o do diesel nos postos brasileiros est\u00e1 entre os destaques do [&hellip;]<\/p>\n","protected":false},"author":1,"featured_media":31530,"comment_status":"open","ping_status":"open","sticky":false,"template":"","format":"standard","meta":{"footnotes":""},"categories":[7],"tags":[],"class_list":["post-31529","post","type-post","status-publish","format-standard","has-post-thumbnail","hentry","category-economia"],"_links":{"self":[{"href":"https:\/\/wiy.com.br\/noticias\/wp-json\/wp\/v2\/posts\/31529","targetHints":{"allow":["GET"]}}],"collection":[{"href":"https:\/\/wiy.com.br\/noticias\/wp-json\/wp\/v2\/posts"}],"about":[{"href":"https:\/\/wiy.com.br\/noticias\/wp-json\/wp\/v2\/types\/post"}],"author":[{"embeddable":true,"href":"https:\/\/wiy.com.br\/noticias\/wp-json\/wp\/v2\/users\/1"}],"replies":[{"embeddable":true,"href":"https:\/\/wiy.com.br\/noticias\/wp-json\/wp\/v2\/comments?post=31529"}],"version-history":[{"count":0,"href":"https:\/\/wiy.com.br\/noticias\/wp-json\/wp\/v2\/posts\/31529\/revisions"}],"wp:featuredmedia":[{"embeddable":true,"href":"https:\/\/wiy.com.br\/noticias\/wp-json\/wp\/v2\/media\/31530"}],"wp:attachment":[{"href":"https:\/\/wiy.com.br\/noticias\/wp-json\/wp\/v2\/media?parent=31529"}],"wp:term":[{"taxonomy":"category","embeddable":true,"href":"https:\/\/wiy.com.br\/noticias\/wp-json\/wp\/v2\/categories?post=31529"},{"taxonomy":"post_tag","embeddable":true,"href":"https:\/\/wiy.com.br\/noticias\/wp-json\/wp\/v2\/tags?post=31529"}],"curies":[{"name":"wp","href":"https:\/\/api.w.org\/{rel}","templated":true}]}}