{"id":31437,"date":"2023-02-26T14:58:08","date_gmt":"2023-02-26T17:58:08","guid":{"rendered":"https:\/\/wiy.com.br\/noticias\/o-que-o-governo-fara-por-voces-nada-diz-weintraub-a-faculdades-privadas\/"},"modified":"2019-09-26T18:03:06","modified_gmt":"2019-09-26T21:03:06","slug":"o-que-o-governo-fara-por-voces-nada-diz-weintraub-a-faculdades-privadas","status":"publish","type":"post","link":"https:\/\/wiy.com.br\/noticias\/o-que-o-governo-fara-por-voces-nada-diz-weintraub-a-faculdades-privadas\/","title":{"rendered":"O que o governo far\u00e1 por voc\u00eas? Nada, diz Weintraub a faculdades privadas"},"content":{"rendered":"<p> <br \/>\n<\/p>\n<p>&#8220;O que o governo vai fazer por voc\u00eas? Nada, o governo n\u00e3o vai fazer nada. Voc\u00eas t\u00eam que se virar.&#8221; Esse foi o in\u00edcio do discurso do ministro da Educa\u00e7\u00e3o, <strong><a href=\"https:\/\/exame.abril.com.br\/noticias-sobre\/abraham-weintraub\/\">Abraham Weintraub<\/a><\/strong>, na manh\u00e3 desta quinta-feira (26) durante a abertura do F\u00f3rum Nacional do Ensino Superior.<\/p>\n<p>A resposta foi direcionada ao presidente do Semesp, entidade que representa os donos de <strong><a href=\"https:\/\/exame.abril.com.br\/noticias-sobre\/faculdade-e-universidades\">faculdades particulares<\/a><\/strong>, que o questionou minutos antes sobre qual \u00e9 a pol\u00edtica do governo para recuperar o Financiamento Estudantil (Fies).<\/p>\n<p>Com discurso agressivo e cr\u00edticas aos professores de universidades federais, o ministro pediu apoio do setor privado ao projeto Future-se.<\/p>\n<p>Weintraub defendeu o Future-se e a autorregula\u00e7\u00e3o das faculdades privadas. O jornal O Estado de S. Paulo mostrou esta semana que o MEC quer exigir a contrata\u00e7\u00e3o dos professores via CLT (carteira assinada), e n\u00e3o por concurso p\u00fablico, para ades\u00e3o ao Future-se, novo programa da pasta para captar verbas privadas.<\/p>\n<p>A maioria das universidades federais, no entanto, rejeita o programa. &#8220;Pela primeira vez em cem anos, o Pa\u00eds tem um liberal na Presid\u00eancia e \u00e0 frente do MEC. Aproveitem essa oportunidade, aproveitem que n\u00e3o ficamos criando problema para vender solu\u00e7\u00e3o.&#8221;<\/p>\n<p>Hermes Fonseca, presidente do Semesp, havia lan\u00e7ado o que chamou de &#8220;provoca\u00e7\u00f5es&#8221;. Ele questionou se o governo estudava a cobran\u00e7a de mensalidade nas universidades p\u00fablicas e se havia uma proposta para o Fies que, segundo ele, est\u00e1 falindo. &#8220;O governo n\u00e3o vai fazer nada por voc\u00eas. A pergunta \u00e9: o que voc\u00eas v\u00e3o fazer por voc\u00eas mesmos?&#8221;, devolveu o ministro.<\/p>\n<p>&#8220;O Fies foi um crime do ponto de vista financeiro. Metade dos alunos financiados est\u00e1 inadimplente. \u00c9 uma bomba que vai ter de ser desatada. Muitos de voc\u00eas aqui est\u00e3o com esse problema nas m\u00e3os&#8221;, disse o ministro.<\/p>\n<p>O tom causou desconforto na plateia, composta por donos e dirigentes de entidades particulares de ensino superior.<\/p>\n<div class=\"widget-news widget-box no-margin no-border\"><span class=\"widget-news-title content-box-title\">Veja tamb\u00e9m<\/span><\/p>\n<ul class=\"widget-news-list\">\n<li class=\"widget-news-item without-thumb with-border\">\n<div class=\"widget-news-info\"><a href=\"http:\/\/exame.abril.com.br\/brasil\">BRASIL<\/a><span class=\"widget-news-item-title\"><a href=\"https:\/\/exame.abril.com.br\/brasil\/maioria-das-universidades-federais-rejeita-o-future-se-plano-do-mec\/\">Maioria das universidades federais rejeita o Future-se, plano do MEC<\/a><\/span><span class=\"widget-news-item-date\">26 set 2019 &#8211; 10h09<\/span><\/div>\n<\/li>\n<li class=\"widget-news-item without-thumb with-border\">\n<div class=\"widget-news-info\"><a href=\"http:\/\/exame.abril.com.br\/brasil\">BRASIL<\/a><span class=\"widget-news-item-title\"><a href=\"https:\/\/exame.abril.com.br\/brasil\/weintraub-diz-que-questoes-ideologicas-estao-fora-do-enem\/\">Weintraub diz que quest\u00f5es &#8220;ideol\u00f3gicas&#8221; est\u00e3o fora do Enem<\/a><\/span><span class=\"widget-news-item-date\">25 set 2019 &#8211; 08h09<\/span><\/div>\n<\/li>\n<\/ul>\n<\/div>\n<h3>Critica da cor vermelha<\/h3>\n<p>Weintraub tamb\u00e9m criticou a cor do painel do evento, vermelha, e sugeriu \u00e0 organiza\u00e7\u00e3o que mudasse o slogan (&#8220;Uma nova forma de pensar a educa\u00e7\u00e3o&#8221;). &#8220;Tem de tirar educa\u00e7\u00e3o e p\u00f4r ensino. A gente n\u00e3o tem de dar educa\u00e7\u00e3o, mas sim ensino. Quem educa \u00e9 a fam\u00edlia&#8221;, afirmou.<\/p>\n<p>O ministro, por\u00e9m, defendeu afrouxar as regras de fiscaliza\u00e7\u00e3o e credenciamento para a abertura de novos cursos e faculdades privadas. Segundo ele, o mercado pode se autorregular e cobrou que o setor \u00e9 quem deve apresentar a proposta de autorregula\u00e7\u00e3o para o MEC.<\/p>\n<p>&#8220;Vamos dar liberdade e cobrar responsabilidade (das entidades de ensino privado). Quem pisar fora da linha, vai ter de lidar com o juiz S\u00e9rgio Moro (atual ministro da Justi\u00e7a e da Seguran\u00e7a P\u00fablica)&#8221;, disse.<\/p>\n<p>&#8220;Inclusive, alguns de voc\u00eas j\u00e1 foram pegos&#8221;, completou o ministro, rindo, em alus\u00e3o \u00e0 Lava Jato da Educa\u00e7\u00e3o, anunciada para investigar supostas irregularidades em contratos do minist\u00e9rio, mas que at\u00e9 agora n\u00e3o teve nenhuma den\u00fancia apresentada.<\/p>\n<p>Em uma fala de 20 minutos, Weintraub tamb\u00e9m criticou a nova proposta que est\u00e1 sendo debatida para o Fundo Nacional de Desenvolvimento da Educa\u00e7\u00e3o B\u00e1sica (Fundeb), principal mecanismo de financiamento do ensino b\u00e1sico do Pa\u00eds. O Congresso sugere aumentar a participa\u00e7\u00e3o da Uni\u00e3o a esse fundo de 10% do valor total para 40%, o que foi rejeitado pelo MEC.<\/p>\n<p>O ministro disse que o principal problema do MEC \u00e9 &#8220;gastar uma fortuna com um grupo pequeno de pessoas&#8221; que s\u00e3o os professores das universidades federais.<\/p>\n<p>&#8220;Eu tenho que ir atr\u00e1s da zebra mais gorda, que est\u00e1 na universidade federal trabalhando em regime de dedica\u00e7\u00e3o exclusiva para dar s\u00f3 8 horas de aula por semana e ganhar R$ 15 mil, R$ 20 mil.&#8221;<\/p>\n<p>Apesar das cr\u00edticas ao evento e de dizer que &#8220;o governo n\u00e3o vai fazer nada para o setor&#8221;, o ministro pediu o apoio dos donos de faculdades privadas para a defesa e aprova\u00e7\u00e3o do Future-se e para rejeitar a atual proposta do Fundeb.<\/p>\n<p>&#8220;A gente precisa do apoio de voc\u00eas para o Future-se, que vai desafogar o minist\u00e9rio, e para um Fundeb correto. A atual proposta vai quebrar o governo e a\u00ed n\u00e3o vai haver financiamento para o setor privado&#8221;, disse.<\/p>\n<h3>Setor<\/h3>\n<p>Os diretores do setor disseram ao jornal O Estado de S. Paulo ver com preocupa\u00e7\u00e3o a fala do ministro. Eles defendem que o governo precisa ter uma pol\u00edtica de financiamento estudantil, uma vez que as universidades p\u00fablicas s\u00f3 s\u00e3o respons\u00e1veis por 35% das matr\u00edculas no ensino superior.<\/p>\n<p>&#8220;\u00c9 muito preocupante esse posicionamento. A gente entende que h\u00e1 um problema fiscal no Brasil e que houve um descontrole no Fies, mas n\u00e3o h\u00e1 pa\u00eds nenhum no mundo que n\u00e3o tenha uma pol\u00edtica p\u00fablica que pense em ampliar o acesso ao ensino superior. Qualquer pa\u00eds, do mais ao menos liberal, tem uma pol\u00edtica para esse acesso, porque \u00e9 uma forma de reduzir desigualdade, \u00e9 desenvolvimento econ\u00f4mico&#8221;, disse Rodrigo Capelato, diretor executivo do Semesp.<\/p>\n<p>At\u00e9 mesmo a defesa de autorregula\u00e7\u00e3o do setor preocupou os presentes. Eles defendem a autorregula\u00e7\u00e3o, mas com a cria\u00e7\u00e3o de uma ag\u00eancia reguladora para avalia\u00e7\u00e3o do ensino superior, e n\u00e3o o que o mercado se autorregule, como defende o ministro.<\/p>\n<p>&#8220;Uma ag\u00eancia reguladora, cujas regras v\u00e3o ser feitas pelo pr\u00f3prio setor, pelos pares. N\u00e3o h\u00e1 como voc\u00ea montar uma ag\u00eancia de acredita\u00e7\u00e3o, com todas as pe\u00e7as da avalia\u00e7\u00e3o, com gente de fora&#8221;, defendeu Capelato.<\/p>\n<p>A permiss\u00e3o de funcionamento das institui\u00e7\u00f5es de ensino superior segundo ele, permaneceria sendo de responsabilidade do MEC.<\/p>\n<h3>Future-se<\/h3>\n<p>Questionado por jornalistas sobre como estaria o apoio ao Future-se, o ministro disse que a proposta foi bem recebida e que &#8220;ao menos 15 universidades federais&#8221; j\u00e1 o teriam defendido. Indagado sobre quais seriam essas universidades, ele citou apenas a Universidade Federal de S\u00e3o Carlos (UFSCar) e o Instituto Tecnol\u00f3gico de Aeron\u00e1utica (ITA).<\/p>\n<p>Em nota ao jornal O Estado de S. Paulo, a UFSCar disse ainda n\u00e3o ter se decidido sobre a ades\u00e3o ao programa e a reitora Wanda Hoffmann, mesmo tendo manifestado posi\u00e7\u00f5es positivas que rela\u00e7\u00e3o ao Future-se, disse em reuni\u00e3o na semana passada em Bras\u00edlia que se preocupa com a perda da autonomia que o programa pode trazer<\/p>\n<p>&#8220;\u00c9 uma proposta 100% democr\u00e1tica, que j\u00e1 teve mais de 60 mil contribui\u00e7\u00f5es que agora estamos analisando para fazer os ajustes necess\u00e1rios e enviar um projeto de lei para o Congresso&#8221;, disse.<\/p>\n<p>O jornal O Estado de S. Paulo apurou que o projeto tamb\u00e9m tem pouco apoio entre os parlamentares.<\/p>\n<p><br \/>\n<br \/><a href=\"https:\/\/exame.abril.com.br\/brasil\/ministro-da-educacao-defende-que-universidades-privadas-se-autorregulem\/\">Fonte do artigo <\/a><br \/>\nTags:<br \/>\n#politica #political #negocios #business #marketingdigital #empreendedorismo #marketing #emprendedores #empreender #sucesso #empresas #emprendimiento #emprendedor #empreendedor #emprender #dinheiro #dinero #empresario #vendas #liderazgo #motivacion #foco #motivacao #negocio #brasil<\/p>\n","protected":false},"excerpt":{"rendered":"<p>&#8220;O que o governo vai fazer por voc\u00eas? Nada, o governo n\u00e3o vai fazer nada. Voc\u00eas t\u00eam que se virar.&#8221; Esse foi o in\u00edcio do discurso do ministro da Educa\u00e7\u00e3o, Abraham Weintraub, na manh\u00e3 desta quinta-feira (26) durante a abertura do F\u00f3rum Nacional do Ensino Superior. A resposta foi direcionada ao presidente do Semesp, entidade [&hellip;]<\/p>\n","protected":false},"author":1,"featured_media":31438,"comment_status":"open","ping_status":"open","sticky":false,"template":"","format":"standard","meta":{"footnotes":""},"categories":[1],"tags":[],"class_list":["post-31437","post","type-post","status-publish","format-standard","has-post-thumbnail","hentry","category-curso-de-copy"],"_links":{"self":[{"href":"https:\/\/wiy.com.br\/noticias\/wp-json\/wp\/v2\/posts\/31437","targetHints":{"allow":["GET"]}}],"collection":[{"href":"https:\/\/wiy.com.br\/noticias\/wp-json\/wp\/v2\/posts"}],"about":[{"href":"https:\/\/wiy.com.br\/noticias\/wp-json\/wp\/v2\/types\/post"}],"author":[{"embeddable":true,"href":"https:\/\/wiy.com.br\/noticias\/wp-json\/wp\/v2\/users\/1"}],"replies":[{"embeddable":true,"href":"https:\/\/wiy.com.br\/noticias\/wp-json\/wp\/v2\/comments?post=31437"}],"version-history":[{"count":0,"href":"https:\/\/wiy.com.br\/noticias\/wp-json\/wp\/v2\/posts\/31437\/revisions"}],"wp:featuredmedia":[{"embeddable":true,"href":"https:\/\/wiy.com.br\/noticias\/wp-json\/wp\/v2\/media\/31438"}],"wp:attachment":[{"href":"https:\/\/wiy.com.br\/noticias\/wp-json\/wp\/v2\/media?parent=31437"}],"wp:term":[{"taxonomy":"category","embeddable":true,"href":"https:\/\/wiy.com.br\/noticias\/wp-json\/wp\/v2\/categories?post=31437"},{"taxonomy":"post_tag","embeddable":true,"href":"https:\/\/wiy.com.br\/noticias\/wp-json\/wp\/v2\/tags?post=31437"}],"curies":[{"name":"wp","href":"https:\/\/api.w.org\/{rel}","templated":true}]}}