{"id":31393,"date":"2023-02-26T15:23:25","date_gmt":"2023-02-26T18:23:25","guid":{"rendered":"https:\/\/wiy.com.br\/noticias\/lula-fara-alegacoes-finais-apos-delatores-em-processo-do-instituto-lula\/"},"modified":"2019-09-26T12:58:34","modified_gmt":"2019-09-26T15:58:34","slug":"lula-fara-alegacoes-finais-apos-delatores-em-processo-do-instituto-lula","status":"publish","type":"post","link":"https:\/\/wiy.com.br\/noticias\/lula-fara-alegacoes-finais-apos-delatores-em-processo-do-instituto-lula\/","title":{"rendered":"Lula far\u00e1 alega\u00e7\u00f5es finais ap\u00f3s delatores em processo do Instituto Lula"},"content":{"rendered":"<p> <br \/>\n<\/p>\n<p>A defesa do ex-presidente <strong><a href=\"https:\/\/exame.abril.com.br\/noticias-sobre\/luiz-inacio-lula-da-silva\/\">Luiz In\u00e1cio Lula da Silva<\/a><\/strong> ter\u00e1 direito a apresentar novas alega\u00e7\u00f5es finais no processo em que ele \u00e9 acusado de receber R$ 12 milh\u00f5es em propinas da Odebrecht, na compra de um terreno em S\u00e3o Paulo para ser a sede do Instituto Lula. O petista \u00e9 r\u00e9u neste processo da Opera\u00e7\u00e3o Lava Jato em Curitiba.<\/p>\n<p>Mesmo sem a finaliza\u00e7\u00e3o do julgamento iniciado nesta quarta-feira, 25, pelo Supremo Tribunal Federal (STF) sobre o direito do acusado em apresentar suas alega\u00e7\u00f5es finais, o juiz Luiz Ant\u00f4nio Bonat, titular da Lava Jato, em Curitiba, determinou a abertura de novos prazos para as defesas se manifestarem, antes do julgamento, em ordem sucessiva: primeiramente, os r\u00e9us delatores e, depois, os r\u00e9us n\u00e3o delatores.<\/p>\n<p>&#8220;Com a juntada dos pareceres t\u00e9cnicos, retornem os autos \u00e0 conclus\u00e3o, para determina\u00e7\u00f5es quanto \u00e0 intima\u00e7\u00e3o para apresenta\u00e7\u00e3o de alega\u00e7\u00f5es finais sucessivas, na forma da decis\u00e3o do Eminente Ministro Edson Fachin&#8221;, escreveu Bonat, em decis\u00e3o do dia 17 passado.<\/p>\n<p>O juiz da 13\u00aa Vara Federal, em Curitiba, acolheu decis\u00e3o do relator da Lava Jato no Supremo, dada ap\u00f3s anula\u00e7\u00e3o da condena\u00e7\u00e3o do ex-presidente da Petrobras Aldemir Bendine. Fachin determinou que a Justi\u00e7a Federal do Paran\u00e1 reabrisse o prazo para alega\u00e7\u00f5es finais, em que as defesas fazem as argumenta\u00e7\u00f5es antes da senten\u00e7a.<\/p>\n<p>Lula pediu via defesa a anula\u00e7\u00e3o das condena\u00e7\u00f5es nos casos tr\u00edplex (em que est\u00e1 condenado no Superior Tribunal de Justi\u00e7a a 8 anos e 10 meses), e do s\u00edtio em Atibaia (sentenciado a 12 anos e 11 meses em primeira inst\u00e2ncia). Tamb\u00e9m pediu a anula\u00e7\u00e3o da a\u00e7\u00e3o do instituto, na qual ainda n\u00e3o foi sentenciado. O processo estava encerrado na mesa do juiz para julgamento.<\/p>\n<p>Em memorial enviado pelo procurador-geral da Rep\u00fablica interino, Alcides Martins, aos ministros do Supremo, ele argumentou que a concess\u00e3o de prazo comum para que r\u00e9us delatados e delatores apresentem alega\u00e7\u00f5es finais em processos penais n\u00e3o viola qualquer previs\u00e3o legal e representa o cumprimento do C\u00f3digo de Processo Penal &#8211; artigo 403.<\/p>\n<p><br \/>\n<br \/><a href=\"https:\/\/exame.abril.com.br\/brasil\/lula-fara-alegacoes-finais-apos-delatores-em-processo-do-instituto-lula\/\">Fonte do artigo <\/a><br \/>\nTags:<br \/>\n#politica #political #negocios #business #marketingdigital #empreendedorismo #marketing #emprendedores #empreender #sucesso #empresas #emprendimiento #emprendedor #empreendedor #emprender #dinheiro #dinero #empresario #vendas #liderazgo #motivacion #foco #motivacao #negocio #brasil<\/p>\n","protected":false},"excerpt":{"rendered":"<p>A defesa do ex-presidente Luiz In\u00e1cio Lula da Silva ter\u00e1 direito a apresentar novas alega\u00e7\u00f5es finais no processo em que ele \u00e9 acusado de receber R$ 12 milh\u00f5es em propinas da Odebrecht, na compra de um terreno em S\u00e3o Paulo para ser a sede do Instituto Lula. O petista \u00e9 r\u00e9u neste processo da Opera\u00e7\u00e3o [&hellip;]<\/p>\n","protected":false},"author":1,"featured_media":25956,"comment_status":"open","ping_status":"open","sticky":false,"template":"","format":"standard","meta":{"footnotes":""},"categories":[1],"tags":[],"class_list":["post-31393","post","type-post","status-publish","format-standard","has-post-thumbnail","hentry","category-curso-de-copy"],"_links":{"self":[{"href":"https:\/\/wiy.com.br\/noticias\/wp-json\/wp\/v2\/posts\/31393","targetHints":{"allow":["GET"]}}],"collection":[{"href":"https:\/\/wiy.com.br\/noticias\/wp-json\/wp\/v2\/posts"}],"about":[{"href":"https:\/\/wiy.com.br\/noticias\/wp-json\/wp\/v2\/types\/post"}],"author":[{"embeddable":true,"href":"https:\/\/wiy.com.br\/noticias\/wp-json\/wp\/v2\/users\/1"}],"replies":[{"embeddable":true,"href":"https:\/\/wiy.com.br\/noticias\/wp-json\/wp\/v2\/comments?post=31393"}],"version-history":[{"count":0,"href":"https:\/\/wiy.com.br\/noticias\/wp-json\/wp\/v2\/posts\/31393\/revisions"}],"wp:featuredmedia":[{"embeddable":true,"href":"https:\/\/wiy.com.br\/noticias\/wp-json\/wp\/v2\/media\/25956"}],"wp:attachment":[{"href":"https:\/\/wiy.com.br\/noticias\/wp-json\/wp\/v2\/media?parent=31393"}],"wp:term":[{"taxonomy":"category","embeddable":true,"href":"https:\/\/wiy.com.br\/noticias\/wp-json\/wp\/v2\/categories?post=31393"},{"taxonomy":"post_tag","embeddable":true,"href":"https:\/\/wiy.com.br\/noticias\/wp-json\/wp\/v2\/tags?post=31393"}],"curies":[{"name":"wp","href":"https:\/\/api.w.org\/{rel}","templated":true}]}}