{"id":31178,"date":"2023-02-26T15:15:14","date_gmt":"2023-02-26T18:15:14","guid":{"rendered":"https:\/\/wiy.com.br\/noticias\/ios-13-1-ja-esta-disponivel-para-iphone-ipad-e-ipod-touch\/"},"modified":"2019-09-25T09:20:19","modified_gmt":"2019-09-25T12:20:19","slug":"ios-13-1-ja-esta-disponivel-para-iphone-ipad-e-ipod-touch","status":"publish","type":"post","link":"https:\/\/wiy.com.br\/noticias\/ios-13-1-ja-esta-disponivel-para-iphone-ipad-e-ipod-touch\/","title":{"rendered":"iOS 13.1 j\u00e1 est\u00e1 dispon\u00edvel para iPhone, iPad e iPod Touch"},"content":{"rendered":"<p> <br \/>\n<br \/><img title = \"[Tags]\"alt = \"20190919051246_860_645_-_ios_13.1 iOS 13.1 j\u00e1 est\u00e1 dispon\u00edvel para iPhone, iPad e iPod Touch\"decoding=\"async\" align=\"left\" hspace=\"8\" src=\"https:\/\/img.olhardigital.com.br\/uploads\/acervo_imagens\/2019\/09\/r4x3\/20190919051246_860_645_-_ios_13.1.jpg\"><\/p>\n<p>O <a href=\"https:\/\/olhardigital.com.br\/noticia\/apple-libera-ios-13-conheca-as-novidades-e-saiba-como-instalar\/90468\" target=\"_blank\" rel=\"noopener noreferrer\">iOS 13.1<\/a>, originalmente marcado para lan&ccedil;ar no fim do m&ecirc;s de setembro, j&aacute; ficou dispon&iacute;vel para os usu&aacute;rios da Apple nesta ter&ccedil;a-feira (24),&nbsp;<a href=\"https:\/\/olhardigital.com.br\/noticia\/apple-adianta-em-seis-dias-o-lancamento-do-ios-13-1\/90511\" target=\"_blank\" rel=\"noopener noreferrer\">seis dias antes do previsto<\/a>. Embora n&atilde;o se saiba o porqu&ecirc; da mudan&ccedil;a repentina, &eacute; &oacute;bvio que a Apple queria conseguir uma vers&atilde;o est&aacute;vel do seu software e liber&aacute;-lo o mais r&aacute;pido poss&iacute;vel.<\/p>\n<p>Agora, apenas alguns dias depois do lan&ccedil;amento do <a href=\"https:\/\/olhardigital.com.br\/noticia\/pesquisador-descobre-falha-em-tela-de-bloqueio-do-ios-13\/90284\" target=\"_blank\" rel=\"noopener noreferrer\">iOS 13<\/a>, os usu&aacute;rios de iPhone, <a href=\"https:\/\/olhardigital.com.br\/noticia\/ipados-conheca-as-novidades-do-sistema-para-ipad\/90647\" target=\"_blank\" rel=\"noopener noreferrer\">iPad<\/a> e iPod Touch poder&atilde;o atualizar seus celulares para a vers&atilde;o iOS 13.1. Al&eacute;m de ser <a href=\"https:\/\/olhardigital.com.br\/fique_seguro\/noticia\/5-recursos-de-seguranca-para-iphones-no-ios-13\/89836\" target=\"_blank\" rel=\"noopener noreferrer\">mais est&aacute;vel e segura<\/a>, ela chega com novos recursos, como compartilhar o tempo estimado de chegada no Maps, atalhos autom&aacute;ticos para a Siri e melhores fun&ccedil;&otilde;es de gerenciamento de uso do smartphone.<\/p>\n<p>Para instalar, basta ir em &#8220;Configura&ccedil;&otilde;es&#8221;, clicar em &#8220;Geral&#8221; e, ent&atilde;o, em &#8220;Atualiza&ccedil;&atilde;o de Software&#8221;. Escolha a op&ccedil;&atilde;o &#8220;Fazer download e instalar&#8221; na parte de baixo da tela. Voc&ecirc; tamb&eacute;m pode atualizar seu dispositivo pelo iTunes, conectando ele no computador. Confira abaixo a lista de aparelhos que t&ecirc;m compatibilidade com o iOS 13.1:<\/p>\n<ul>\n<li>iPhone XS<\/li>\n<li>iPhone XS Max<\/li>\n<li>iPhone XR<\/li>\n<li>iPhone X<\/li>\n<li>iPhone 8<\/li>\n<li>iPhone 8 Plus<\/li>\n<li>iPhone 7<\/li>\n<li>iPhone 7 Plus<\/li>\n<li>iPhone 6s<\/li>\n<li>iPhone 6s Plus<\/li>\n<li>iPhone SE<\/li>\n<li>iPad Pro 3&ordf; gera&ccedil;&atilde;o (12,9&#8243;)<\/li>\n<li>iPad Pro 2&ordf; gera&ccedil;&atilde;o (12,9&#8243;)<\/li>\n<li>iPad Pro 1&ordf; gera&ccedil;&atilde;o (12,9&#8243;)<\/li>\n<li>iPad Pro (10,5&#8243;)<\/li>\n<li>iPad Pro (9,7&#8243;)<\/li>\n<li>iPad Air&nbsp;3&ordf; gera&ccedil;&atilde;o&nbsp;<\/li>\n<li>iPad Air 2<\/li>\n<li>iPad 6&ordf; gera&ccedil;&atilde;o&nbsp;<\/li>\n<li>iPad 5&ordf; gera&ccedil;&atilde;o<\/li>\n<li>iPad mini&nbsp;5&ordf; gera&ccedil;&atilde;o<\/li>\n<li>iPad mini 4<\/li>\n<li>iPod touch 7&ordf; gera&ccedil;&atilde;o<\/li>\n<\/ul>\n<p>Via: <em><a href=\"https:\/\/bgr.com\/2019\/09\/24\/ios-13-1-download-install-iphone-ipados\/\" target=\"_blank\" rel=\"noopener noreferrer\">BGR<\/a><\/em><\/p>\n<p><br \/>\n<br \/><a href=\"https:\/\/olhardigital.com.br\/noticia\/ios-13-1-ja-esta-disponivel-para-iphone-ipad-e-ipod-touch\/90697\">Fonte do Artigo <\/a><br \/>\nTags:<br \/>\n#tecnologia #tecnologias #technology #tecnolog  #iphone #informatica #tech #design #samsung #internet #apple #smartphone  #seguran #venezuela #celular #celulares #inova #qualidade #software #empresas #seguridad #engenharia #industria #marketing #ti #tecnoblog #veja #olhardigital #mundodigital #inteligenciaartificial<\/p>\n","protected":false},"excerpt":{"rendered":"<p>O iOS 13.1, originalmente marcado para lan&ccedil;ar no fim do m&ecirc;s de setembro, j&aacute; ficou dispon&iacute;vel para os usu&aacute;rios da Apple nesta ter&ccedil;a-feira (24),&nbsp;seis dias antes do previsto. Embora n&atilde;o se saiba o porqu&ecirc; da mudan&ccedil;a repentina, &eacute; &oacute;bvio que a Apple queria conseguir uma vers&atilde;o est&aacute;vel do seu software e liber&aacute;-lo o mais r&aacute;pido [&hellip;]<\/p>\n","protected":false},"author":1,"featured_media":31179,"comment_status":"open","ping_status":"open","sticky":false,"template":"","format":"standard","meta":{"footnotes":""},"categories":[5],"tags":[],"class_list":["post-31178","post","type-post","status-publish","format-standard","has-post-thumbnail","hentry","category-tecnologia"],"_links":{"self":[{"href":"https:\/\/wiy.com.br\/noticias\/wp-json\/wp\/v2\/posts\/31178","targetHints":{"allow":["GET"]}}],"collection":[{"href":"https:\/\/wiy.com.br\/noticias\/wp-json\/wp\/v2\/posts"}],"about":[{"href":"https:\/\/wiy.com.br\/noticias\/wp-json\/wp\/v2\/types\/post"}],"author":[{"embeddable":true,"href":"https:\/\/wiy.com.br\/noticias\/wp-json\/wp\/v2\/users\/1"}],"replies":[{"embeddable":true,"href":"https:\/\/wiy.com.br\/noticias\/wp-json\/wp\/v2\/comments?post=31178"}],"version-history":[{"count":0,"href":"https:\/\/wiy.com.br\/noticias\/wp-json\/wp\/v2\/posts\/31178\/revisions"}],"wp:featuredmedia":[{"embeddable":true,"href":"https:\/\/wiy.com.br\/noticias\/wp-json\/wp\/v2\/media\/31179"}],"wp:attachment":[{"href":"https:\/\/wiy.com.br\/noticias\/wp-json\/wp\/v2\/media?parent=31178"}],"wp:term":[{"taxonomy":"category","embeddable":true,"href":"https:\/\/wiy.com.br\/noticias\/wp-json\/wp\/v2\/categories?post=31178"},{"taxonomy":"post_tag","embeddable":true,"href":"https:\/\/wiy.com.br\/noticias\/wp-json\/wp\/v2\/tags?post=31178"}],"curies":[{"name":"wp","href":"https:\/\/api.w.org\/{rel}","templated":true}]}}