{"id":31136,"date":"2023-02-26T15:39:12","date_gmt":"2023-02-26T18:39:12","guid":{"rendered":"https:\/\/wiy.com.br\/noticias\/assassinatos-de-indigenas-crescem-227-em-2018-mostra-relatorio\/"},"modified":"2019-09-25T01:21:19","modified_gmt":"2019-09-25T04:21:19","slug":"assassinatos-de-indigenas-crescem-227-em-2018-mostra-relatorio","status":"publish","type":"post","link":"https:\/\/wiy.com.br\/noticias\/assassinatos-de-indigenas-crescem-227-em-2018-mostra-relatorio\/","title":{"rendered":"Assassinatos de ind\u00edgenas crescem 22,7% em 2018, mostra relat\u00f3rio"},"content":{"rendered":"<p> <br \/>\n<\/p>\n<p>O n\u00famero de <strong><a href=\"https:\/\/exame.abril.com.br\/noticias-sobre\/assassinatos\">assassinatos<\/a><\/strong> de <strong><a href=\"https:\/\/exame.abril.com.br\/noticias-sobre\/indigenas\">ind\u00edgenas<\/a><\/strong> no Brasil aumentou de 110, em 2017, para 135, em 2018, um crescimento de 22,7%. Os estados com mais registros no ano passado foram Roraima, onde ocorreram 62 homic\u00eddios, e Mato Grosso do Sul, onde foram contabilizadas 38 mortes.<\/p>\n<p>As informa\u00e7\u00f5es, levantadas a partir de mapeamento de casos em todo o pa\u00eds feito pelo Conselho Indigenista Mission\u00e1rio (Cimi), est\u00e3o no relat\u00f3rio Viol\u00eancia contra os Povos Ind\u00edgenas do Brasil &#8211; Dados 2018. O documento foi lan\u00e7ado hoje (24) na sede da Confedera\u00e7\u00e3o Nacional dos Bispos do Brasil (CNBB), em Bras\u00edlia.<\/p>\n<p>Em epis\u00f3dios classificados como &#8220;viol\u00eancia contra a pessoa&#8221;, o levantamento listou no ano passado 22 tentativas de assassinato, 18 homic\u00eddios culposos, 15 epis\u00f3dios de viol\u00eancia sexual, 17 casos de racismo e discrimina\u00e7\u00e3o \u00e9tnico-racial, 14 amea\u00e7as diversas, 11 situa\u00e7\u00f5es de abuso de poder e oito amea\u00e7as de morte.<\/p>\n<h3>Invas\u00f5es<\/h3>\n<p>A pesquisa tamb\u00e9m mapeou invas\u00f5es de terras ind\u00edgenas, explora\u00e7\u00e3o ilegal de recursos naturais e danos diversos ao patrim\u00f4nio dessas popula\u00e7\u00f5es. Em 2018, a equipe respons\u00e1vel contabilizou 111 situa\u00e7\u00f5es como essas. O n\u00famero foi maior do que o registrado em 2017, quando o Cimi reconheceu 96 situa\u00e7\u00f5es semelhantes.<\/p>\n<p>No lan\u00e7amento do documento, foram apresentados dados parciais relativos a 2019 at\u00e9 o m\u00eas de setembro. Segundo a entidade, foram mapeados 160 casos de invas\u00e3o de terra ou explora\u00e7\u00e3o ilegal de recursos em 153 terras ind\u00edgenas.<\/p>\n<p>Conforme os respons\u00e1veis pelo estudo, se essas formas de viola\u00e7\u00e3o contra os territ\u00f3rios ocorrem h\u00e1 d\u00e9cadas, recentemente muitos invasores deixaram de somente explorar ilegalmente os recursos (como apenas retirada de madeira) e passaram a se apropriar das \u00e1reas, por meio de pr\u00e1ticas de grilagem e loteamento de parte dos territ\u00f3rios, por exemplo.<\/p>\n<p>O documento cita as terras ind\u00edgenas Arariboia, no Maranh\u00e3o, e Karipuna e Uru Eu Wau Wau, em Rond\u00f4nia. Outro problema \u00e9 a implanta\u00e7\u00e3o de garimpos ilegais. De acordo com o Cimi, um exemplo \u00e9 a terra ind\u00edgena Munduruku, no Par\u00e1.<\/p>\n<div class=\"widget-news widget-box no-margin no-border\"><span class=\"widget-news-title content-box-title\">Veja tamb\u00e9m<\/span><\/p>\n<ul class=\"widget-news-list\">\n<li class=\"widget-news-item without-thumb with-border\">\n<div class=\"widget-news-info\"><a href=\"http:\/\/exame.abril.com.br\/brasil\">BRASIL<\/a><span class=\"widget-news-item-title\"><a href=\"https:\/\/exame.abril.com.br\/brasil\/governo-quer-mineracao-na-amazonia-sem-poder-de-veto-a-indigenas\/\">Governo quer minera\u00e7\u00e3o na Amaz\u00f4nia sem poder de veto a ind\u00edgenas<\/a><\/span><span class=\"widget-news-item-date\">24 set 2019 &#8211; 18h09<\/span><\/div>\n<\/li>\n<\/ul>\n<\/div>\n<p>&#8220;O madeireiro entra, limpa a terra, tira a madeira e a \u00e1rea passa a ser destinada \u00e0 especula\u00e7\u00e3o imobili\u00e1ria. \u00c9 a pr\u00e1tica do fato consumado. Retira da terra o que ela tem para oferecer e repassa para o grileiro, que vai lutar para que esta \u00e1rea seja legalizada. E o Estado desestrutura os \u00f3rg\u00e3os que deveriam coibir as invas\u00f5es de terra&#8221;, pontuou Roberto Liebgott, um dos autores da pesquisa.<\/p>\n<h3>Demarca\u00e7\u00e3o<\/h3>\n<p>O relat\u00f3rio lista 821 casos de &#8220;omiss\u00e3o e morosidade na regulariza\u00e7\u00e3o das terras&#8221; e 11 conflitos envolvendo direitos territoriais. De acordo com o Cimi, de 1.290 terras ind\u00edgenas no Brasil, 821 (63%) teriam o que a organiza\u00e7\u00e3o chama de &#8220;alguma pend\u00eancia do Estado para a finaliza\u00e7\u00e3o do processo demarcat\u00f3rio&#8221;.<\/p>\n<p>O cacique Suru\u00ed, do povo Patax\u00f3 e aldeia Barra Velha, em Porto Seguro (BA), afirmou o car\u00e1ter origin\u00e1rio dos povos e pediu a demarca\u00e7\u00e3o de terras ind\u00edgenas. &#8220;Estamos no Brasil desde muito antes de Cabral. N\u00f3s somos os primeiros brasileiros, n\u00e3o somos os \u00faltimos. Estamos lutando por demarca\u00e7\u00e3o.&#8221;<\/p>\n<p>Os representantes do conselho comentaram o discurso do presidente Jair Bolsonaro na Asssembleia Geral da Organiza\u00e7\u00e3o das Na\u00e7\u00f5es Unidas (ONU), que, na ocasi\u00e3o, disse que n\u00e3o pretende demarcar novos territ\u00f3rios. &#8220;Os povos ind\u00edgenas, ao reivindicarem a demarca\u00e7\u00e3o de seus territ\u00f3rios, tornam-se alvos a serem combatidos. Que as chagas da viol\u00eancia n\u00e3o sejam patrocinadas por aqueles que devem combat\u00ea-las. Que o Estado se coloque ao lado dos direitos humanos e da natureza&#8221;, disse o presidente do Cimi, dom Roque Paloschi.<\/p>\n<p><br \/>\n<br \/><a href=\"https:\/\/exame.abril.com.br\/brasil\/assassinatos-de-indigenas-crescem-227-em-2018-mostra-relatorio\/\">Fonte do artigo <\/a><br \/>\nTags:<br \/>\n#politica #political #negocios #business #marketingdigital #empreendedorismo #marketing #emprendedores #empreender #sucesso #empresas #emprendimiento #emprendedor #empreendedor #emprender #dinheiro #dinero #empresario #vendas #liderazgo #motivacion #foco #motivacao #negocio #brasil<\/p>\n","protected":false},"excerpt":{"rendered":"<p>O n\u00famero de assassinatos de ind\u00edgenas no Brasil aumentou de 110, em 2017, para 135, em 2018, um crescimento de 22,7%. Os estados com mais registros no ano passado foram Roraima, onde ocorreram 62 homic\u00eddios, e Mato Grosso do Sul, onde foram contabilizadas 38 mortes. As informa\u00e7\u00f5es, levantadas a partir de mapeamento de casos em [&hellip;]<\/p>\n","protected":false},"author":1,"featured_media":31137,"comment_status":"open","ping_status":"open","sticky":false,"template":"","format":"standard","meta":{"footnotes":""},"categories":[1],"tags":[],"class_list":["post-31136","post","type-post","status-publish","format-standard","has-post-thumbnail","hentry","category-curso-de-copy"],"_links":{"self":[{"href":"https:\/\/wiy.com.br\/noticias\/wp-json\/wp\/v2\/posts\/31136","targetHints":{"allow":["GET"]}}],"collection":[{"href":"https:\/\/wiy.com.br\/noticias\/wp-json\/wp\/v2\/posts"}],"about":[{"href":"https:\/\/wiy.com.br\/noticias\/wp-json\/wp\/v2\/types\/post"}],"author":[{"embeddable":true,"href":"https:\/\/wiy.com.br\/noticias\/wp-json\/wp\/v2\/users\/1"}],"replies":[{"embeddable":true,"href":"https:\/\/wiy.com.br\/noticias\/wp-json\/wp\/v2\/comments?post=31136"}],"version-history":[{"count":0,"href":"https:\/\/wiy.com.br\/noticias\/wp-json\/wp\/v2\/posts\/31136\/revisions"}],"wp:featuredmedia":[{"embeddable":true,"href":"https:\/\/wiy.com.br\/noticias\/wp-json\/wp\/v2\/media\/31137"}],"wp:attachment":[{"href":"https:\/\/wiy.com.br\/noticias\/wp-json\/wp\/v2\/media?parent=31136"}],"wp:term":[{"taxonomy":"category","embeddable":true,"href":"https:\/\/wiy.com.br\/noticias\/wp-json\/wp\/v2\/categories?post=31136"},{"taxonomy":"post_tag","embeddable":true,"href":"https:\/\/wiy.com.br\/noticias\/wp-json\/wp\/v2\/tags?post=31136"}],"curies":[{"name":"wp","href":"https:\/\/api.w.org\/{rel}","templated":true}]}}