{"id":31101,"date":"2023-02-26T15:08:32","date_gmt":"2023-02-26T18:08:32","guid":{"rendered":"https:\/\/wiy.com.br\/noticias\/apos-caso-agatha-estudante-de-11-anos-e-baleada-no-morro-da-mineira\/"},"modified":"2019-09-24T19:13:48","modified_gmt":"2019-09-24T22:13:48","slug":"apos-caso-agatha-estudante-de-11-anos-e-baleada-no-morro-da-mineira","status":"publish","type":"post","link":"https:\/\/wiy.com.br\/noticias\/apos-caso-agatha-estudante-de-11-anos-e-baleada-no-morro-da-mineira\/","title":{"rendered":"Ap\u00f3s caso \u00c1gatha, estudante de 11 anos \u00e9 baleada no Morro da Mineira"},"content":{"rendered":"<p> <br \/>\n<\/p>\n<p>Uma menina de 11 anos foi baleada quando voltava da escola, no morro da Mineira, no Catumbi, regi\u00e3o central do <strong><a href=\"https:\/\/exame.abril.com.br\/noticias-sobre\/rio-de-janeiro\">Rio de Janeiro<\/a><\/strong>, no in\u00edcio da tarde desta ter\u00e7a-feira, 24. Atingida numa das pernas, Vit\u00f3ria Ferreira da Costa, foi levada ao Hospital Municipal Souza Aguiar, que tamb\u00e9m fica na regi\u00e3o central.<\/p>\n<p>Segundo a Secretaria Municipal de Sa\u00fade, \u00e0s 17h45, o estado da menina era &#8220;est\u00e1vel&#8221;. Ainda n\u00e3o h\u00e1 informa\u00e7\u00f5es sobre poss\u00edveis autores do disparo.<\/p>\n<p>O caso acontece na sequ\u00eancia da <a href=\"https:\/\/exame.abril.com.br\/brasil\/morre-crianca-de-8-anos-baleada-pela-pm-no-complexo-do-alemao\/\">morte de \u00c1gatha Vit\u00f3ria Sales F\u00e9lix<\/a>. A menina de 8 anos atingida nas costas por um tiro de fuzil no Complexo do Alem\u00e3o, no Rio de Janeiro. \u00c1gatha estava em uma Kombi na noite de sexta-feira, 20, quando foi baleada. A menina foi levada ao Hospital Estadual Get\u00falio Vargas, no bairro da Penha, onde morreu na madrugada de s\u00e1bado.<\/p>\n<div class=\"widget-news widget-box no-margin no-border\"><span class=\"widget-news-title content-box-title\">Veja tamb\u00e9m<\/span><\/p>\n<ul class=\"widget-news-list\">\n<li class=\"widget-news-item without-thumb with-border\">\n<div class=\"widget-news-info\"><a href=\"http:\/\/exame.abril.com.br\/brasil\">BRASIL<\/a><span class=\"widget-news-item-title\"><a href=\"https:\/\/exame.abril.com.br\/brasil\/witzel-acaba-com-incentivo-a-diminuicao-de-mortes-cometidas-por-policiais\/\">Witzel acaba com incentivo \u00e0 diminui\u00e7\u00e3o de mortes cometidas por policiais<\/a><\/span><span class=\"widget-news-item-date\">24 set 2019 &#8211; 10h09<\/span><\/div>\n<\/li>\n<li class=\"widget-news-item without-thumb with-border\">\n<div class=\"widget-news-info\"><a href=\"http:\/\/exame.abril.com.br\/brasil\">BRASIL<\/a><span class=\"widget-news-item-title\"><a href=\"https:\/\/exame.abril.com.br\/brasil\/investigacao-dos-casos-com-criancas-mortas-no-rio-continua-sem-solucao\/\">Investiga\u00e7\u00e3o dos casos com crian\u00e7as mortas no Rio continua sem solu\u00e7\u00e3o<\/a><\/span><span class=\"widget-news-item-date\">24 set 2019 &#8211; 12h09<\/span><\/div>\n<\/li>\n<\/ul>\n<\/div>\n<p>Na segunda, 23, armas de oito policiais militares que faziam patrulhamento no momento do disparo foram recolhidas para per\u00edcia.<\/p>\n<p>No mesmo dia, PMs que atuaram na noite de sexta foram ouvidos pelos investigadores. Tamb\u00e9m na segunda, o governador do Rio, Wilson Witzel (PSC), deu uma entrevista coletiva na qual <a href=\"https:\/\/exame.abril.com.br\/brasil\/apos-3-dias-witzel-lamenta-morte-de-agatha-e-diz-que-caminho-e-o-certo\/\">lamentou o caso, mas defendeu a pol\u00edtica de seguran\u00e7a<\/a> do Estado. E disse que era &#8220;indecente usar o caix\u00e3o como palanque&#8221;.<\/p>\n<p>Nesta ter\u00e7a, 24, Witzel assinou um decreto que acaba com incentivo \u00e0 redu\u00e7\u00e3o de mortes provocadas por policiais. O texto foi publicado no Di\u00e1rio Oficial do Rio.<\/p>\n<p><br \/>\n<br \/><a href=\"https:\/\/exame.abril.com.br\/brasil\/apos-caso-agatha-estudante-de-11-anos-e-baleada-no-morro-da-mineira\/\">Fonte do artigo <\/a><br \/>\nTags:<br \/>\n#politica #political #negocios #business #marketingdigital #empreendedorismo #marketing #emprendedores #empreender #sucesso #empresas #emprendimiento #emprendedor #empreendedor #emprender #dinheiro #dinero #empresario #vendas #liderazgo #motivacion #foco #motivacao #negocio #brasil<\/p>\n","protected":false},"excerpt":{"rendered":"<p>Uma menina de 11 anos foi baleada quando voltava da escola, no morro da Mineira, no Catumbi, regi\u00e3o central do Rio de Janeiro, no in\u00edcio da tarde desta ter\u00e7a-feira, 24. Atingida numa das pernas, Vit\u00f3ria Ferreira da Costa, foi levada ao Hospital Municipal Souza Aguiar, que tamb\u00e9m fica na regi\u00e3o central. Segundo a Secretaria Municipal [&hellip;]<\/p>\n","protected":false},"author":1,"featured_media":31102,"comment_status":"open","ping_status":"open","sticky":false,"template":"","format":"standard","meta":{"footnotes":""},"categories":[1],"tags":[],"class_list":["post-31101","post","type-post","status-publish","format-standard","has-post-thumbnail","hentry","category-curso-de-copy"],"_links":{"self":[{"href":"https:\/\/wiy.com.br\/noticias\/wp-json\/wp\/v2\/posts\/31101","targetHints":{"allow":["GET"]}}],"collection":[{"href":"https:\/\/wiy.com.br\/noticias\/wp-json\/wp\/v2\/posts"}],"about":[{"href":"https:\/\/wiy.com.br\/noticias\/wp-json\/wp\/v2\/types\/post"}],"author":[{"embeddable":true,"href":"https:\/\/wiy.com.br\/noticias\/wp-json\/wp\/v2\/users\/1"}],"replies":[{"embeddable":true,"href":"https:\/\/wiy.com.br\/noticias\/wp-json\/wp\/v2\/comments?post=31101"}],"version-history":[{"count":0,"href":"https:\/\/wiy.com.br\/noticias\/wp-json\/wp\/v2\/posts\/31101\/revisions"}],"wp:featuredmedia":[{"embeddable":true,"href":"https:\/\/wiy.com.br\/noticias\/wp-json\/wp\/v2\/media\/31102"}],"wp:attachment":[{"href":"https:\/\/wiy.com.br\/noticias\/wp-json\/wp\/v2\/media?parent=31101"}],"wp:term":[{"taxonomy":"category","embeddable":true,"href":"https:\/\/wiy.com.br\/noticias\/wp-json\/wp\/v2\/categories?post=31101"},{"taxonomy":"post_tag","embeddable":true,"href":"https:\/\/wiy.com.br\/noticias\/wp-json\/wp\/v2\/tags?post=31101"}],"curies":[{"name":"wp","href":"https:\/\/api.w.org\/{rel}","templated":true}]}}