{"id":31093,"date":"2023-02-26T14:55:37","date_gmt":"2023-02-26T17:55:37","guid":{"rendered":"https:\/\/wiy.com.br\/noticias\/mulher-e-crianca-de-11-anos-sao-baleadas-no-morro-da-mineira-no-catumbi\/"},"modified":"2019-09-24T18:07:29","modified_gmt":"2019-09-24T21:07:29","slug":"mulher-e-crianca-de-11-anos-sao-baleadas-no-morro-da-mineira-no-catumbi","status":"publish","type":"post","link":"https:\/\/wiy.com.br\/noticias\/mulher-e-crianca-de-11-anos-sao-baleadas-no-morro-da-mineira-no-catumbi\/","title":{"rendered":"Mulher e crian\u00e7a de 11 anos s\u00e3o baleadas no Morro da Mineira, no Catumbi"},"content":{"rendered":"<p> <br \/>\n<br \/>Uma mulher e uma menina de 11 anos foram baleadas, na tarde desta ter\u00e7a-feira, no Morro da Mineira, no Catumbi, na regi\u00e3o central do Rio. De acordo com a Pol\u00edcia Militar, policiais do 5\u00ba BPM (Pra\u00e7a da Harmonia) fora informados que as duas deram&#8230;<\/p>\n<p><a href=\"https:\/\/extra.globo.com\/casos-de-policia\/mulher-crianca-de-11-anos-sao-baleadas-no-morro-da-mineira-no-catumbi-23971346.html\">Leia mais<\/a><\/p>\n<p>\t\t\t\t\t\t\t\t\t\t\t<img title = \"[Tags]\"alt = \"38557532_16102005marco-antonio-teixeirariprograma-favela-bairromorro-da-mineira. Mulher e crian\u00e7a de 11 anos s\u00e3o baleadas no Morro da Mineira, no Catumbi\"decoding=\"async\" src=\"https:\/\/extra.globo.com\/incoming\/23971354-9cd-005\/w311h175-PROP\/38557532_16102005marco-antonio-teixeirariprograma-favela-bairromorro-da-mineira..jpg\" \/><br \/>\n<br \/><br \/>\n<br \/><a href=\"https:\/\/extra.globo.com\/casos-de-policia\/mulher-crianca-de-11-anos-sao-baleadas-no-morro-da-mineira-no-catumbi-23971346.html\">Fonte do Artigo <\/a><br \/>\nTags:<br \/>\n#noticia #n #noticias #venezuela #o #instagram #cicpc #policia #ultimahora #seguridad #informaci #portuseguridad #paz #urgente #tudenunciaeslapazdetodos #atenci #policiacientifica #criminalisticacicpc #criminalistica #not #douglasrico #eficienciaonada #gobiernodecalle #brasil #sucesos #jornalismo #informa #news #a<\/p>\n","protected":false},"excerpt":{"rendered":"<p>Uma mulher e uma menina de 11 anos foram baleadas, na tarde desta ter\u00e7a-feira, no Morro da Mineira, no Catumbi, na regi\u00e3o central do Rio. De acordo com a Pol\u00edcia Militar, policiais do 5\u00ba BPM (Pra\u00e7a da Harmonia) fora informados que as duas deram&#8230; Leia mais Fonte do Artigo Tags: #noticia #n #noticias #venezuela #o [&hellip;]<\/p>\n","protected":false},"author":1,"featured_media":31094,"comment_status":"open","ping_status":"open","sticky":false,"template":"","format":"standard","meta":{"footnotes":""},"categories":[337],"tags":[],"class_list":["post-31093","post","type-post","status-publish","format-standard","has-post-thumbnail","hentry","category-noticias"],"_links":{"self":[{"href":"https:\/\/wiy.com.br\/noticias\/wp-json\/wp\/v2\/posts\/31093","targetHints":{"allow":["GET"]}}],"collection":[{"href":"https:\/\/wiy.com.br\/noticias\/wp-json\/wp\/v2\/posts"}],"about":[{"href":"https:\/\/wiy.com.br\/noticias\/wp-json\/wp\/v2\/types\/post"}],"author":[{"embeddable":true,"href":"https:\/\/wiy.com.br\/noticias\/wp-json\/wp\/v2\/users\/1"}],"replies":[{"embeddable":true,"href":"https:\/\/wiy.com.br\/noticias\/wp-json\/wp\/v2\/comments?post=31093"}],"version-history":[{"count":0,"href":"https:\/\/wiy.com.br\/noticias\/wp-json\/wp\/v2\/posts\/31093\/revisions"}],"wp:featuredmedia":[{"embeddable":true,"href":"https:\/\/wiy.com.br\/noticias\/wp-json\/wp\/v2\/media\/31094"}],"wp:attachment":[{"href":"https:\/\/wiy.com.br\/noticias\/wp-json\/wp\/v2\/media?parent=31093"}],"wp:term":[{"taxonomy":"category","embeddable":true,"href":"https:\/\/wiy.com.br\/noticias\/wp-json\/wp\/v2\/categories?post=31093"},{"taxonomy":"post_tag","embeddable":true,"href":"https:\/\/wiy.com.br\/noticias\/wp-json\/wp\/v2\/tags?post=31093"}],"curies":[{"name":"wp","href":"https:\/\/api.w.org\/{rel}","templated":true}]}}