{"id":31082,"date":"2023-02-26T15:45:45","date_gmt":"2023-02-26T18:45:45","guid":{"rendered":"https:\/\/wiy.com.br\/noticias\/assertivo-nefasto-vazio-as-reacoes-ao-discurso-de-bolsonaro-na-onu\/"},"modified":"2019-09-24T16:10:20","modified_gmt":"2019-09-24T19:10:20","slug":"assertivo-nefasto-vazio-as-reacoes-ao-discurso-de-bolsonaro-na-onu","status":"publish","type":"post","link":"https:\/\/wiy.com.br\/noticias\/assertivo-nefasto-vazio-as-reacoes-ao-discurso-de-bolsonaro-na-onu\/","title":{"rendered":"Assertivo, nefasto, vazio: as rea\u00e7\u00f5es ao discurso de Bolsonaro na ONU"},"content":{"rendered":"<p> <br \/>\n<\/p>\n<p>S\u00e3o Paulo \u2014 A estreia do presidente <strong><a href=\"https:\/\/exame.abril.com.br\/noticias-sobre\/jair-bolsonaro\/\">Jair Bolsonaro<\/a><\/strong> <span>na <\/span><strong>Assembleia Geral das Na\u00e7\u00f5es Unidas<\/strong><span>\u00a0nesta ter\u00e7a-feira (24), em Nova York, atingiu o primeiro lugar entre os assuntos mais comentados do mundo no Twitter.<\/span><\/p>\n<p><span>A hashtag #BolsonaronaONU, o termo UNGA (Assembleia Geral da ONU, em ingl\u00eas) e &#8220;foro de S\u00e3o Paulo&#8221;, organiza\u00e7\u00e3o mencionada por Bolsonaro em seu discurso, foram os tr\u00eas t\u00f3picos mais citados pelos usu\u00e1rios.<\/span><\/p>\n<p><span>Importantes personagens do mundo pol\u00edtico se pronunciaram sobre o assunto, tanto para elogiar a postura do presidente brasileiro quanto para criticar o tom combativo que adotou em seus 30 minutos de fala.<\/span><\/p>\n<p><span>O ministro da Justi\u00e7a e Seguran\u00e7a P\u00fablica, Sergio Moro, que foi mencionado por Bolsonaro como s\u00edmbolo do combate \u00e0 corrup\u00e7\u00e3o, afirmou que a fala foi &#8220;assertiva&#8221;. <\/span><\/p>\n<div class=\"embed-twitter\">\n<blockquote class=\"twitter-tweet\" data-width=\"500\" data-dnt=\"true\">\n<p lang=\"pt\" dir=\"ltr\">Discurso assertivo na ONU, pontos essenciais, soberania, liberdade, democracia, abertura econ\u00f4mica, preserva\u00e7\u00e3o da Amaz\u00f4nia, oportunidades e desenvolvimento para a popula\u00e7\u00e3o brasileira. <a href=\"https:\/\/t.co\/Us7Tjn5bwe\">https:\/\/t.co\/Us7Tjn5bwe<\/a><\/p>\n<p>&mdash; Sergio Moro (@SF_Moro) <a href=\"https:\/\/twitter.com\/SF_Moro\/status\/1176519805089865728?ref_src=twsrc%5Etfw\">September 24, 2019<\/a><\/p>\n<\/blockquote>\n<\/div>\n<p><span>J\u00e1 o deputado federal e candidato a embaixador do Brasil nos Estados Unidos, Eduardo Bolsonaro (PSL-SP), retuitou um coment\u00e1rio do chanceler cubano Bruno Rodr\u00edguez, no qual o diplomata afirma rejeitar categoricamente as falas de Bolsonaro sobre Cuba.\u00a0<\/span><\/p>\n<div class=\"embed-twitter\">\n<blockquote class=\"twitter-tweet\" data-width=\"500\" data-dnt=\"true\">\n<p lang=\"pt\" dir=\"ltr\">Se o chanceler cubano est\u00e1 reclamando \u00e9 porque foi bom. \u00c9 o nosso comunist\u00f4metro.<\/p>\n<p>Cuba \u00e9 a maior escravid\u00e3o do mundo,seu povo vive de forma miser\u00e1vel,pouqu\u00edssimos conseguem denunciar isso ao mundo e ningu\u00e9m pode sair da ilha sem autoriza\u00e7\u00e3o do gov.<br \/>Venezuela vai p mesmo caminho. <a href=\"https:\/\/t.co\/eQ4b1DSZeu\">https:\/\/t.co\/eQ4b1DSZeu<\/a><\/p>\n<p>&mdash; Eduardo Bolsonaro<img title = \"[Tags]\"decoding=\"async\" src=\"https:\/\/s0.wp.com\/wp-content\/mu-plugins\/wpcom-smileys\/twemoji\/2\/72x72\/1f1e7-1f1f7.png\"alt = \"1f1e7-1f1f7 Assertivo, nefasto, vazio: as rea\u00e7\u00f5es ao discurso de Bolsonaro na ONU\" class=\"wp-smiley\" \/> (@BolsonaroSP) <a href=\"https:\/\/twitter.com\/BolsonaroSP\/status\/1176517771745796098?ref_src=twsrc%5Etfw\">September 24, 2019<\/a><\/p>\n<\/blockquote>\n<\/div>\n<p>Arthur Weintraub, <span>assessor da Presid\u00eancia e irm\u00e3o do ministro da Educa\u00e7\u00e3o, escreveu que Bolsonaro &#8220;falou na ONU o que a ONU n\u00e3o est\u00e1 acostumada a ouvir&#8221;.<\/span><\/p>\n<p><span>A fala faz refer\u00eancia ao trecho em que o presidente fez uma cr\u00edtica ao programa Mais M\u00e9dicos, chamando de \u201cum verdadeiro trabalho escravo, acreditem, respaldado por entidades de direitos humanos do Brasil e da ONU\u201d.<\/span><\/p>\n<div class=\"embed-twitter\">\n<blockquote class=\"twitter-tweet\" data-width=\"500\" data-dnt=\"true\">\n<p lang=\"pt\" dir=\"ltr\">Presidente Jair Bolsonaro falou na ONU o que a ONU n\u00e3o est\u00e1 acostumada a ouvir. A hegemonia esquerd\u00f3fila no mundo ocidental tem oposi\u00e7\u00e3o. E uma das principais for\u00e7as contr\u00e1rias a essa hegemonia vem justamente do Brasil. Orgulho! <img title = \"[Tags]\"decoding=\"async\" src=\"https:\/\/s0.wp.com\/wp-content\/mu-plugins\/wpcom-smileys\/twemoji\/2\/72x72\/1f1e7-1f1f7.png\"alt = \"1f1e7-1f1f7 Assertivo, nefasto, vazio: as rea\u00e7\u00f5es ao discurso de Bolsonaro na ONU\" class=\"wp-smiley\" \/> <a href=\"https:\/\/twitter.com\/hashtag\/BolsonaronaOnu?src=hash&amp;ref_src=twsrc%5Etfw\">#BolsonaronaOnu<\/a><\/p>\n<p>&mdash; Arthur Weintraub (@ArthurWeint) <a href=\"https:\/\/twitter.com\/ArthurWeint\/status\/1176505546104561664?ref_src=twsrc%5Etfw\">September 24, 2019<\/a><\/p>\n<\/blockquote>\n<\/div>\n<h3>Cr\u00edticas<\/h3>\n<p>Apesar dos elogios dos aliados, o discurso do presidente foi criticado por uma s\u00e9rie de pol\u00edticos e figuras p\u00fablicas, incluindo o governador de S\u00e3o Paulo, Jo\u00e3o Doria, e a ex-ministra do Meio Ambiente Marina Silva.<\/p>\n<p>Na sa\u00edda de um evento <span>o tucano, afirmou que a fala foi &#8220;inadequada e inoportuna&#8221;, al\u00e9m de ter faltado &#8220;bom senso&#8221; ao presidente. &#8220;[O discurso] n\u00e3o teve refer\u00eancias que pudessem trazer respeitabilidade e confian\u00e7a no Brasil no plano ambiental, econ\u00f4mico ou pol\u00edtico&#8221;, disse.<\/span><\/p>\n<p><span>O mesmo tom foi adotado pelo presidente da Fran\u00e7a, Emmanuel Macron, que disse n\u00e3o ter assistido ao discurso, mas rebateu um dos argumentos do brasileiro. <\/span><\/p>\n<p><span>Cerca de 30 minutos ap\u00f3s o discurso, Macron disse que n\u00e3o se trata de interesse econ\u00f4mico na floresta, mas de pensar no futuro da regi\u00e3o que \u00e9 &#8220;um bem comum&#8221;.<\/span><\/p>\n<p><span>&#8220;Eu estava em uma correria e n\u00e3o vi o discurso&#8221;, disse Macron. Diante da informa\u00e7\u00e3o de que Bolsonaro afirmou que h\u00e1 interesse colonialista e de explora\u00e7\u00e3o da riqueza da regi\u00e3o por parte dos que criticam o governo brasileiro, o franc\u00eas respondeu.<\/span><\/p>\n<p><span>&#8220;Eu acho que todos n\u00f3s s\u00f3 queremos ajudar as pessoas da Amaz\u00f4nia. (\u2026) Temos muitas pessoas envolvidas no (debate sobre) futuro da Amaz\u00f4nia e acho que o que queremos fazer \u00e9 ajudar as pessoas, com completo respeito pela soberania, ajudando o povo. N\u00e3o \u00e9 quest\u00e3o de lobby ou interesse, os lobbies s\u00e3o para destruir a floresta para seus pr\u00f3prios interesses. O que n\u00f3s queremos fazer \u00e9 ajudar pessoas para elas mesmas e para o futuro da Amaz\u00f4nia, porque \u00e9 um bem comum&#8221;, afirmou<\/span><\/p>\n<p>A ex-ministra do Meio Ambiente Marina Silva afirmou que o discurso &#8220;tem um potencial enorme de produzir um efeito ainda mais nefasto para a imagem do Brasil no exterior: uma vergonha globalizada&#8221;.<\/p>\n<div class=\"embed-twitter\">\n<blockquote class=\"twitter-tweet\" data-width=\"500\" data-dnt=\"true\">\n<p lang=\"pt\" dir=\"ltr\">O discurso de Bolsonaro, recheado de meias verdades e nega\u00e7\u00e3o de verdades inteiras, sendo proferido direto da ONU, tem um potencial enorme de produzir um efeito ainda mais nefasto para a imagem do Brasil no exterior: uma vergonha globalizada. <a href=\"https:\/\/twitter.com\/hashtag\/BolsonaronaONU?src=hash&amp;ref_src=twsrc%5Etfw\">#BolsonaronaONU<\/a> <a href=\"https:\/\/twitter.com\/hashtag\/UNGA?src=hash&amp;ref_src=twsrc%5Etfw\">#UNGA<\/a><\/p>\n<p>&mdash; Marina Silva (@MarinaSilva) <a href=\"https:\/\/twitter.com\/MarinaSilva\/status\/1176547555515219968?ref_src=twsrc%5Etfw\">September 24, 2019<\/a><\/p>\n<\/blockquote>\n<\/div>\n<p>Entre parlamentares a principal cr\u00edtica envolve o trecho em que Bolsonaro questionou a atua\u00e7\u00e3o do l\u00edder ind\u00edgena Raoni: &#8220;<span>Acabou o monop\u00f3lio do Senhor Raoni&#8221;, afirmou. <\/span><\/p>\n<p><span>O presidente disse, ainda, que ele \u00e9 usado como \u201cmassa de manobra\u201d por governos estrangeiros na sua \u201cguerra informacional\u201d.<\/span><\/p>\n<p>O senador Randolfe Rodrigues (Rede-AP) classificou a fala como &#8220;deplor\u00e1vel&#8221;. Para ele, o presidente rompeu a tradi\u00e7\u00e3o multilateral brasileira e errou gravemente ao atacar povos ind\u00edgenas.<\/p>\n<div class=\"embed-twitter\">\n<blockquote class=\"twitter-tweet\" data-width=\"500\" data-dnt=\"true\">\n<p lang=\"pt\" dir=\"ltr\">O cacique Raoni \u00e9 s\u00edmbolo da resist\u00eancia da nossa Amaz\u00f4nia, das nossas florestas! Receber ataques desse governo que luta para destruir o nosso futuro s\u00f3 comprova a import\u00e2ncia de Raoni na luta pelos direitos dos ind\u00edgenas e pela preserva\u00e7\u00e3o da Amaz\u00f4nia! <a href=\"https:\/\/twitter.com\/hashtag\/BolsonaronaOnu?src=hash&amp;ref_src=twsrc%5Etfw\">#BolsonaronaOnu<\/a> <a href=\"https:\/\/t.co\/ahT8a05pXO\">pic.twitter.com\/ahT8a05pXO<\/a><\/p>\n<p>&mdash; Randolfe Rodrigues (@randolfeap) <a href=\"https:\/\/twitter.com\/randolfeap\/status\/1176505075801448449?ref_src=twsrc%5Etfw\">September 24, 2019<\/a><\/p>\n<\/blockquote>\n<\/div>\n<p>O l\u00edder da oposi\u00e7\u00e3o na C\u00e2mara dos Deputados, Alessandro Molon (PSB-RJ), disse que o discurso foi &#8220;vazio de verdades, mas cheio de agressividade e cegueira ideol\u00f3gica&#8221;.<\/p>\n<div class=\"embed-twitter\">\n<blockquote class=\"twitter-tweet\" data-width=\"500\" data-dnt=\"true\">\n<p lang=\"pt\" dir=\"ltr\">Um discurso vazio de verdades, mas cheio de agressividade e cegueira ideol\u00f3gica, assim como sua gest\u00e3o. O mundo continua vendo a inexist\u00eancia de projetos, a pol\u00edtica ideologicamente b\u00e9lica e a falta de preparo para governar um pa\u00eds como o Brasil. <a href=\"https:\/\/twitter.com\/hashtag\/BolsonaroNaOnu?src=hash&amp;ref_src=twsrc%5Etfw\">#BolsonaroNaOnu<\/a><\/p>\n<p>&mdash; Alessandro Molon (@alessandromolon) <a href=\"https:\/\/twitter.com\/alessandromolon\/status\/1176502059820077056?ref_src=twsrc%5Etfw\">September 24, 2019<\/a><\/p>\n<\/blockquote>\n<\/div>\n<h3><strong>Organiza\u00e7\u00f5es ambientais<\/strong><\/h3>\n<p>Organiza\u00e7\u00f5es ambientalistas criticaram veementemente o discurso do presidente que disse que o seu governo defende a Amaz\u00f4nia.<\/p>\n<p>Em comunicado, o coordenador de Pol\u00edticas P\u00fablicas do Greenpeace no Brasil, M\u00e1rcio Astrini, disse que falas foram uma &#8220;farsa&#8221;.<\/p>\n<p>Para ele, Bolsonaro tentou convencer todo o mundo que o seu governo protege a Amaz\u00f4nia, mas o que acontece \u00e9 o contr\u00e1rio. &#8220;Na realidade, Bolsonaro promove o desmonte da \u00e1rea socioambiental, negocia terras ind\u00edgenas com mineradoras estrangeiras e enfraquece o combate aos crimes florestais&#8221;, afirmou.<\/p>\n<p>No mesmo sentido se pronunciou a organiza\u00e7\u00e3o ambientalista WWF, segundo a qual o discurso do presidente contrariou o pr\u00f3prio esp\u00edrito da ONU por acentuar o divisionismo e a polariza\u00e7\u00e3o ao apontar para inimigos imagin\u00e1rios e deixar de reconhecer os problemas urgentes do Brasil.<\/p>\n<div class=\"widget-news widget-box no-margin no-border\"><span class=\"widget-news-title content-box-title\">Veja tamb\u00e9m<\/span><\/p>\n<ul class=\"widget-news-list\">\n<li class=\"widget-news-item without-thumb with-border\">\n<div class=\"widget-news-info\"><a href=\"http:\/\/exame.abril.com.br\/brasil\">BRASIL<\/a><span class=\"widget-news-item-title\"><a href=\"https:\/\/exame.abril.com.br\/brasil\/analise-bolsonaro-usa-onu-para-afagar-base-e-nao-alivia-crise-da-amazonia\/\">An\u00e1lise: Bolsonaro usa ONU para afagar base e n\u00e3o alivia crise da Amaz\u00f4nia<\/a><\/span><span class=\"widget-news-item-date\">24 set 2019 &#8211; 15h09<\/span><\/div>\n<\/li>\n<\/ul>\n<\/div>\n<p>De acordo com WWF, os pr\u00f3prios dados oficiais mostraram uma tend\u00eancia de aumento real e preocupante do desmatamento da Amaz\u00f4nia e dos inc\u00eandios florestais.<\/p>\n<p>A organiza\u00e7\u00e3o acrescentou que, no seu discurso, Bolsonaro n\u00e3o demonstrou preocupa\u00e7\u00e3o alguma com as mudan\u00e7as clim\u00e1ticas nem mencionou o Acordo de Paris, mas deixou claro que n\u00e3o acredita na ci\u00eancia e que n\u00e3o se compromete em dedicar esfor\u00e7os para reduzir o desmatamento e as emiss\u00f5es de poluentes.<\/p>\n<p>&#8220;Ao quebrar a hist\u00f3rica lideran\u00e7a do pa\u00eds na \u00e1rea ambiental frente a outras na\u00e7\u00f5es, a sua postura acentua a preocupa\u00e7\u00e3o internacional e dos mercados sobre a capacidade do Brasil para proteger a Amaz\u00f4nia e contribuir com a redu\u00e7\u00e3o dos efeitos das mudan\u00e7as clim\u00e1ticas&#8221;, encerrou a organiza\u00e7\u00e3o.<\/p>\n<p>O Observat\u00f3rio do Clima afirma que o presidente &#8220;envergonha o Brasil e p\u00f5e o mundo em risco&#8221;.<\/p>\n<div class=\"embed-twitter\">\n<blockquote class=\"twitter-tweet\" data-width=\"500\" data-dnt=\"true\">\n<p lang=\"pt\" dir=\"ltr\">Bolsonaro dobra a aposta, envergonha o Brasil e p\u00f5e o mundo em risco. Nossa nota sobre o discurso. <a href=\"https:\/\/t.co\/spSdnt2nP7\">pic.twitter.com\/spSdnt2nP7<\/a><\/p>\n<p>&mdash; Observat\u00f3rio do Clima (@obsclima) <a href=\"https:\/\/twitter.com\/obsclima\/status\/1176510947944538119?ref_src=twsrc%5Etfw\">September 24, 2019<\/a><\/p>\n<\/blockquote>\n<\/div>\n<p>&nbsp;<\/p>\n<h3><strong>LEIA MAIS: <span class=\"list-item-title\"><a href=\"https:\/\/exame.abril.com.br\/brasil\/bolsonaro-faz-discurso-combativo-na-onu-e-cita-falacias-sobre-amazonia\/\" title=\"Bolsonaro faz discurso combativo na ONU e cita \u201cfal\u00e1cias\u201d sobre Amaz\u00f4nia\" class=\"\">Bolsonaro faz discurso combativo na ONU e cita \u201cfal\u00e1cias\u201d sobre Amaz\u00f4nia<\/a><\/span><\/strong><\/h3>\n<div><strong><a href=\"https:\/\/exame.abril.com.br\/brasil\/analise-bolsonaro-usa-onu-para-afagar-base-e-nao-alivia-crise-da-amazonia\/\" title=\"An\u00e1lise: Bolsonaro usa ONU para afagar base e n\u00e3o alivia crise da Amaz\u00f4nia\">An\u00e1lise: Bolsonaro usa ONU para afagar base e n\u00e3o alivia crise da Amaz\u00f4nia<\/a><\/strong><\/div>\n<p><script async src=\"http:\/\/platform.twitter.com\/widgets.js\" charset=\"utf-8\"><\/script><br \/>\n<br \/><br \/>\n<br \/><a href=\"https:\/\/exame.abril.com.br\/brasil\/assertivo-nefasto-vazio-as-reacoes-ao-discurso-de-bolsonaro-na-onu\/\">Fonte do artigo <\/a><br \/>\nTags:<br \/>\n#politica #political #negocios #business #marketingdigital #empreendedorismo #marketing #emprendedores #empreender #sucesso #empresas #emprendimiento #emprendedor #empreendedor #emprender #dinheiro #dinero #empresario #vendas #liderazgo #motivacion #foco #motivacao #negocio #brasil<\/p>\n","protected":false},"excerpt":{"rendered":"<p>S\u00e3o Paulo \u2014 A estreia do presidente Jair Bolsonaro na Assembleia Geral das Na\u00e7\u00f5es Unidas\u00a0nesta ter\u00e7a-feira (24), em Nova York, atingiu o primeiro lugar entre os assuntos mais comentados do mundo no Twitter. A hashtag #BolsonaronaONU, o termo UNGA (Assembleia Geral da ONU, em ingl\u00eas) e &#8220;foro de S\u00e3o Paulo&#8221;, organiza\u00e7\u00e3o mencionada por Bolsonaro em [&hellip;]<\/p>\n","protected":false},"author":1,"featured_media":31083,"comment_status":"open","ping_status":"open","sticky":false,"template":"","format":"standard","meta":{"footnotes":""},"categories":[1],"tags":[],"class_list":["post-31082","post","type-post","status-publish","format-standard","has-post-thumbnail","hentry","category-curso-de-copy"],"_links":{"self":[{"href":"https:\/\/wiy.com.br\/noticias\/wp-json\/wp\/v2\/posts\/31082","targetHints":{"allow":["GET"]}}],"collection":[{"href":"https:\/\/wiy.com.br\/noticias\/wp-json\/wp\/v2\/posts"}],"about":[{"href":"https:\/\/wiy.com.br\/noticias\/wp-json\/wp\/v2\/types\/post"}],"author":[{"embeddable":true,"href":"https:\/\/wiy.com.br\/noticias\/wp-json\/wp\/v2\/users\/1"}],"replies":[{"embeddable":true,"href":"https:\/\/wiy.com.br\/noticias\/wp-json\/wp\/v2\/comments?post=31082"}],"version-history":[{"count":0,"href":"https:\/\/wiy.com.br\/noticias\/wp-json\/wp\/v2\/posts\/31082\/revisions"}],"wp:featuredmedia":[{"embeddable":true,"href":"https:\/\/wiy.com.br\/noticias\/wp-json\/wp\/v2\/media\/31083"}],"wp:attachment":[{"href":"https:\/\/wiy.com.br\/noticias\/wp-json\/wp\/v2\/media?parent=31082"}],"wp:term":[{"taxonomy":"category","embeddable":true,"href":"https:\/\/wiy.com.br\/noticias\/wp-json\/wp\/v2\/categories?post=31082"},{"taxonomy":"post_tag","embeddable":true,"href":"https:\/\/wiy.com.br\/noticias\/wp-json\/wp\/v2\/tags?post=31082"}],"curies":[{"name":"wp","href":"https:\/\/api.w.org\/{rel}","templated":true}]}}