{"id":30939,"date":"2023-02-26T15:23:25","date_gmt":"2023-02-26T18:23:25","guid":{"rendered":"https:\/\/wiy.com.br\/noticias\/aras-afirma-a-senadores-que-mp-cometeu-muitos-excessos-diz-fonte\/"},"modified":"2019-09-23T16:40:37","modified_gmt":"2019-09-23T19:40:37","slug":"aras-afirma-a-senadores-que-mp-cometeu-muitos-excessos-diz-fonte","status":"publish","type":"post","link":"https:\/\/wiy.com.br\/noticias\/aras-afirma-a-senadores-que-mp-cometeu-muitos-excessos-diz-fonte\/","title":{"rendered":"Aras afirma a senadores que MP cometeu muitos excessos, diz fonte"},"content":{"rendered":"<p> <br \/>\n<\/p>\n<p>Bras\u00edlia \u2014 Indicado pelo presidente <strong><a href=\"https:\/\/exame.abril.com.br\/noticias-sobre\/jair-bolsonaro\/\">Jair Bolsonaro<\/a><\/strong> para chefiar o <strong><a href=\"https:\/\/exame.abril.com.br\/noticias-sobre\/ministerio-publico\">Minist\u00e9rio P\u00fablico Federal<\/a><\/strong>, o subprocurador-geral da Rep\u00fablica <strong><a href=\"https:\/\/exame.abril.com.br\/noticias-sobre\/augusto-aras\">Augusto Aras<\/a><\/strong> afirmou que &#8220;muitos excessos&#8221; s\u00e3o cometidos pela institui\u00e7\u00e3o e defendeu que \u00f3rg\u00e3os superiores do MP atuem de forma a manter a unidade de atua\u00e7\u00e3o para evitar eventuais abusos, segundo relato feito \u00e0 Reuters de uma conversa recente dele com senadores.<\/p>\n<p>Aras disse que, embora se deva buscar um Minist\u00e9rio P\u00fablico que n\u00e3o seja tolhido na sua liberdade de express\u00e3o e independ\u00eancia, a &#8220;melhor solu\u00e7\u00e3o&#8221; para manter a institui\u00e7\u00e3o dentro da Constitui\u00e7\u00e3o e preservar a sua unidade \u00e9 por meio dos \u00f3rg\u00e3os superiores dela. Segundo Aras, por meio desses \u00f3rg\u00e3os se t\u00eam condi\u00e7\u00f5es de evitar que representantes do MP venham a abusar dos poderes que lhes s\u00e3o conferidos.<\/p>\n<p>De acordo com o relato, o indicado para procurador-geral n\u00e3o detalhou como os \u00f3rg\u00e3os superiores poderiam garantir essa unidade \u00e0 atua\u00e7\u00e3o da categoria. No entanto, o Conselho Superior do MPF &#8211;\u00f3rg\u00e3o m\u00e1ximo de delibera\u00e7\u00e3o da institui\u00e7\u00e3o&#8211; n\u00e3o tem o poder de impor a procuradores de primeira inst\u00e2ncia como atuar em um determinado caso e, por isso, qualquer sugest\u00e3o nesse sentido teria efic\u00e1cia limitada em raz\u00e3o da independ\u00eancia funcional da carreira, disse \u00e0 Reuters, sob anonimato, um experiente representante da institui\u00e7\u00e3o.<\/p>\n<p>&#8220;Haver\u00e1 uma rea\u00e7\u00e3o muito grande da classe se ele tentar impor esse tipo de atitude&#8221;, refor\u00e7ou essa fonte, ao lembrar que mudan\u00e7as no CSMPF e nas C\u00e2maras de Revis\u00e3o &#8211;que tamb\u00e9m cuidam de temas como corrup\u00e7\u00e3o e meio ambiente&#8211; precisam ir a voto nesses colegiados.<\/p>\n<p>O maior temor da carreira \u00e9 que Aras tente como PGR mudar via projeto ao Congresso a lei que rege a carreira para garantir a ele mais poderes desses \u00f3rg\u00e3os superiores sobre toda a categoria.<\/p>\n<div class=\"widget-news widget-box no-margin no-border\"><span class=\"widget-news-title content-box-title\">Veja tamb\u00e9m<\/span><\/p>\n<ul class=\"widget-news-list\">\n<li class=\"widget-news-item without-thumb with-border\">\n<div class=\"widget-news-info\"><a href=\"http:\/\/exame.abril.com.br\/brasil\">BRASIL<\/a><span class=\"widget-news-item-title\"><a href=\"https:\/\/exame.abril.com.br\/brasil\/senado-marca-sabatina-de-augusto-aras-para-proxima-quarta-feira\/\">Senado marca sabatina de Augusto Aras para pr\u00f3xima quarta-feira<\/a><\/span><span class=\"widget-news-item-date\">18 set 2019 &#8211; 11h09<\/span><\/div>\n<\/li>\n<li class=\"widget-news-item without-thumb with-border\">\n<div class=\"widget-news-info\"><a href=\"http:\/\/exame.abril.com.br\/brasil\">BRASIL<\/a><span class=\"widget-news-item-title\"><a href=\"https:\/\/exame.abril.com.br\/brasil\/augusto-aras-cumpre-as-exigencias-tecnicas-para-ser-pgr-diz-relator\/\">Augusto Aras cumpre as exig\u00eancias t\u00e9cnicas para ser PGR, diz relator<\/a><\/span><span class=\"widget-news-item-date\">16 set 2019 &#8211; 19h09<\/span><\/div>\n<\/li>\n<\/ul>\n<\/div>\n<p>O subprocurador, que tem evitado dar entrevistas desde a indica\u00e7\u00e3o, vem conversando com senadores, individualmente ou em grupo, para expor suas ideias, numa esp\u00e9cie de pr\u00e9via da sabatina a que ser\u00e1 submetido na quarta-feira pela Comiss\u00e3o de Constitui\u00e7\u00e3o e Justi\u00e7a (CCJ) do Senado. Procurado pela Reuters, n\u00e3o respondeu ao contato.<\/p>\n<h3>Responsabilidade<\/h3>\n<p>Nessa conversa relatada \u00e0 Reuters, Aras disse ser preciso maior responsabilidade do MP com a coisa p\u00fablica, e afirmou ter algumas estrat\u00e9gias para que isso ocorra. Ele sugeriu que, no plano externo, se coloque o MP em di\u00e1logo permanente com todas as institui\u00e7\u00f5es para evitar que procuradores ajam para suspender obra em curso ou promova puni\u00e7\u00f5es apenas quando danos j\u00e1 tiverem sido verificados.<\/p>\n<p>O subprocurador defendeu uma atua\u00e7\u00e3o preventiva do MP participando de processos decis\u00f3rios de forma que se possa reduzir em muito o impacto causado pela institui\u00e7\u00e3o no plano da administra\u00e7\u00e3o p\u00fablica.<\/p>\n<p>Ele afirmou ainda que, internamente, \u00e9 preciso buscar o que considera &#8220;cultura do cumprimento da Constitui\u00e7\u00e3o&#8221;, em que cada procurador ou promotor n\u00e3o pode ser o int\u00e9rprete pol\u00edtico dela, conforme os caprichos pessoais, fraquezas, virtudes e v\u00edcios.<\/p>\n<p>Para Aras, a Constitui\u00e7\u00e3o tem uma racionalidade que o Estado disp\u00f5e para si e para a sociedade, e os procuradores t\u00eam de voltar a compreender o &#8220;sagrado dever&#8221; dela e tamb\u00e9m a atua\u00e7\u00e3o deles como fiscais da lei.<\/p>\n<p>Aras lembrou tamb\u00e9m que a atua\u00e7\u00e3o de um procurador-geral n\u00e3o se restringe ao MPF porque ele tamb\u00e9m preside o Conselho Nacional do Minist\u00e9rio P\u00fablico, que fiscaliza todos os ramos do MP.<\/p>\n<h3>Criminaliza\u00e7\u00e3o da pol\u00edtica<\/h3>\n<p>O subprocurador disse que o Minist\u00e9rio P\u00fablico tem de ter &#8220;mais sentimento de patriotismo&#8221;, o que lembra declara\u00e7\u00f5es gerais de Bolsonaro, e sensibilidade human\u00edstica.<\/p>\n<p>Num aceno aos senadores, Aras afirmou que muito do que ocorre nos dias de hoje \u00e9 a &#8220;criminaliza\u00e7\u00e3o indevida da pol\u00edtica&#8221;, o que leva a condu\u00e7\u00e3o de que ela \u00e9 &#8220;algo indesej\u00e1vel&#8221;.<\/p>\n<p>Para Aras, \u00e9 preciso que a pol\u00edtica seja tamb\u00e9m o lugar dos bons e que para isso ocorra ela n\u00e3o pode ter medo do MP e do sistema de Justi\u00e7a. Disse, ao citar o fato de ter advogado por muitos anos, que todo defensor quer o respeito a garantias fundamentais do seu cliente.<\/p>\n<p>Segundo o relato, o subprocurador falou ainda que teve uma &#8220;linha de doutrina\u00e7\u00e3o&#8221;, um &#8220;vi\u00e9s&#8221; na forma\u00e7\u00e3o de cerca de 600 jovens procuradores na Escola Superior do Minist\u00e9rio P\u00fablico da Uni\u00e3o (ESMPU) &#8212; ele \u00e9 professor da institui\u00e7\u00e3o desde 2002.<\/p>\n<p>Disse que \u00e9 preciso que se reconduza o MP aos trilhos da Constitui\u00e7\u00e3o e que a juventude tem de entender n\u00e3o apenas de direito constitucional, mas, por exemplo, de sociologia, filosofia pol\u00edtica, an\u00e1lise econ\u00f4mica do direito e economia pol\u00edtica. Ressalvando que o Estado \u00e9 laico, disse que os jovens, se quiserem, devem entender at\u00e9 de rezar.<\/p>\n<p>Num discurso em linha com o de Bolsonaro, Aras defendeu aos senadores que se deve formar cidad\u00e3os patriotas, n\u00e3o apenas por uma quest\u00e3o de doutrina\u00e7\u00e3o ideol\u00f3gica.<\/p>\n<h3>Aprova\u00e7\u00e3o f\u00e1cil<\/h3>\n<p>Apesar de algumas cr\u00edticas de que ele estaria mudando o discurso conforme a plateia, as falas de Aras nas conversas reservadas t\u00eam agradado senadores das mais diferentes matizes e dever\u00e1 garantir uma aprova\u00e7\u00e3o f\u00e1cil do nome dele \u00e0 chefia do MPF, segundo relatos feitos obtidos pela Reuters. Ele passar\u00e1 por vota\u00e7\u00e3o secreta na CCJ e no plen\u00e1rio &#8212; para ser aprovado, ter\u00e1 de receber ao menos 41 dos 81 votos dos senadores em plen\u00e1rio.<\/p>\n<p>Mesmo sendo oposi\u00e7\u00e3o ao governo Bolsonaro, o l\u00edder do PT no Senado, Humberto Costa (PE), disse haver um &#8220;razo\u00e1vel n\u00edvel de concord\u00e2ncia&#8221; da bancada com as ideias expostas por Aras. Contudo, afirmou, o partido n\u00e3o dever\u00e1 fechar quest\u00e3o em torno do nome dele e que espera na sabatina posi\u00e7\u00f5es mais clara dele sobre minorias.<\/p>\n<p>&#8220;N\u00e3o estamos alimentando grandes expectativas (sobre a escolha de Aras). J\u00e1 indicamos v\u00e1rios procuradores-gerais e n\u00e3o deu certo&#8221;, disse o petista.<\/p>\n<p><br \/>\n<br \/><a href=\"https:\/\/exame.abril.com.br\/brasil\/aras-diz-a-senadores-que-mp-cometeu-muitos-excessos-diz-fonte\/\">Fonte do artigo <\/a><br \/>\nTags:<br \/>\n#politica #political #negocios #business #marketingdigital #empreendedorismo #marketing #emprendedores #empreender #sucesso #empresas #emprendimiento #emprendedor #empreendedor #emprender #dinheiro #dinero #empresario #vendas #liderazgo #motivacion #foco #motivacao #negocio #brasil<\/p>\n","protected":false},"excerpt":{"rendered":"<p>Bras\u00edlia \u2014 Indicado pelo presidente Jair Bolsonaro para chefiar o Minist\u00e9rio P\u00fablico Federal, o subprocurador-geral da Rep\u00fablica Augusto Aras afirmou que &#8220;muitos excessos&#8221; s\u00e3o cometidos pela institui\u00e7\u00e3o e defendeu que \u00f3rg\u00e3os superiores do MP atuem de forma a manter a unidade de atua\u00e7\u00e3o para evitar eventuais abusos, segundo relato feito \u00e0 Reuters de uma conversa [&hellip;]<\/p>\n","protected":false},"author":1,"featured_media":30940,"comment_status":"open","ping_status":"open","sticky":false,"template":"","format":"standard","meta":{"footnotes":""},"categories":[1],"tags":[],"class_list":["post-30939","post","type-post","status-publish","format-standard","has-post-thumbnail","hentry","category-curso-de-copy"],"_links":{"self":[{"href":"https:\/\/wiy.com.br\/noticias\/wp-json\/wp\/v2\/posts\/30939","targetHints":{"allow":["GET"]}}],"collection":[{"href":"https:\/\/wiy.com.br\/noticias\/wp-json\/wp\/v2\/posts"}],"about":[{"href":"https:\/\/wiy.com.br\/noticias\/wp-json\/wp\/v2\/types\/post"}],"author":[{"embeddable":true,"href":"https:\/\/wiy.com.br\/noticias\/wp-json\/wp\/v2\/users\/1"}],"replies":[{"embeddable":true,"href":"https:\/\/wiy.com.br\/noticias\/wp-json\/wp\/v2\/comments?post=30939"}],"version-history":[{"count":0,"href":"https:\/\/wiy.com.br\/noticias\/wp-json\/wp\/v2\/posts\/30939\/revisions"}],"wp:featuredmedia":[{"embeddable":true,"href":"https:\/\/wiy.com.br\/noticias\/wp-json\/wp\/v2\/media\/30940"}],"wp:attachment":[{"href":"https:\/\/wiy.com.br\/noticias\/wp-json\/wp\/v2\/media?parent=30939"}],"wp:term":[{"taxonomy":"category","embeddable":true,"href":"https:\/\/wiy.com.br\/noticias\/wp-json\/wp\/v2\/categories?post=30939"},{"taxonomy":"post_tag","embeddable":true,"href":"https:\/\/wiy.com.br\/noticias\/wp-json\/wp\/v2\/tags?post=30939"}],"curies":[{"name":"wp","href":"https:\/\/api.w.org\/{rel}","templated":true}]}}