{"id":30921,"date":"2023-02-26T14:56:49","date_gmt":"2023-02-26T17:56:49","guid":{"rendered":"https:\/\/wiy.com.br\/noticias\/de-olho-em-vaga-no-senado-em-2022-dallagnol-mirou-apoio-de-evangelicos\/"},"modified":"2019-09-23T14:38:45","modified_gmt":"2019-09-23T17:38:45","slug":"de-olho-em-vaga-no-senado-em-2022-dallagnol-mirou-apoio-de-evangelicos","status":"publish","type":"post","link":"https:\/\/wiy.com.br\/noticias\/de-olho-em-vaga-no-senado-em-2022-dallagnol-mirou-apoio-de-evangelicos\/","title":{"rendered":"De olho em vaga no Senado em 2022, Dallagnol mirou apoio de evang\u00e9licos"},"content":{"rendered":"<p> <br \/>\n<\/p>\n<p>Ap\u00f3s ter recusado a ideia de se candidatar ao Senado em 2018, sugerida por outros procuradores, e decidido a continuar no Minist\u00e9rio P\u00fablico Federal (MPF), o procurador-chefe da for\u00e7a-tarefa da Lava Jato, <strong><a href=\"https:\/\/exame.abril.com.br\/noticias-sobre\/deltan-dallagnol\/\">Deltan Dallagnol<\/a><\/strong>, n\u00e3o deixou a pol\u00edtica de lado.<\/p>\n<p>Pelo contr\u00e1rio: colocou em pr\u00e1tica um plano para \u201caumentar sua influ\u00eancia\u201d usando \u201cgrupos de a\u00e7\u00e3o cidad\u00e3 em igrejas e viagens\u201d. Membro da Igreja Batista do Bacacheri, em Curitiba, ele recorreu \u00e0s igrejas<\/p>\n<figure><img title = \"[Tags]\"alt = \"peregrinacao-dellagnol-2015 De olho em vaga no Senado em 2022, Dallagnol mirou apoio de evang\u00e9licos\"decoding=\"async\" src=\"https:\/\/abrilexame.files.wordpress.com\/2019\/09\/peregrinacao-dellagnol-2015.jpg\" \/><figcaption>&lt;span class=&quot;hidden&quot;&gt;&#8211;&lt;\/span&gt;<span class=\"copyright\">Ag\u00eancia P\u00fablica<\/span><\/figcaption><\/figure>\n<p>evang\u00e9licas, onde tem atuado ao menos desde 2015 na defesa da Opera\u00e7\u00e3o Lava Jato.<\/p>\n<p>\u00c9 o que revelam as conversas do Telegram recebidas pelo<span>\u00a0<\/span><em>The Intercept Brasil<\/em><span>\u00a0<\/span>e analisadas em conjunto com a<span>\u00a0<\/span>Ag\u00eancia P\u00fablica.<\/p>\n<p>S\u00f3 de junho a setembro do ano passado \u2013 durante o per\u00edodo da campanha eleitoral que levou Jair Bolsonaro \u00e0 Presid\u00eancia<span>\u00a0<\/span><a href=\"https:\/\/apublica.us8.list-manage.com\/track\/click?u=47bdda836f3b890e13c9f416d&amp;id=9b8003755c&amp;e=38ddf01f7b\" target=\"_blank\" rel=\"noopener noreferrer\">com apoio sem precedente<\/a><span>\u00a0<\/span>das igrejas crist\u00e3s \u2013, o procurador participou de pelo menos 18 encontros com evang\u00e9licos, entre palestras e reuni\u00f5es fechadas, m\u00e9dia de uma por semana.<\/p>\n<p>Essa peregrina\u00e7\u00e3o foi planejada por ele em janeiro do ano passado e faz parte do seu projeto pessoal, conforme revelou a reportagem<span>\u00a0<\/span><a href=\"https:\/\/apublica.us8.list-manage.com\/track\/click?u=47bdda836f3b890e13c9f416d&amp;id=2fb122cb34&amp;e=38ddf01f7b\" target=\"_blank\" rel=\"noopener noreferrer\">\u201cSeria facilmente eleito\u201d<\/a><span>\u00a0<\/span>publicada pelo<span>\u00a0<\/span><em>The\u00a0 Intercept Brasil<\/em>. Em reflex\u00e3o consigo mesmo no Telegram, ele se viu dividido entre tr\u00eas op\u00e7\u00f5es: se candidatar ao Senado, deixar a carreira de procurador sem abra\u00e7ar a pol\u00edtica partid\u00e1ria ou continuar no cargo.<\/p>\n<figure><img title = \"[Tags]\"alt = \"peregrinacao-dellagnol-2015 De olho em vaga no Senado em 2022, Dallagnol mirou apoio de evang\u00e9licos\"decoding=\"async\" src=\"https:\/\/abrilexame.files.wordpress.com\/2019\/09\/peregrinacao-dellagnol-2015.jpg\" \/><figcaption>&lt;span class=&quot;hidden&quot;&gt;&#8211;&lt;\/span&gt;<span class=\"copyright\">Ag\u00eancia P\u00fablica<\/span><\/figcaption><\/figure>\n<figure><img title = \"[Tags]\"alt = \"peregrinacao-dellagnol-2015 De olho em vaga no Senado em 2022, Dallagnol mirou apoio de evang\u00e9licos\"decoding=\"async\" src=\"https:\/\/abrilexame.files.wordpress.com\/2019\/09\/peregrinacao-dellagnol-2016-final.jpg\" \/><figcaption>&lt;span class=&quot;hidden&quot;&gt;&#8211;&lt;\/span&gt;<span class=\"copyright\">Ag\u00eancia P\u00fablica<\/span><\/figcaption><\/figure>\n<figure><img title = \"[Tags]\"alt = \"peregrinacao-dellagnol-2015 De olho em vaga no Senado em 2022, Dallagnol mirou apoio de evang\u00e9licos\"decoding=\"async\" src=\"https:\/\/abrilexame.files.wordpress.com\/2019\/09\/unnamed.jpg\" \/><figcaption>&lt;span class=&quot;hidden&quot;&gt;&#8211;&lt;\/span&gt;<span class=\"copyright\">Ag\u00eancia P\u00fablica<\/span><\/figcaption><\/figure>\n<p><span>As agendas foram retiradas das conversas do procurador Deltan Dallagnol no Telegram com o pastor Marcos Ferreira e no chat Palestras das Novas Medidas \u2013 A Grande Chance. <\/span><\/p>\n<p><span>\u00c9 poss\u00edvel que algum evento tenha sido cancelado e o assunto n\u00e3o tenha sido tratado nas conversas. Para fazer esse levantamento, a reportagem tamb\u00e9m buscou informa\u00e7\u00f5es nos sites e m\u00eddias sociais das igrejas.<\/span><\/p>\n<h3>Uma plataforma de apoio pol\u00edtico das igrejas<\/h3>\n<p>Dallagnol decidiu permanecer como procurador da Rep\u00fablica, por enxergar \u201criscos concretos \u00e0 causa anticorrup\u00e7\u00e3o\u201d, mas cogitou a ideia de disputar as elei\u00e7\u00f5es em 2022: \u201cTenho apenas 37 anos. A terceira tenta\u00e7\u00e3o de Jesus no deserto foi um atalho para o reinado. Apesar de em 2022 ter renova\u00e7\u00e3o de s\u00f3 1 vaga e de ser \u00c1lvaro Dias, se for para ser, ser\u00e1. Posso tra\u00e7ar plano focado em fazer mudan\u00e7as e que pode acabar tendo como efeito manter essa porta aberta\u201d, escreveu em 29 de janeiro de 2018, numa longa mensagem enviada para si mesmo pelo Telegram.<\/p>\n<p>O plano de continuar na Procuradoria foi descrito da seguinte maneira no chat: \u201cLutar pela renova\u00e7\u00e3o enquanto procurador: mant\u00e9m a credibilidade, mas perde a intensidade que seria necess\u00e1ria\u201d, avaliou.<\/p>\n<p>\u201cPrecisaria me dedicar bastante a isso e me programar. Para aumentar a influ\u00eancia, precisaria muito come\u00e7ar uma iniciativa de grupos de a\u00e7\u00e3o cidad\u00e3. Dois pilares seriam: grupos de a\u00e7\u00e3o cidad\u00e3 em igrejas e viagens. Tem um risco de CNMP, mas \u00e9 pag\u00e1vel, cabendo fazer uma pesquisa de campanhas p\u00fablicas (de \u00f3rg\u00e3os) de voto consciente, para me proteger\u201d, escreveu.<\/p>\n<p>Com o \u00e1libi de promover a<span>\u00a0<\/span><a href=\"https:\/\/apublica.us8.list-manage.com\/track\/click?u=47bdda836f3b890e13c9f416d&amp;id=0e73f20020&amp;e=38ddf01f7b\" target=\"_blank\" rel=\"noopener noreferrer\">campanha<\/a><span>\u00a0<\/span>das novas medidas de combate \u00e0 corrup\u00e7\u00e3o encabe\u00e7ada pelo movimento Unidos Contra a Corrup\u00e7\u00e3o, Deltan Dallagnol organizou uma agenda intensa de viagens, mesmo depois de considerar o risco de ser alvo do Conselho Nacional do Minist\u00e9rio P\u00fablico (CNMP).<\/p>\n<p>Afinal, \u00e9 compromisso da conduta \u00e9tica dos procuradores \u201catuar com imparcialidade no desempenho das atribui\u00e7\u00f5es funcionais, n\u00e3o permitindo que convic\u00e7\u00f5es de ordem pol\u00edtico-partid\u00e1ria, religiosa ou ideol\u00f3gica afetem sua isen\u00e7\u00e3o\u201d, de acordo com o C\u00f3digo de \u00c9tica e de Conduta do Minist\u00e9rio P\u00fablico da Uni\u00e3o.<\/p>\n<p>Ao contr\u00e1rio das dez medidas de combate \u00e0 corrup\u00e7\u00e3o<span>\u00a0<\/span><a href=\"https:\/\/apublica.us8.list-manage.com\/track\/click?u=47bdda836f3b890e13c9f416d&amp;id=679c8b5bd2&amp;e=38ddf01f7b\" target=\"_blank\" rel=\"noopener noreferrer\">derrotadas<\/a><span>\u00a0<\/span>em 2016 na C\u00e2mara dos Deputados, as novas medidas anticorrup\u00e7\u00e3o n\u00e3o eram um projeto institucional do MPF, mas do procurador.<\/p>\n<p>No per\u00edodo pr\u00e9-eleitoral, um dos principais focos de Dallagnol era dar palestras em igrejas com p\u00fablico grande ou se reunir com importantes lideran\u00e7as: \u201cUma vez aceitando um lugar, precisamos ter uma lista de entidades com quem conversar e de pessoas que s\u00e3o bons pontos de contato para ajudar a organizar.<\/p>\n<p>Por exemplo, igrejas temos o Juarez da Presbiteriana, o Dorgival\u2026 Para expandirmos a rede de influ\u00eancia em cada viagem\u201d, explicou Dallagnol no chat \u201cPalestras das Novas Medidas \u2013 A Grande Chance\u201d, colocando em pr\u00e1tica a sua inten\u00e7\u00e3o de \u201caumentar a influ\u00eancia\u201d.<\/p>\n<p>Participavam deste chat duas funcion\u00e1rias do MPF e Patr\u00edcia Fehrmann, membro do Instituto Mude \u2013 Chega de Corrup\u00e7\u00e3o. Elas eram respons\u00e1veis por administrar a agenda da campanha promovida por Deltan Dallagnol e trabalhavam para manter os dias do chefe da for\u00e7a-tarefa sempre cheios de encontros e palestras.<\/p>\n<p>\u00c0s vezes ele era convidado, \u00e0s vezes elas produziam o evento. \u201cTudo temos que ver tamanho de p\u00fablico e avaliar conveni\u00eancia comparando com outros convites pro mesmo local e marcando eventos e reuni\u00f5es\u201d, explicou o procurador a elas.<\/p>\n<p>A aproxima\u00e7\u00e3o de Dallagnol com as igrejas evang\u00e9licas para fins pol\u00edticos espelha uma tend\u00eancia nacional, coroada com a indica\u00e7\u00e3o de Augusto Aras para procurador-geral da Rep\u00fablica por Jair Bolsonaro neste m\u00eas.<\/p>\n<p>Aras assinou um compromisso com a associa\u00e7\u00e3o<span>\u00a0<\/span><a href=\"https:\/\/apublica.us8.list-manage.com\/track\/click?u=47bdda836f3b890e13c9f416d&amp;id=04cc55cc58&amp;e=38ddf01f7b\" target=\"_blank\" rel=\"noopener noreferrer\">Nacional de Juristas Evang\u00e9licos (Anajure)<\/a><span>\u00a0<\/span>comprometendo o MPF com valores \u201ccrist\u00e3os\u201d, tais como manter a imunidade tribut\u00e1ria a igrejas, defender o programa Escola Sem Partido e ser contra casamento homossexual e a legaliza\u00e7\u00e3o do aborto. Al\u00e9m de \u201cpriorizar o combate \u00e0 corrup\u00e7\u00e3o\u201d, claro.<\/p>\n<p>Procurado pela reportagem, o procurador, atrav\u00e9s da assessoria de imprensa do MPF, \u201crepudiou\u201d o que classificou como \u201cviola\u00e7\u00e3o da sua intimidade e exposi\u00e7\u00e3o de reflex\u00f5es pessoais l\u00edcitas e leg\u00edtimas\u201d.<\/p>\n<p>Sobre ser candidato em 2022, afirmou que \u201cse o procurador tivesse inten\u00e7\u00f5es pol\u00edticas, ele poderia ter disputado as elei\u00e7\u00f5es de 2018 e, segundo pesquisas da \u00e9poca, ter sido eleito.<\/p>\n<p>A defesa que o procurador faz do combate \u00e0 corrup\u00e7\u00e3o \u00e9 coerente com as fun\u00e7\u00f5es do Minist\u00e9rio P\u00fablico e \u00e9 coerente com sua vis\u00e3o crist\u00e3 de mundo, n\u00e3o havendo a\u00ed qualquer incompatibilidade. Ele compareceu a diversos ambientes para divulgar a causa anticorrup\u00e7\u00e3o e n\u00e3o o fez somente no ambiente crist\u00e3o\u201d.<\/p>\n<p>O procurador nega, ainda, que tenha priorizado as igrejas evang\u00e9licas, reconhecendo que se encontrou com \u201centidades p\u00fablicas e privadas, incluindo eventos do Minist\u00e9rio P\u00fablico, do Poder Judici\u00e1rio, da Receita Federal, do CNMP, de escolas e de universidades p\u00fablicas e privadas, de clubes Rotary, de pot\u00eancias da ma\u00e7onaria, de associa\u00e7\u00f5es comerciais e industriais e de entidades de diferentes religi\u00f5es\u201d.<\/p>\n<p>A \u00edntegra das respostas de Deltan Dallagnol est\u00e3o no final da reportagem.<\/p>\n<h3>A campanha de Deltan Dallagnol em 2018<\/h3>\n<p>Al\u00e9m dos pastores, principais aliados, Dallagnol se articulou tamb\u00e9m com ma\u00e7ons, rotarianos, empres\u00e1rios e representantes de entidades patronais. As procuradorias das cidades por onde ele passava viravam praticamente comit\u00eas da campanha de 2022.<\/p>\n<figure><img title = \"[Tags]\"alt = \"peregrinacao-dellagnol-2015 De olho em vaga no Senado em 2022, Dallagnol mirou apoio de evang\u00e9licos\"decoding=\"async\" src=\"https:\/\/abrilexame.files.wordpress.com\/2019\/09\/unnamed-1.jpg\" \/><figcaption>&lt;span class=&quot;hidden&quot;&gt;&#8211;&lt;\/span&gt;<span class=\"copyright\">Ag\u00eancia P\u00fablica<\/span><\/figcaption><\/figure>\n<p>As mensagens foram reproduzidas com a grafia encontrada nos arquivos originais recebidos pelo<em><span>\u00a0<\/span>The Intercept Brasil<\/em>, incluindo erros de portugu\u00eas e abreviaturas.<\/p>\n<p>As mensagens do chat \u201cPalestras das Novas Medidas \u2013 a Grande Chance\u201d mostram que ele misturou suas inten\u00e7\u00f5es pol\u00edticas e sua milit\u00e2ncia com sua fun\u00e7\u00e3o como servidor p\u00fablico: \u201c[Secret\u00e1ria], tenta uma agenda com Paulo Zanardi, Diretor do Rotary Internacional, para mim? Ele mora em Curitiba. Pergunta se ele aceitaria um convite para conhecer a FT e falarmos do momento atual do esfor\u00e7o brasileiro contra a corrup\u00e7\u00e3o\u201d, afirmou em conversa no Telegram em tr\u00eas de junho de 2018.<\/p>\n<p>\u201cMeninas, precisamos fazer um followup das reuni\u00f5es passadas. [Secret\u00e1ria], pega o contato de todos aqueles com que j\u00e1 me reuni nos diferentes locais e vamos fazer um email indicando que o lan\u00e7amento das novas medidas e da campanha, pela TI, ser\u00e1 nesta ter\u00e7a. Pega todos os contatos e amanh\u00e3 entrego um texto de email pra enviarmos\u201d, acrescentou.<\/p>\n<p>De acordo com o c\u00f3digo de \u00c9tica e de Conduta do Minist\u00e9rio P\u00fablico da Uni\u00e3o, \u00e9 vedado aos servidores do \u00f3rg\u00e3o \u201cutilizar bens do patrim\u00f4nio institucional para atendimento de atividades de interesse\u201d.<\/p>\n<p>Apesar de ter cogitado em sua reflex\u00e3o consigo mesmo no Telegram tirar f\u00e9rias para viajar pelo pa\u00eds \u2013 \u201cPosso tirar licen\u00e7a e f\u00e9rias e viajar o pa\u00eds. Precisaria me dedicar bastante a isso e me programar\u201d, escreveu \u2013, Deltan Dallagnol rodou o Brasil nos seus dias \u00fateis de trabalho. Os anfitri\u00f5es eram respons\u00e1veis por bancar os custos das viagens, mas o procurador usou a estrutura do \u00f3rg\u00e3o p\u00fablico (funcion\u00e1rias e salas) para colocar seu plano pol\u00edtico em pr\u00e1tica: \u201c[Secret\u00e1ria], minha sugest\u00e3o \u00e9 amanha Vc trabalhar so no assunto palestras. As viagens de quinta e sexta precisam ser bem preparadas, do contr\u00e1rio perderemos o potencial. Fala com [Secret\u00e1ria2], que pedi pra Vc fazer so isso\u201d, escreveu no dia 17 de junho de 2018. A pessoa com quem ele conversa \u00e9 funcion\u00e1ria do MPF.<\/p>\n<p>Al\u00e9m de promover encontros com as lideran\u00e7as para falar do seu projeto dentro da Procuradoria, ele fez campanha entre servidores do \u00f3rg\u00e3o: \u201c[Assessora de Imprensa], por que n\u00e3o programamos encontro com servidores (n\u00e3o chame de palestra) sobre a campanha unidos contra a corrup\u00e7\u00e3o e sobre as novas medidas pra primeira semana de junlho? T\u00e1 bem livre ainda, salvo se aparecerem coisas boas a\u00ed na agenda\u201d, solicitou. O encontro ocorreu dia 3 de julho do ano passado.<\/p>\n<p>O pacote das novas medidas anticorrup\u00e7\u00e3o, que conta com 70 propostas, foi oficialmente lan\u00e7ado pelo movimento Unidos Contra a Corrup\u00e7\u00e3o, formado por seis entidades sob a lideran\u00e7a da organiza\u00e7\u00e3o Transpar\u00eancia Internacional e da Funda\u00e7\u00e3o Getulio Vargas (FGV).<\/p>\n<p>Nos bastidores, no entanto, Deltan Dallagnol foi um dos articuladores do projeto, conforme revelam os chats. A campanha surgiu no ano passado com objetivo de trazer o tema \u201ccombate \u00e0 corrup\u00e7\u00e3o\u201d para o debate eleitoral.<\/p>\n<p>Para se proteger de poss\u00edveis retalia\u00e7\u00f5es e cr\u00edticas sobre sua participa\u00e7\u00e3o nessa campanha, Dallagnol retirou a express\u00e3o \u201cas novas medidas\u201d do t\u00edtulo de suas palestras sobre o tema.<\/p>\n<p>\u201cAcho que \u00e9 melhor n\u00e3o colocar as novas medidas no t\u00edtulo. Diferente das 10m originais, estas n\u00e3o s\u00e3o do MPF\u201d, aconselhou sua assessora. \u201cIsso que pensei tb\u2026 ia usar o nome da campanha, mas a\u00ed poderiam dizer que estou tentando me apropriar indevidamente e tal. a campanha \u00e9 de uma coaliz\u00e3o de entidades e nem todas sabem do meu papel\u201d, respondeu Deltan.<\/p>\n<h3>O \u201cprotagonismo crist\u00e3o\u201d do procurador<\/h3>\n<p>As conversas mostram que o chefe da for\u00e7a-tarefa da Lava Jato adotou como miss\u00e3o para 2018 influenciar o debate eleitoral com a bandeira do combate \u00e0 corrup\u00e7\u00e3o, que virou tamb\u00e9m a bandeira do antipetismo abra\u00e7ado pela campanha de Jair Bolsonaro.<\/p>\n<p>Ao refletir consigo mesmo, o procurador deixa claro que o projeto das novas medidas anticorrup\u00e7\u00e3o era apenas um pano de fundo para rodar o pa\u00eds e que ele usaria as igrejas como seu principal palco pol\u00edtico.<\/p>\n<p>N\u00e3o \u00e9 de hoje, contudo, que Dallagnol recorre \u00e0s igrejas evang\u00e9licas para se promover ou defender a Opera\u00e7\u00e3o Lava Jato. Ele tamb\u00e9m fez uma campanha massiva nas igrejas em 2015 e 2016 para colher as assinaturas para as dez medidas de combate \u00e0 corrup\u00e7\u00e3o. Nesse per\u00edodo, rodou pelo menos 24 igrejas evang\u00e9licas.<\/p>\n<p>\u201cVoc\u00ea est\u00e1 inaugurando um novo momento do protagonismo crist\u00e3o\u201d, avaliou o pastor Marcos Ferreira, membro do Instituto Mude, em conversa com Dallagnol em 18 de julho de 2016 pelo Telegram.<\/p>\n<p>Ferreira atuava como conselheiro do procurador e era o principal articulador dos seus encontros com lideran\u00e7as religiosas. Como membro do Instituto Mude e pastor, ele tamb\u00e9m atuou ativamente na campanha das dez medidas dentro das igrejas:<\/p>\n<figure><img title = \"[Tags]\"alt = \"peregrinacao-dellagnol-2015 De olho em vaga no Senado em 2022, Dallagnol mirou apoio de evang\u00e9licos\"decoding=\"async\" src=\"https:\/\/abrilexame.files.wordpress.com\/2019\/09\/unnamed-2.jpg\" \/><figcaption>&lt;span class=&quot;hidden&quot;&gt;&#8211;&lt;\/span&gt;<span class=\"copyright\">Ag\u00eancia P\u00fablica<\/span><\/figcaption><\/figure>\n<p>Dallagnol concordou com o pedido do pastor: \u201cAutorizadissimo Marcos\u201d, respondeu, no dia seguinte.<\/p>\n<p><a><\/a>Foi Ferreira o respons\u00e1vel por criar a ponte entre Dallagnol e um dos maiores l\u00edderes evang\u00e9licos do pa\u00eds, o pastor Silas Malafaia \u2013 a quem viam como um potencial multiplicador do projeto das dez medidas.<\/p>\n<p>Em fevereiro de 2016, Ferreira encaminhou o telefone pessoal do l\u00edder da Assembleia de Deus Vit\u00f3ria em Cristo para o procurador. \u201cSecretaria dele passou\u2026 Ele pediu para vc ligar para ele\u2026\u201d, disse. \u201cLigando\u201d, respondeu Dallagnol pouco depois.<\/p>\n<p>Em chats do Telegram sobre a campanha das dez medidas, o chefe da Lava Jato sinalizava que via Malafaia como um apoio importante por ser \u201cmuito marcante\u201d. Ao mesmo tempo, ponderava que ele \u201cgera rejei\u00e7\u00e3o de quem n\u00e3o gosta dele\u201d.<\/p>\n<p>Em dezembro daquele ano, Silas Malafaia foi alvo de condu\u00e7\u00e3o coercitiva e indiciado pela Pol\u00edcia Federal por suposto envolvimento em esquema de corrup\u00e7\u00e3o na cobran\u00e7a de<span>\u00a0<\/span><em>royalties<\/em><span>\u00a0<\/span>de explora\u00e7\u00e3o mineral. Na \u00e9poca, Dallagnol ficou alarmado. Ele procurou pessoas envolvidas na investiga\u00e7\u00e3o para saber se poderia continuar se comunicando com o pastor.<\/p>\n<p>Ao procurador do caso, Anselmo Lopes, Dallagnol demonstrou preocupa\u00e7\u00e3o com a opini\u00e3o popular sobre a condu\u00e7\u00e3o coercitiva e perguntou sobre \u201cprovas de crimes\u201d.<\/p>\n<p>\u201cFiquei preocupado, na Tim\u00f3teo, com uma rea\u00e7\u00e3o contra as coercitivas por causa da rea\u00e7\u00e3o do Malafaia. Al\u00e9m disso, embora eu nunca o tenha encontrado pessoalmente, trocamos algumas mensagens sobre as 10 medidas\u2026 respondi algo e n\u00e3o lembro se alguma vez falei por telefone com ele. Ou\u00e7o falar coisas \u201cd\u00fabias\u201d sobre ele, mas nada concreto. Se houver provas de crimes dele, seria muito conveniente que eu continue afastado completamente. Se for p\u00fablica a avalia\u00e7\u00e3o sobre potenciais crimes dele e puder dar alguma informa\u00e7\u00e3o, \u00e9 \u00fatil para eu saber como me movimentar (ou n\u00e3o me movimentar rs)\u2026\u201d, escreveu dois dias depois da opera\u00e7\u00e3o.<\/p>\n<p>\u201cMalafaia tem rela\u00e7\u00f5es estranhas com um advogado que era central no esquema de desvios. N\u00e3o se pode condenar antecipadamente, claro, mas eu teria cautela na rela\u00e7\u00e3o com ele\u201d, respondeu Lopes.<\/p>\n<p>No dia da opera\u00e7\u00e3o, batizada de \u201cTim\u00f3teo\u201d, em dezembro de 2016, Ferreira enviou a Dallagnol o link de um v\u00eddeo em que Malafaia esbravejava a jornalistas contra os investigadores e a opera\u00e7\u00e3o.<\/p>\n<p>\u201cAssista o v\u00eddeo. Provavelmente ele ir\u00e1 querer vingan\u00e7a\u201d, disse o pastor. \u201cRapaz\u2026 ainda bem que n\u00e3o tem nada a ver conosco aqui rs\u201d, foi a resposta do procurador. Um minuto depois, Dallagnol encaminhou o mesmo v\u00eddeo para o grupo \u201cFilhos de Janu\u00e1rio 1\u201d, que s\u00f3 continha membros da for\u00e7a-tarefa de Curitiba.<\/p>\n<p>\u201cRapaz, a condu\u00e7\u00e3o coercitiva pode ficar na berlinda depois de uns epis\u00f3dios como esse\u201d, comentou. Nenhum colega respondeu.<\/p>\n<p>Dallagnol discutiu com o pastor Marcos Ferreira o conte\u00fado do texto a ser enviado ao Conselho da Igreja Batista do Bacacheri para agradecer o empenho na campanha das dez medidas de combate \u00e0 corrup\u00e7\u00e3o.<\/p>\n<p>A mensagem deixa ainda mais clara a fun\u00e7\u00e3o das igrejas evang\u00e9licas nessa campanha: \u201cA articula\u00e7\u00e3o realizada no meio crist\u00e3o, especialmente evang\u00e9lico, contribuiu para que a mobiliza\u00e7\u00e3o em favor de reformas contra a corrup\u00e7\u00e3o se espalhassem e se fortalecessem. A iniciativa de recolher assinaturas em prol de mudan\u00e7as, nascida em pastor dessa Igreja, alcan\u00e7ou diretamente, pelo menos, dois milh\u00f5es e meio de pessoas \u2013 algo de impacto extraordin\u00e1rio que marcar\u00e1 a hist\u00f3ria do Brasil. A aprova\u00e7\u00e3o e incentivo do emprego do tempo, por l\u00edderes e especialmente funcion\u00e1rios, conferiu proje\u00e7\u00e3o e relev\u00e2ncia nacional ao trabalho da Igreja, particularmente nessa dimens\u00e3o do amor ao pr\u00f3ximo material que \u00e9 a busca de justi\u00e7a social\u201d, escreveu como sugest\u00e3o de texto a ser avaliada pelo pastor no dia 13 de janeiro de 2017.<\/p>\n<figure><img title = \"[Tags]\"alt = \"peregrinacao-dellagnol-2015 De olho em vaga no Senado em 2022, Dallagnol mirou apoio de evang\u00e9licos\"decoding=\"async\" src=\"https:\/\/abrilexame.files.wordpress.com\/2019\/09\/unnamed-3.jpg\" \/><figcaption>&lt;span class=&quot;hidden&quot;&gt;&#8211;&lt;\/span&gt;<span class=\"copyright\">Ag\u00eancia P\u00fablica<\/span><\/figcaption><\/figure>\n<p>pelo Supremo Tribunal Federal (STF), no ano passado. Dallagnol anunciou em seu twitter a tr\u00eas dias da vota\u00e7\u00e3o, que faria jejum para que o Judici\u00e1rio negasse o pedido de Lula.<\/p>\n<p>Nos bastidores, ele se movimentou para que os pastores fizessem uma campanha em suas igrejas para pressionar o STF: \u201c\u00c9 a hora de l\u00edderes convocarem um grande jejum\u201d, escreveu Deltan no chat #Mude Delta,F\u00e1b,Pat,Had,Mar, formado pelos fundadores do Instituto Mude, dia primeiro de abril de 2018.<\/p>\n<div class=\"embed-twitter\">\n<blockquote class=\"twitter-tweet\" data-width=\"500\" data-dnt=\"true\">\n<p lang=\"pt\" dir=\"ltr\">4\u00aa feira \u00e9 o dia D da luta contra a corrup\u00e7\u00e3o na <a href=\"https:\/\/twitter.com\/hashtag\/LavaJato?src=hash&amp;ref_src=twsrc%5Etfw\">#LavaJato<\/a>. Uma derrota significar\u00e1 que a maior parte dos corruptos de diferentes partidos, por todo pa\u00eds, jamais ser\u00e3o responsabilizados, na Lava Jato e al\u00e9m. O cen\u00e1rio n\u00e3o \u00e9 bom. Estarei em jejum, ora\u00e7\u00e3o e torcendo pelo pa\u00eds.<\/p>\n<p>&mdash; Deltan Dallagnol (@deltanmd) <a href=\"https:\/\/twitter.com\/deltanmd\/status\/980466973917237250?ref_src=twsrc%5Etfw\">April 1, 2018<\/a><\/p>\n<\/blockquote>\n<\/div>\n<p>O procurador pediu que os integrantes do grupo, todos evang\u00e9licos, o ajudassem a mobilizar os pastores: \u201cPoderiam encaminhar dizendo algo como: Deus levanta pessoas e situa\u00e7\u00f5es em resposta \u00e0s nossas ora\u00e7\u00f5es. Vamos deix\u00e1-los sozinhos ou vamos convocar um grande dia de jejum e ora\u00e7\u00e3o ao lado deles?\u201d, escreveu. Esta \u00e9 a hora em que precisamos dos crentes do nosso lado\u201d, acrescentou.<\/p>\n<h3>O PowerPoint para palestra em igrejas<\/h3>\n<p>\u201cO Deltan, ele tem sido mais do que um procurador-chefe da Lava Jato, membro do Minist\u00e9rio P\u00fablico. Ele tem sido um servo do senhor. Ele tem usado a voca\u00e7\u00e3o que Deus deu para ele para trazer uma mudan\u00e7a em nosso pa\u00eds\u201d, anunciou ao microfone o pastor Gil em uma ter\u00e7a-feira, 16 de agosto de 2016, reta final do processo de impeachment da presidente Dilma Rousseff.<\/p>\n<p>Dallagnol foi cumprir mais uma agenda da campanha das dez medidas de combate \u00e0 corrup\u00e7\u00e3o, dessa vez na Igreja Batista da Lagoinha, em Belo Horizonte, a mesma da ministra da Mulher, da Fam\u00edlia e dos Direitos Humanos, Damares Alves. Seu anfitri\u00e3o foi Andr\u00e9 Valad\u00e3o, que no ano passado anunciou voto ao ent\u00e3o presidenci\u00e1vel Jair Bolsonaro (PSL).<\/p>\n<p>\u201cCombater a corrup\u00e7\u00e3o n\u00e3o \u00e9 algo abstrato, \u00e9 pessoal. E mais, \u00e9 uma miss\u00e3o crist\u00e3, \u00e9 uma miss\u00e3o de amor ao pr\u00f3ximo comissivo\u201d,<span>\u00a0<\/span><a href=\"https:\/\/apublica.us8.list-manage.com\/track\/click?u=47bdda836f3b890e13c9f416d&amp;id=681e0c8c10&amp;e=38ddf01f7b\" target=\"_blank\" rel=\"noopener noreferrer\">profetizou<\/a><span>\u00a0<\/span>Deltan.<\/p>\n<p>Em sua palestra no p\u00falpito, ele destacou que \u00e9 preciso construir muros entre a corrup\u00e7\u00e3o e a sociedade, fazendo uma analogia da campanha das dez medidas com o exemplo do profeta Neemias \u2013 que, de acordo com o Antigo Testamento, foi um l\u00edder judeu que reconstruiu as muralhas de Jerusal\u00e9m.<\/p>\n<p>\u201cNeemias volta a Jerusal\u00e9m, o povo se une e a cidade \u00e9 reconstru\u00edda com uma m\u00e3o nos tijolos e uma m\u00e3o na espada. N\u00f3s estamos num momento parecido\u201d, enfatizou.<\/p>\n<p>A igreja estava lotada quando o procurador come\u00e7ou a falar, mas foi esvaziando ao longo da palestra. Um<span>\u00a0<\/span><a href=\"https:\/\/apublica.us8.list-manage.com\/track\/click?u=47bdda836f3b890e13c9f416d&amp;id=7d63445e13&amp;e=38ddf01f7b\" target=\"_blank\" rel=\"noopener noreferrer\">v\u00eddeo<\/a><span>\u00a0<\/span>publicado no YouTube pela deputada federal Carla Zambelli (PSL-SP) com o t\u00edtulo \u201cIgreja vira as costas para Deltan Dallagnol. Veja a rea\u00e7\u00e3o do Pastor!\u201d mostra o pastor Andr\u00e9 Valad\u00e3o dando um serm\u00e3o nos membros da igreja.<\/p>\n<p>\u201cVem um batista, crente, l\u00edder de c\u00e9lula, refer\u00eancia de Deus, 36 anos de idade, pisa nesse altar e voc\u00ea levanta e vira as costas? Voc\u00ea \u00e9 um tolo, meu irm\u00e3o\u201d, falou.<\/p>\n<p>Deltan chegou a receber treinamento para falar no p\u00falpito, conforme revelou nas mensagens trocadas com o pastor Marcos Ferreira no Telegram:<\/p>\n<figure><img title = \"[Tags]\"alt = \"peregrinacao-dellagnol-2015 De olho em vaga no Senado em 2022, Dallagnol mirou apoio de evang\u00e9licos\"decoding=\"async\" src=\"https:\/\/abrilexame.files.wordpress.com\/2019\/09\/unnamed-3.jpg\" \/><figcaption>&lt;span class=&quot;hidden&quot;&gt;&#8211;&lt;\/span&gt;<span class=\"copyright\">Ag\u00eancia P\u00fablica<\/span><\/figcaption><\/figure>\n<p>Nas igrejas por onde passava, o discurso era igual. Mesmo sendo uma campanha institucional do MPF, o procurador usava uma linguagem crist\u00e3 para falar sobre o projeto das dez medidas de combate \u00e0 corrup\u00e7\u00e3o nas igrejas.<\/p>\n<p>Dallagnol<span>\u00a0<\/span><a href=\"https:\/\/apublica.us8.list-manage.com\/track\/click?u=47bdda836f3b890e13c9f416d&amp;id=376d9e54b0&amp;e=38ddf01f7b\" target=\"_blank\" rel=\"noopener noreferrer\">tinha um PowerPoint<\/a><span>\u00a0<\/span>s\u00f3 para suas palestras aos evang\u00e9licos e, entre os slides, o de Neemias: o mesmo PowerPoint era usado nas apresenta\u00e7\u00f5es do pastor Marcos Ferreira: \u201cDeltan, al\u00e9m do pedido acima preciso que me envie seu PPT para palestra em igreja\u201d, solicitou o pastor no Telegram.<\/p>\n<figure><img title = \"[Tags]\"alt = \"peregrinacao-dellagnol-2015 De olho em vaga no Senado em 2022, Dallagnol mirou apoio de evang\u00e9licos\"decoding=\"async\" src=\"https:\/\/abrilexame.files.wordpress.com\/2019\/09\/unnamed-4-1.jpg\" \/><figcaption>&lt;span class=&quot;hidden&quot;&gt;&#8211;&lt;\/span&gt;<span class=\"copyright\">Ag\u00eancia P\u00fablica<\/span><\/figcaption><\/figure>\n<figure><img title = \"[Tags]\"alt = \"peregrinacao-dellagnol-2015 De olho em vaga no Senado em 2022, Dallagnol mirou apoio de evang\u00e9licos\"decoding=\"async\" src=\"https:\/\/abrilexame.files.wordpress.com\/2019\/09\/unnamed-5-1.jpg\" \/><figcaption>&lt;span class=&quot;hidden&quot;&gt;&#8211;&lt;\/span&gt;<span class=\"copyright\">Ag\u00eancia P\u00fablica<\/span><\/figcaption><\/figure>\n<figure><img title = \"[Tags]\"alt = \"peregrinacao-dellagnol-2015 De olho em vaga no Senado em 2022, Dallagnol mirou apoio de evang\u00e9licos\"decoding=\"async\" src=\"https:\/\/abrilexame.files.wordpress.com\/2019\/09\/unnamed-6-2.jpg\" \/><figcaption>&lt;span class=&quot;hidden&quot;&gt;&#8211;&lt;\/span&gt;<span class=\"copyright\">Ag\u00eancia P\u00fablica<\/span><\/figcaption><\/figure>\n<figure><img title = \"[Tags]\"alt = \"peregrinacao-dellagnol-2015 De olho em vaga no Senado em 2022, Dallagnol mirou apoio de evang\u00e9licos\"decoding=\"async\" src=\"https:\/\/abrilexame.files.wordpress.com\/2019\/09\/unnamed-7-1.jpg\" \/><figcaption>&lt;span class=&quot;hidden&quot;&gt;&#8211;&lt;\/span&gt;<span class=\"copyright\">Ag\u00eancia P\u00fablica<\/span><\/figcaption><\/figure>\n<div id=\"m_6738036987721478658carousel-1569255641\" class=\"m_6738036987721478658carousel m_6738036987721478658slide m_6738036987721478658mt-4 m_6738036987721478658mb-4\">\n<p>Para a sua prega\u00e7\u00e3o, Dallagnol preparou uma lista de alguns fatos que ele acredita terem acontecido pelo \u201cpoder de Deus\u201d no decorrer da Lava Jato.<\/p>\n<p>Entre as \u201cprovid\u00eancias divinas\u201d apontadas por ele est\u00e3o: \u201creuni\u00e3o de equipes excepcionais MPF, PF, RF, PJ; informa\u00e7\u00e3o su\u00ed\u00e7a contra toda previs\u00e3o; outras colabora\u00e7\u00f5es \u2018do nada\u2019; r\u00e9us n\u00e3o soltos ou caso derrubado\u201d.<\/p>\n<p>O chefe da for\u00e7a-tarefa da Lava Jato ainda usou no seu PowerPoint \u2013 com a logomarca oficial da campanha do MPF \u2013, passagens b\u00edblicas para falar, por exemplo, sobre puni\u00e7\u00e3o de crimes: \u201cQuando os crimes n\u00e3o recebem rapidamente os devidos julgamentos e puni\u00e7\u00f5es, os cora\u00e7\u00f5es dos demais filhos dos homens se enchem de disposi\u00e7\u00e3o para fazer o mal\u201d, citando a B\u00edblia King James Atualizada.<\/p>\n<p>Em outro slide, ele escreveu: \u201cJesus disse: \u2018Se algu\u00e9m me quiser servir, siga-me; e onde eu estiver, ali estar\u00e1 tamb\u00e9m o meu servo; se algu\u00e9m me servir, o Pai o honrar\u00e1\u201d.<\/p>\n<p>\u201cQual o papel da igreja\u201d, \u201cA igreja orou por isso? Se orou, Deus est\u00e1 respondendo\u201d, s\u00e3o algumas das frases religiosas inseridas no PowerPoint. \u201cEu creio que Deus est\u00e1 agindo\u201d, resumia a apresenta\u00e7\u00e3o.<\/p>\n<p>Prevendo poss\u00edveis cr\u00edticas a seu messianismo, Dallagnol tentou esconder a sua atua\u00e7\u00e3o pol\u00edtica dentro das igrejas evang\u00e9licas. Os di\u00e1logos no Telegram mostram que ele pedia discri\u00e7\u00e3o aos seus anfitri\u00f5es e demonstrava certa preocupa\u00e7\u00e3o quando a sua liga\u00e7\u00e3o pol\u00edtica com as igrejas vazava, como ocorreu com sua palestra na Igreja Batista de Mar\u00edlia no dia 22 de junho de 2018.<\/p>\n<figure><img title = \"[Tags]\"alt = \"peregrinacao-dellagnol-2015 De olho em vaga no Senado em 2022, Dallagnol mirou apoio de evang\u00e9licos\"decoding=\"async\" src=\"https:\/\/abrilexame.files.wordpress.com\/2019\/09\/unnamed-8-1.jpg\" \/><figcaption>&lt;span class=&quot;hidden&quot;&gt;&#8211;&lt;\/span&gt;<span class=\"copyright\">Ag\u00eancia P\u00fablica<\/span><\/figcaption><\/figure>\n<p>Para evitar qualquer publicidade na sua empreitada, a n\u00e3o participa\u00e7\u00e3o da imprensa nos eventos religiosos era um dos pr\u00e9-requisitos para a presen\u00e7a do procurador: \u201cIgreja importante N\u00c3O ter imprensa\u201d, escreveu Deltan no chat \u201cPalestras das Novas Medidas \u2013 A Grande Chance\u201d.<\/p>\n<h3><strong>O papel dos evang\u00e9licos na defesa da Lava Jato<\/strong><\/h3>\n<p>Toda essa campanha de base do procurador Deltan Dallagnol junto \u00e0s igrejas para defender a Opera\u00e7\u00e3o Lava Jato faz parte do fortalecimento e avan\u00e7o dos evang\u00e9licos sobre a pauta pol\u00edtica no Brasil.<\/p>\n<p>Conforme mostrou<span>\u00a0<\/span><a href=\"https:\/\/apublica.us8.list-manage.com\/track\/click?u=47bdda836f3b890e13c9f416d&amp;id=fa08421fd0&amp;e=38ddf01f7b\" target=\"_blank\" rel=\"noopener noreferrer\">reportagem<\/a><span>\u00a0<\/span>da\u00a0P\u00fablica, a Anajure tem atuado junto aos tr\u00eas poderes para garantir os \u201cvalores crist\u00e3os\u201d. Ela est\u00e1 entre as entidades que manifestaram apoio \u00e0 Opera\u00e7\u00e3o Lava Jato ap\u00f3s o in\u00edcio da publica\u00e7\u00e3o da s\u00e9rie \u201cVaza Jato\u201d, do<span>\u00a0<\/span><em>The Intercept Brasil<\/em>, que tem revelado mensagens privadas trocadas entre procuradores da for\u00e7a-tarefa da Lava Jato e outros membros do MPF e da Justi\u00e7a.<\/p>\n<p>A Anajure \u201cmanifesta apoio \u00e0 Opera\u00e7\u00e3o Lava-Jato, ciente do alto grau de compet\u00eancia t\u00e9cnica com os quais os membros do Minist\u00e9rio P\u00fablico Federal e do Poder Judici\u00e1rio t\u00eam trabalhado\u201d, diz um trecho da nota.<\/p>\n<p>Dois dias depois da primeira reportagem publicada pelo<span>\u00a0<\/span><em>The Intercept Brasil<\/em>, a Igreja Batista da Lagoinha, por onde Deltan passou em 2016 e 2018 para sua campanha anticorrup\u00e7\u00e3o, tamb\u00e9m divulgou um<span>\u00a0<\/span><a href=\"https:\/\/apublica.us8.list-manage.com\/track\/click?u=47bdda836f3b890e13c9f416d&amp;id=db73189c14&amp;e=38ddf01f7b\" target=\"_blank\" rel=\"noopener noreferrer\">manifesto<\/a><span>\u00a0<\/span>em seu site com o t\u00edtulo: \u201cCrist\u00e3o e pol\u00edtica: a Lava Jato precisa de voc\u00ea\u201d. O texto \u00e9 assinado por Carlos Said Pires, que \u00e9 l\u00edder do Grupo de A\u00e7\u00e3o Pol\u00edtica (GAP) da igreja.<\/p>\n<p>\u201cO apoio do cidad\u00e3o brasileiro nunca foi t\u00e3o importante para que a Lava-Jato n\u00e3o perca for\u00e7a e nem credibilidade. Esse apoio passa necessariamente por uma leitura cr\u00edtica das m\u00eddias que atacam a opera\u00e7\u00e3o. N\u00e3o seja inocente, muitos s\u00e3o aqueles que desejam o fim do combate \u00e0 corrup\u00e7\u00e3o no pa\u00eds. Atacar a honra dos principais atores da opera\u00e7\u00e3o no Brasil \u00e9 a \u00faltima tentativa desesperada daqueles que perderam e est\u00e3o perdendo espa\u00e7o no pa\u00eds\u201d, diz o texto.<\/p>\n<p>\u201cComo crist\u00e3os, temos o compromisso com a justi\u00e7a combatendo a impunidade. Ore e jejue pelo Brasil, pois vivemos tempos conturbados. N\u00e3o deixe de se posicionar em sua \u00e1rea de influ\u00eancia, em suas redes sociais, pois n\u00e3o podemos deixar de forma alguma a corrup\u00e7\u00e3o recuperar o espa\u00e7o que j\u00e1 perdera\u201d, continuou.<\/p>\n<h3><a><\/a>O que diz Deltan Dallagnol<\/h3>\n<p>Procurado pela reportagem, o procurador exp\u00f4s por escrito seu ponto de vista sobre a articula\u00e7\u00e3o pol\u00edtica que envolveu igrejas evang\u00e9licas.<span>\u00a0<\/span><a href=\"https:\/\/apublica.us8.list-manage.com\/track\/click?u=47bdda836f3b890e13c9f416d&amp;id=0a8e8facd8&amp;e=38ddf01f7b\" target=\"_blank\" rel=\"noopener noreferrer\">Leia aqui a \u00edntegra da resposta<\/a>.<\/p>\n<p><a href=\"https:\/\/apublica.us8.list-manage.com\/track\/click?u=47bdda836f3b890e13c9f416d&amp;id=e25b686d4a&amp;e=38ddf01f7b\" target=\"_blank\" rel=\"noopener noreferrer\">*Reportagem originalmente publicada na Ag\u00eancia P\u00fablica<\/a><\/p>\n<\/div>\n<p><script async src=\"http:\/\/platform.twitter.com\/widgets.js\" charset=\"utf-8\"><\/script><br \/>\n<br \/><br \/>\n<br \/><a href=\"https:\/\/exame.abril.com.br\/brasil\/de-olho-em-vaga-no-senado-em-2022-dallagnol-mirou-apoio-de-evangelicos\/\">Fonte do artigo <\/a><br \/>\nTags:<br \/>\n#politica #political #negocios #business #marketingdigital #empreendedorismo #marketing #emprendedores #empreender #sucesso #empresas #emprendimiento #emprendedor #empreendedor #emprender #dinheiro #dinero #empresario #vendas #liderazgo #motivacion #foco #motivacao #negocio #brasil<\/p>\n","protected":false},"excerpt":{"rendered":"<p>Ap\u00f3s ter recusado a ideia de se candidatar ao Senado em 2018, sugerida por outros procuradores, e decidido a continuar no Minist\u00e9rio P\u00fablico Federal (MPF), o procurador-chefe da for\u00e7a-tarefa da Lava Jato, Deltan Dallagnol, n\u00e3o deixou a pol\u00edtica de lado. Pelo contr\u00e1rio: colocou em pr\u00e1tica um plano para \u201caumentar sua influ\u00eancia\u201d usando \u201cgrupos de a\u00e7\u00e3o [&hellip;]<\/p>\n","protected":false},"author":1,"featured_media":26467,"comment_status":"open","ping_status":"open","sticky":false,"template":"","format":"standard","meta":{"footnotes":""},"categories":[1],"tags":[],"class_list":["post-30921","post","type-post","status-publish","format-standard","has-post-thumbnail","hentry","category-curso-de-copy"],"_links":{"self":[{"href":"https:\/\/wiy.com.br\/noticias\/wp-json\/wp\/v2\/posts\/30921","targetHints":{"allow":["GET"]}}],"collection":[{"href":"https:\/\/wiy.com.br\/noticias\/wp-json\/wp\/v2\/posts"}],"about":[{"href":"https:\/\/wiy.com.br\/noticias\/wp-json\/wp\/v2\/types\/post"}],"author":[{"embeddable":true,"href":"https:\/\/wiy.com.br\/noticias\/wp-json\/wp\/v2\/users\/1"}],"replies":[{"embeddable":true,"href":"https:\/\/wiy.com.br\/noticias\/wp-json\/wp\/v2\/comments?post=30921"}],"version-history":[{"count":0,"href":"https:\/\/wiy.com.br\/noticias\/wp-json\/wp\/v2\/posts\/30921\/revisions"}],"wp:featuredmedia":[{"embeddable":true,"href":"https:\/\/wiy.com.br\/noticias\/wp-json\/wp\/v2\/media\/26467"}],"wp:attachment":[{"href":"https:\/\/wiy.com.br\/noticias\/wp-json\/wp\/v2\/media?parent=30921"}],"wp:term":[{"taxonomy":"category","embeddable":true,"href":"https:\/\/wiy.com.br\/noticias\/wp-json\/wp\/v2\/categories?post=30921"},{"taxonomy":"post_tag","embeddable":true,"href":"https:\/\/wiy.com.br\/noticias\/wp-json\/wp\/v2\/tags?post=30921"}],"curies":[{"name":"wp","href":"https:\/\/api.w.org\/{rel}","templated":true}]}}