{"id":30677,"date":"2023-02-26T15:51:48","date_gmt":"2023-02-26T18:51:48","guid":{"rendered":"https:\/\/wiy.com.br\/noticias\/bolsonaro-diz-que-participara-de-jantar-com-trump-nos-eua\/"},"modified":"2019-09-21T00:33:20","modified_gmt":"2019-09-21T03:33:20","slug":"bolsonaro-diz-que-participara-de-jantar-com-trump-nos-eua","status":"publish","type":"post","link":"https:\/\/wiy.com.br\/noticias\/bolsonaro-diz-que-participara-de-jantar-com-trump-nos-eua\/","title":{"rendered":"Bolsonaro diz que participar\u00e1 de jantar com Trump nos EUA"},"content":{"rendered":"<p> <br \/>\n<\/p>\n<p>O <a href=\"https:\/\/exame.abril.com.br\/noticias-sobre\/jair-bolsonaro\/\"><strong>presidente Jair Bolsonaro (PSL)<\/strong><\/a> disse nesta sexta-feira, 20, que participar\u00e1 de jantar com o presidente dos <a href=\"https:\/\/exame.abril.com.br\/noticias-sobre\/estados-unidos\/\"><strong>Estados Unidos<\/strong><\/a>, <a href=\"https:\/\/exame.abril.com.br\/noticias-sobre\/donald-trump\/\"><strong>Donald Trump<\/strong><\/a>, durante passagem no pa\u00eds para participar da <a href=\"https:\/\/exame.abril.com.br\/noticias-sobre\/onu\/\"><strong>Assembleia Geral da ONU<\/strong><\/a>, que ser\u00e1 em Nova York.<\/p>\n<p>&#8220;A previs\u00e3o \u00e9 sair daqui na segunda e na madrugada de quarta estar de volta. Tem um jantar que devemos comparecer. Estaremos ao lado do Trump, motivo de honra. Tenho conversado muito com ele. Sobre os mais variados assuntos&#8221;, disse Bolsonaro ao chegar no Pal\u00e1cio do Alvorada, no fim da tarde.<\/p>\n<p>Bolsonaro afirmou que n\u00e3o responder\u00e1, em seu discurso na ONU, a fundos de investidores que pediram em carta &#8220;a\u00e7\u00e3o urgente&#8221; para conter os &#8220;inc\u00eandios devastadores&#8221; na Amaz\u00f4nia. &#8220;N\u00e3o vamos fulanizar nem apontar o dedo para nenhum chefe de Estado&#8221;, acrescentou.<\/p>\n<p>&nbsp;<\/p>\n<div class=\"widget-news widget-box no-margin no-border\"><span class=\"widget-news-title content-box-title\">Veja tamb\u00e9m<\/span><\/p>\n<ul class=\"widget-news-list\">\n<li class=\"widget-news-item without-thumb with-border\">\n<div class=\"widget-news-info\"><a href=\"http:\/\/exame.abril.com.br\/brasil\">BRASIL<\/a><span class=\"widget-news-item-title\"><a href=\"https:\/\/exame.abril.com.br\/brasil\/viagem-de-bolsonaro-para-assembleia-da-onu-esta-assegurada-diz-porta-voz\/\">Viagem de Bolsonaro para Assembleia da ONU est\u00e1 assegurada, diz porta-voz<\/a><\/span><span class=\"widget-news-item-date\">20 set 2019 &#8211; 11h09<\/span><\/div>\n<\/li>\n<li class=\"widget-news-item without-thumb with-border\">\n<div class=\"widget-news-info\"><a href=\"http:\/\/exame.abril.com.br\/mundo\">MUNDO<\/a><span class=\"widget-news-item-title\"><a href=\"https:\/\/exame.abril.com.br\/mundo\/quatro-milhoes-de-pessoas-protestam-pelo-mundo-contra-mudancas-climaticas\/\">Quatro milh\u00f5es de pessoas protestam pelo mundo contra mudan\u00e7as clim\u00e1ticas<\/a><\/span><span class=\"widget-news-item-date\">20 set 2019 &#8211; 20h09<\/span><\/div>\n<\/li>\n<li class=\"widget-news-item without-thumb with-border\">\n<div class=\"widget-news-info\"><a href=\"http:\/\/exame.abril.com.br\/mundo\">MUNDO<\/a><span class=\"widget-news-item-title\"><a href=\"https:\/\/exame.abril.com.br\/mundo\/secretario-geral-da-onu-diz-que-nao-encontrara-guaido-em-nova-york\/\">Secret\u00e1rio-geral da ONU diz que n\u00e3o encontrar\u00e1 Guaid\u00f3 em Nova York<\/a><\/span><span class=\"widget-news-item-date\">18 set 2019 &#8211; 19h09<\/span><\/div>\n<\/li>\n<\/ul>\n<\/div>\n<p>O presidente voltou a dizer que, em gest\u00f5es passadas, terras no Brasil eram demarcadas quando um governante voltava de eventos internacionais. &#8220;Todas as vezes que chefes do Brasil foram para fora em eventos como Osaka, Davos, voltavam pra c\u00e1 demarcando mais terras ind\u00edgenas, criando parques nacionais e inviabilizando o Brasil&#8221;. Segundo Bolsonaro, a press\u00e3o internacional visa minar o agroneg\u00f3cio e derrubar a economia do Pa\u00eds.<\/p>\n<p>A comitiva do presidente partir\u00e1 de Bras\u00edlia \u00e0s 7h da pr\u00f3xima segunda-feira, 23. O presidente deve discursar na abertura da Assembleia Geral da ONU na ter\u00e7a-feira e retorna ao Brasil na pr\u00f3xima quarta-feira, 25.<\/p>\n<p>Bolsonaro disse ainda que &#8220;\u00e9 impressionante a falta de patriotismo&#8221;. &#8220;Como agora a gente v\u00ea &#8216;<a href=\"https:\/\/exame.abril.com.br\/brasil\/gabinete-do-odio-acirra-divisao-da-familia-bolsonaro-no-planalto\/\">gabinete do \u00f3dio<\/a>&#8216;. O que \u00e9 isso?&#8221;, disse. O jornal O Estado de S. Paulo publicou na quinta-feira, 19, que o Planalto abriga um n\u00facleo de assessores que tem forte influ\u00eancia sobre o presidente Bolsonaro, conhecido como &#8220;gabinete do \u00f3dio&#8221;. Essa ala ideol\u00f3gica respons\u00e1vel por m\u00eddias digitais afasta os irm\u00e3os Fl\u00e1vio Bolsonaro e Carlos Bolsonaro.<\/p>\n<p>O presidente n\u00e3o quis falar sobre a situa\u00e7\u00e3o de<a href=\"https:\/\/exame.abril.com.br\/brasil\/alvo-da-pf-fernando-bezerra-poe-cargo-de-lider-do-governo-a-disposicao\/\"> Fernando Bezerra Coelho (MDB-PE), l\u00edder do governo no Senado<\/a>, alvo de opera\u00e7\u00e3o da Pol\u00edcia Federal realizada na quinta-feira, 19.<\/p>\n<h3>Comitiva do Brasil na ONU<\/h3>\n<p>O presidente viajar\u00e1 com alguns dos ministros mais pr\u00f3ximos. Entre eles, o ministro do Gabinete de Seguran\u00e7a Institucional, Augusto Heleno, e da Secretaria de Governo, Luiz Eduardo Ramos. A primeira-dama Michelle Bolsonaro tamb\u00e9m integrar\u00e1 a comitiva, al\u00e9m do deputado Eduardo Bolsonaro (PSL-SP), filho do presidente e cotado para assumir a embaixada do Brasil em Washington. O senador Nelsinho Trad (PSD-MS) tamb\u00e9m estar\u00e1 na viagem.<\/p>\n<p>O ministro do Meio Ambiente, Ricardo Salles, j\u00e1 est\u00e1 nos Estados Unidos e acompanhar\u00e1 o presidente na ONU. Tamb\u00e9m estar\u00e1 presente o ministro de Rela\u00e7\u00f5es Exteriores, Ernesto Ara\u00fajo, que se encontrar\u00e1 com a comitiva em Nova York.<\/p>\n<p><br \/>\n<br \/><a href=\"https:\/\/exame.abril.com.br\/brasil\/bolsonaro-diz-que-participara-de-jantar-com-trump-nos-eua\/\">Fonte do artigo <\/a><br \/>\nTags:<br \/>\n#politica #political #negocios #business #marketingdigital #empreendedorismo #marketing #emprendedores #empreender #sucesso #empresas #emprendimiento #emprendedor #empreendedor #emprender #dinheiro #dinero #empresario #vendas #liderazgo #motivacion #foco #motivacao #negocio #brasil<\/p>\n","protected":false},"excerpt":{"rendered":"<p>O presidente Jair Bolsonaro (PSL) disse nesta sexta-feira, 20, que participar\u00e1 de jantar com o presidente dos Estados Unidos, Donald Trump, durante passagem no pa\u00eds para participar da Assembleia Geral da ONU, que ser\u00e1 em Nova York. &#8220;A previs\u00e3o \u00e9 sair daqui na segunda e na madrugada de quarta estar de volta. Tem um jantar [&hellip;]<\/p>\n","protected":false},"author":1,"featured_media":26447,"comment_status":"open","ping_status":"open","sticky":false,"template":"","format":"standard","meta":{"footnotes":""},"categories":[1],"tags":[],"class_list":["post-30677","post","type-post","status-publish","format-standard","has-post-thumbnail","hentry","category-curso-de-copy"],"_links":{"self":[{"href":"https:\/\/wiy.com.br\/noticias\/wp-json\/wp\/v2\/posts\/30677","targetHints":{"allow":["GET"]}}],"collection":[{"href":"https:\/\/wiy.com.br\/noticias\/wp-json\/wp\/v2\/posts"}],"about":[{"href":"https:\/\/wiy.com.br\/noticias\/wp-json\/wp\/v2\/types\/post"}],"author":[{"embeddable":true,"href":"https:\/\/wiy.com.br\/noticias\/wp-json\/wp\/v2\/users\/1"}],"replies":[{"embeddable":true,"href":"https:\/\/wiy.com.br\/noticias\/wp-json\/wp\/v2\/comments?post=30677"}],"version-history":[{"count":0,"href":"https:\/\/wiy.com.br\/noticias\/wp-json\/wp\/v2\/posts\/30677\/revisions"}],"wp:featuredmedia":[{"embeddable":true,"href":"https:\/\/wiy.com.br\/noticias\/wp-json\/wp\/v2\/media\/26447"}],"wp:attachment":[{"href":"https:\/\/wiy.com.br\/noticias\/wp-json\/wp\/v2\/media?parent=30677"}],"wp:term":[{"taxonomy":"category","embeddable":true,"href":"https:\/\/wiy.com.br\/noticias\/wp-json\/wp\/v2\/categories?post=30677"},{"taxonomy":"post_tag","embeddable":true,"href":"https:\/\/wiy.com.br\/noticias\/wp-json\/wp\/v2\/tags?post=30677"}],"curies":[{"name":"wp","href":"https:\/\/api.w.org\/{rel}","templated":true}]}}