{"id":30664,"date":"2023-02-26T15:42:24","date_gmt":"2023-02-26T18:42:24","guid":{"rendered":"https:\/\/wiy.com.br\/noticias\/policia-federal-e-instituicao-com-autonomia-afirma-moro\/"},"modified":"2019-09-20T22:31:09","modified_gmt":"2019-09-21T01:31:09","slug":"policia-federal-e-instituicao-com-autonomia-afirma-moro","status":"publish","type":"post","link":"https:\/\/wiy.com.br\/noticias\/policia-federal-e-instituicao-com-autonomia-afirma-moro\/","title":{"rendered":"Pol\u00edcia Federal \u00e9 institui\u00e7\u00e3o com autonomia, afirma Moro"},"content":{"rendered":"<p> <br \/>\n<\/p>\n<p>O ministro da Justi\u00e7a e Seguran\u00e7a P\u00fablica, <strong><a href=\"https:\/\/exame.abril.com.br\/noticias-sobre\/sergio-moro\">Sergio Moro<\/a><\/strong>, defendeu nesta sexta-feira, 20, as atribui\u00e7\u00f5es da <strong><a href=\"https:\/\/exame.abril.com.br\/noticias-sobre\/policia-federal\">Pol\u00edcia Federal<\/a><\/strong> e do Poder Judici\u00e1rio, ap\u00f3s cr\u00edticas disparadas contra a realiza\u00e7\u00e3o de buscas e apreens\u00e3o nos gabinetes do l\u00edder do Governo no Senado, Fernando Bezerra Coelho (MDB-PE), e do filho dele, o deputado Fernando Coelho (DEM-PE).<\/p>\n<p>&#8220;A Pol\u00edcia Federal \u00e9 uma institui\u00e7\u00e3o com autonomia e suas a\u00e7\u00f5es s\u00e3o controladas pela Justi\u00e7a, n\u00e3o tendo o ministro da Justi\u00e7a qualquer envolvimento em investiga\u00e7\u00f5es espec\u00edficas&#8221;, afirmou Moro \u00e0 reportagem.<\/p>\n<p>Bezerra Coelho e o filho s\u00e3o investigados por suspeita de corrup\u00e7\u00e3o e lavagem de dinheiro. Delatores afirmam terem repassado R$ 5,5 milh\u00f5es em propinas ao pai. A Opera\u00e7\u00e3o Desintegra\u00e7\u00e3o foi autorizada pelo ministro Lu\u00eds Roberto Barroso, relator do caso no Supremo Tribunal Federal.<\/p>\n<p>O presidente do Senado, Davi Alcolumbre, chamou a opera\u00e7\u00e3o de &#8220;desarrazoada e desnecess\u00e1ria, em especial pela aus\u00eancia de contemporaneidade&#8221;. Ele disse que vai questionar a decis\u00e3o no Supremo.<\/p>\n<p>A declara\u00e7\u00e3o de Moro vem ap\u00f3s a defesa de Fernando Bezerra Coelho ter afirmado que a opera\u00e7\u00e3o era uma retalia\u00e7\u00e3o ao senador pela atua\u00e7\u00e3o dele contra abusos de \u00f3rg\u00e3os de investiga\u00e7\u00e3o.<\/p>\n<p>&#8220;Primeiro, teve uma declara\u00e7\u00e3o dele sobre o Moro ser esquecido. Mas, enfim, \u00e9 uma retalia\u00e7\u00e3o no contexto pol\u00edtico de tudo que est\u00e1 acontecendo&#8221;, disse o advogado de Bezerra, Andr\u00e9 Callegari. A frase a que o advogado fez refer\u00eancia foi dita por Bezerra Coelho ao jornal O Estado de S. Paulo no in\u00edcio do m\u00eas.<\/p>\n<p>A defesa da autonomia da Pol\u00edcia Federal \u00e9 tamb\u00e9m uma mensagem de Moro para dentro da corpora\u00e7\u00e3o. Nos bastidores da PF, Moro foi criticado ao longo das \u00faltimas semanas por n\u00e3o ter confrontado declara\u00e7\u00f5es do presidente Jair Bolsonaro de que poderia mexer na institui\u00e7\u00e3o.<\/p>\n<div class=\"widget-news widget-box no-margin no-border\"><span class=\"widget-news-title content-box-title\">Veja tamb\u00e9m<\/span><\/p>\n<ul class=\"widget-news-list\">\n<li class=\"widget-news-item without-thumb with-border\">\n<div class=\"widget-news-info\"><a href=\"http:\/\/exame.abril.com.br\/brasil\">BRASIL<\/a><span class=\"widget-news-item-title\"><a href=\"https:\/\/exame.abril.com.br\/brasil\/busca-da-policia-federal-no-congresso-abre-nova-crise-entre-os-poderes\/\">Busca da Pol\u00edcia Federal no Congresso abre nova crise entre os Poderes<\/a><\/span><span class=\"widget-news-item-date\">20 set 2019 &#8211; 11h09<\/span><\/div>\n<\/li>\n<li class=\"widget-news-item without-thumb with-border\">\n<div class=\"widget-news-info\"><a href=\"http:\/\/exame.abril.com.br\/brasil\">BRASIL<\/a><span class=\"widget-news-item-title\"><a href=\"https:\/\/exame.abril.com.br\/brasil\/pf-aponta-pagamento-de-r-55-milhoes-em-propina-a-lider-do-governo\/\">PF aponta pagamento de R$ 5,5 milh\u00f5es em propina a l\u00edder do governo<\/a><\/span><span class=\"widget-news-item-date\">19 set 2019 &#8211; 14h09<\/span><\/div>\n<\/li>\n<\/ul>\n<\/div>\n<p>Para tentar manter o diretor-geral Maur\u00edcio Valeixo, sua indica\u00e7\u00e3o, Moro adotou como estrat\u00e9gia n\u00e3o reagir publicamente e tentar demonstrar que havia uma &#8220;rede de intrigas&#8221; buscando opor o presidente ao comando da PF. At\u00e9 agora, deu certo. Como o Estado mostrou nesta semana, Valeixo ser\u00e1 mantido.<\/p>\n<p>Al\u00e9m da frase de Moro sobre a autonomia da Pol\u00edcia Federal, a institui\u00e7\u00e3o tamb\u00e9m foi defendida pelo ministro Barroso.<\/p>\n<p>&#8220;A investiga\u00e7\u00e3o de fatos criminosos pela Pol\u00edcia Federal e a supervis\u00e3o de inqu\u00e9ritos policiais pelo Supremo Tribunal Federal n\u00e3o constituem quebra ao princ\u00edpio da separa\u00e7\u00e3o de Poderes, mas puro cumprimento da Constitui\u00e7\u00e3o&#8221;, disse o ministro que autorizou a opera\u00e7\u00e3o.<\/p>\n<p>Barroso disse tamb\u00e9m que busca e apreens\u00e3o \u00e9 uma medida padr\u00e3o em casos de investiga\u00e7\u00e3o por corrup\u00e7\u00e3o e lavagem de dinheiro e segue os precedentes do Supremo. &#8220;Fora de padr\u00e3o seria determin\u00e1-la em rela\u00e7\u00e3o aos investigados secund\u00e1rios e evit\u00e1-la em rela\u00e7\u00e3o aos principais&#8221;, disse.<\/p>\n<p><br \/>\n<br \/><a href=\"https:\/\/exame.abril.com.br\/brasil\/policia-federal-e-instituicao-com-autonomia-afirma-moro\/\">Fonte do artigo <\/a><br \/>\nTags:<br \/>\n#politica #political #negocios #business #marketingdigital #empreendedorismo #marketing #emprendedores #empreender #sucesso #empresas #emprendimiento #emprendedor #empreendedor #emprender #dinheiro #dinero #empresario #vendas #liderazgo #motivacion #foco #motivacao #negocio #brasil<\/p>\n","protected":false},"excerpt":{"rendered":"<p>O ministro da Justi\u00e7a e Seguran\u00e7a P\u00fablica, Sergio Moro, defendeu nesta sexta-feira, 20, as atribui\u00e7\u00f5es da Pol\u00edcia Federal e do Poder Judici\u00e1rio, ap\u00f3s cr\u00edticas disparadas contra a realiza\u00e7\u00e3o de buscas e apreens\u00e3o nos gabinetes do l\u00edder do Governo no Senado, Fernando Bezerra Coelho (MDB-PE), e do filho dele, o deputado Fernando Coelho (DEM-PE). &#8220;A Pol\u00edcia [&hellip;]<\/p>\n","protected":false},"author":1,"featured_media":30665,"comment_status":"open","ping_status":"open","sticky":false,"template":"","format":"standard","meta":{"footnotes":""},"categories":[1],"tags":[],"class_list":["post-30664","post","type-post","status-publish","format-standard","has-post-thumbnail","hentry","category-curso-de-copy"],"_links":{"self":[{"href":"https:\/\/wiy.com.br\/noticias\/wp-json\/wp\/v2\/posts\/30664","targetHints":{"allow":["GET"]}}],"collection":[{"href":"https:\/\/wiy.com.br\/noticias\/wp-json\/wp\/v2\/posts"}],"about":[{"href":"https:\/\/wiy.com.br\/noticias\/wp-json\/wp\/v2\/types\/post"}],"author":[{"embeddable":true,"href":"https:\/\/wiy.com.br\/noticias\/wp-json\/wp\/v2\/users\/1"}],"replies":[{"embeddable":true,"href":"https:\/\/wiy.com.br\/noticias\/wp-json\/wp\/v2\/comments?post=30664"}],"version-history":[{"count":0,"href":"https:\/\/wiy.com.br\/noticias\/wp-json\/wp\/v2\/posts\/30664\/revisions"}],"wp:featuredmedia":[{"embeddable":true,"href":"https:\/\/wiy.com.br\/noticias\/wp-json\/wp\/v2\/media\/30665"}],"wp:attachment":[{"href":"https:\/\/wiy.com.br\/noticias\/wp-json\/wp\/v2\/media?parent=30664"}],"wp:term":[{"taxonomy":"category","embeddable":true,"href":"https:\/\/wiy.com.br\/noticias\/wp-json\/wp\/v2\/categories?post=30664"},{"taxonomy":"post_tag","embeddable":true,"href":"https:\/\/wiy.com.br\/noticias\/wp-json\/wp\/v2\/tags?post=30664"}],"curies":[{"name":"wp","href":"https:\/\/api.w.org\/{rel}","templated":true}]}}