{"id":30645,"date":"2023-02-26T15:00:35","date_gmt":"2023-02-26T18:00:35","guid":{"rendered":"https:\/\/wiy.com.br\/noticias\/oi-elege-ex-presidente-da-tim-rodrigo-abreu-como-vice-presidente\/"},"modified":"2019-09-20T20:26:29","modified_gmt":"2019-09-20T23:26:29","slug":"oi-elege-ex-presidente-da-tim-rodrigo-abreu-como-vice-presidente","status":"publish","type":"post","link":"https:\/\/wiy.com.br\/noticias\/oi-elege-ex-presidente-da-tim-rodrigo-abreu-como-vice-presidente\/","title":{"rendered":"Oi elege ex-presidente da TIM Rodrigo Abreu como vice-presidente"},"content":{"rendered":"<p> <br \/>\n<\/p>\n<p>S\u00e3o Paulo \u2014 A operadora de telecomunica\u00e7\u00f5es <a href=\"https:\/\/exame.abril.com.br\/noticias-sobre\/oi\/\"><strong>Oi<\/strong><\/a>, que est\u00e1 em <a href=\"https:\/\/exame.abril.com.br\/noticias-sobre\/recuperacoes-judiciais\/\"><strong>recupera\u00e7\u00e3o judicial,<\/strong><\/a> anunciou nesta sexta-feira (20) que seu conselho de administra\u00e7\u00e3o elegeu Rodrigo Abreu para ser o vice-presidente de opera\u00e7\u00f5es da companhia.<\/p>\n<p>Com isso, Abreu renunciou ao cargo de membro do conselho de administra\u00e7\u00e3o da Oi.<\/p>\n<p>Abreu j\u00e1 foi presidente-executivo da rival <a href=\"https:\/\/exame.abril.com.br\/noticias-sobre\/tim\/\"><strong>TIM<\/strong><\/a>, al\u00e9m da Cisco no Brasil.<\/p>\n<p>&nbsp;<\/p>\n<div class=\"widget-news widget-box no-margin no-border\"><span class=\"widget-news-title content-box-title\">Veja tamb\u00e9m<\/span><\/p>\n<ul class=\"widget-news-list\">\n<li class=\"widget-news-item without-thumb with-border\">\n<div class=\"widget-news-info\"><a href=\"http:\/\/exame.abril.com.br\/revista-exame\">REVISTA EXAME<\/a><span class=\"widget-news-item-title\"><a href=\"https:\/\/exame.abril.com.br\/revista-exame\/e-depois-do-tunel\/\">E depois do t\u00fanel, Oi?<\/a><\/span><span class=\"widget-news-item-date\">12 set 2019 &#8211; 05h09<\/span><\/div>\n<\/li>\n<li class=\"widget-news-item without-thumb with-border\">\n<div class=\"widget-news-info\"><a href=\"http:\/\/exame.abril.com.br\/negocios\">NEG\u00d3CIOS<\/a><span class=\"widget-news-item-title\"><a href=\"https:\/\/exame.abril.com.br\/negocios\/com-aval-da-justica-ex-presidente-da-tim-deve-assumir-comando-da-oi\/\">Com aval da Justi\u00e7a, ex-presidente da TIM deve assumir comando da Oi<\/a><\/span><span class=\"widget-news-item-date\">4 set 2019 &#8211; 10h09<\/span><\/div>\n<\/li>\n<li class=\"widget-news-item without-thumb with-border\">\n<div class=\"widget-news-info\"><a href=\"http:\/\/exame.abril.com.br\/negocios\">NEG\u00d3CIOS<\/a><span class=\"widget-news-item-title\"><a href=\"https:\/\/exame.abril.com.br\/negocios\/telefonica-avalia-compra-parcial-da-oi-avaliada-em-6-bi-de-euros\/\">Telef\u00f4nica avalia compra parcial da Oi, avaliada em 6 bi de euros<\/a><\/span><span class=\"widget-news-item-date\">16 set 2019 &#8211; 09h09<\/span><\/div>\n<\/li>\n<\/ul>\n<\/div>\n<p>&#8220;Como vice-presidente de opera\u00e7\u00f5es, Abreu ser\u00e1 respons\u00e1vel pela opera\u00e7\u00e3o dos principais neg\u00f3cios da companhia, englobando as \u00e1reas de planejamento e desempenho operacional, centro de gerenciamento de rede, log\u00edstica, infraestrutura, servi\u00e7os a clientes, engenharia, sistemas, digital, atendimento a clientes, planejamento e qualidade, varejo e empresarial, vendas varejo e empresarial, relacionamento com clientes, corporativo, marketing varejo e empresarial, ouvidoria e atendimento&#8221;, afirmou a Oi em comunicado ao mercado.<\/p>\n<p>#noticias #economia #sustentabilidade #dinheiro #economia<br \/>\n<br \/><br \/>\n<br \/><a href=\"https:\/\/exame.abril.com.br\/negocios\/oi-elege-ex-presidente-da-tim-rodrigo-abreu-como-vice-presidente\/\">Fonte do Artigo <\/a><br \/>\nTags:<br \/>\n#noticias #economia #sustentabilidade #dinheiro #economia #energialimpa #brasil #tecnologia #meioambiente #engenharia #empreendedorismo #energia  #energiasolar #politica #energiasolarfotovoltaica #supermercado #solar #sucesso #financas #finanzas #qualidade #educa #bolsonaro #fotovoltaica #vendas #noticias24<\/p>\n","protected":false},"excerpt":{"rendered":"<p>S\u00e3o Paulo \u2014 A operadora de telecomunica\u00e7\u00f5es Oi, que est\u00e1 em recupera\u00e7\u00e3o judicial, anunciou nesta sexta-feira (20) que seu conselho de administra\u00e7\u00e3o elegeu Rodrigo Abreu para ser o vice-presidente de opera\u00e7\u00f5es da companhia. Com isso, Abreu renunciou ao cargo de membro do conselho de administra\u00e7\u00e3o da Oi. Abreu j\u00e1 foi presidente-executivo da rival TIM, al\u00e9m [&hellip;]<\/p>\n","protected":false},"author":1,"featured_media":28467,"comment_status":"open","ping_status":"open","sticky":false,"template":"","format":"standard","meta":{"footnotes":""},"categories":[1,339],"tags":[],"class_list":["post-30645","post","type-post","status-publish","format-standard","has-post-thumbnail","hentry","category-curso-de-copy","category-negocios"],"_links":{"self":[{"href":"https:\/\/wiy.com.br\/noticias\/wp-json\/wp\/v2\/posts\/30645","targetHints":{"allow":["GET"]}}],"collection":[{"href":"https:\/\/wiy.com.br\/noticias\/wp-json\/wp\/v2\/posts"}],"about":[{"href":"https:\/\/wiy.com.br\/noticias\/wp-json\/wp\/v2\/types\/post"}],"author":[{"embeddable":true,"href":"https:\/\/wiy.com.br\/noticias\/wp-json\/wp\/v2\/users\/1"}],"replies":[{"embeddable":true,"href":"https:\/\/wiy.com.br\/noticias\/wp-json\/wp\/v2\/comments?post=30645"}],"version-history":[{"count":0,"href":"https:\/\/wiy.com.br\/noticias\/wp-json\/wp\/v2\/posts\/30645\/revisions"}],"wp:featuredmedia":[{"embeddable":true,"href":"https:\/\/wiy.com.br\/noticias\/wp-json\/wp\/v2\/media\/28467"}],"wp:attachment":[{"href":"https:\/\/wiy.com.br\/noticias\/wp-json\/wp\/v2\/media?parent=30645"}],"wp:term":[{"taxonomy":"category","embeddable":true,"href":"https:\/\/wiy.com.br\/noticias\/wp-json\/wp\/v2\/categories?post=30645"},{"taxonomy":"post_tag","embeddable":true,"href":"https:\/\/wiy.com.br\/noticias\/wp-json\/wp\/v2\/tags?post=30645"}],"curies":[{"name":"wp","href":"https:\/\/api.w.org\/{rel}","templated":true}]}}