{"id":30611,"date":"2023-02-26T15:12:41","date_gmt":"2023-02-26T18:12:41","guid":{"rendered":"https:\/\/wiy.com.br\/noticias\/natura-e-150-empresas-participam-de-greve-pelo-clima-no-brasil\/"},"modified":"2019-09-20T16:22:52","modified_gmt":"2019-09-20T19:22:52","slug":"natura-e-150-empresas-participam-de-greve-pelo-clima-no-brasil","status":"publish","type":"post","link":"https:\/\/wiy.com.br\/noticias\/natura-e-150-empresas-participam-de-greve-pelo-clima-no-brasil\/","title":{"rendered":"Natura e 150 empresas participam de \u201cGreve pelo Clima\u201d no Brasil"},"content":{"rendered":"<p> <br \/>\n<\/p>\n<p>A fabricante de cosm\u00e9ticos <strong><a href=\"https:\/\/exame.abril.com.br\/noticias-sobre\/natura\/\">Natura<\/a> <\/strong>e outras 150 empresas brasileiras est\u00e3o participando das manifesta\u00e7\u00f5es pelo clima no Brasil nesta sexta-feira. Elas integram o Sistema B, grupo de 3 mil empresas no mundo criado para repensar o papel social e ambiental das companhias.<\/p>\n<p>L\u00e1 fora, o movimento \u00e9 chamado de Fridays for Future (sextas pelo futuro) e vem ganhando especial relev\u00e2ncia com a aproxima\u00e7\u00e3o da C\u00fapula do Clima da Organiza\u00e7\u00e3o das Na\u00e7\u00f5es Unidas, agendado para segunda-feira que vem em Nova York como parte da Assembleia Geral. Uma das principais vozes globais na organiza\u00e7\u00e3o das manifesta\u00e7\u00f5es \u00e9 a adolescente sueca Greta Thunberg.<\/p>\n<p>\u201cAcreditamos na redefini\u00e7\u00e3o do papel da empresa, com solu\u00e7\u00f5es de mercado para a redu\u00e7\u00e3o da desigualdade e para quest\u00f5es ambientais\u201d, diz Marcel Fukayama, diretor-executivo do Sistema B no Brasil. Segundo ele, h\u00e1 30 anos era o estado quem puxava os debates ambientais; depois, o movimento chegou a organiza\u00e7\u00f5es civis organizadas; \u00e9 a vez de as empresas liderarem n\u00e3o s\u00f3 na conserva\u00e7\u00e3o como na regenera\u00e7\u00e3o natural.<\/p>\n<p>\u201cPara atingirmos os objetivos definidos na agenda 2030 precisamos investir 4 trilh\u00f5es de d\u00f3lares por ano. N\u00e3o conseguiremos isso sem as empresas\u201d, diz. S\u00e3o, no total, 17 objetivos definidos para o planeta at\u00e9 2030 \u2014 entre eles est\u00e3o erradica\u00e7\u00e3o da pobreza, fome zero, energia limpa, a\u00e7\u00e3o contra a mudan\u00e7a clim\u00e1tica, justi\u00e7a e institui\u00e7\u00f5es eficazes.<\/p>\n<p>Entre os grandes movimentos na rediscuss\u00e3o do papel das companhias est\u00e1 um manifesto que 181 presidentes de grandes empresas americanas assinaram em agosto. Ele decreta que o lucro n\u00e3o \u00e9 mais o prop\u00f3sito maior das companhias \u2014 compromisso com os consumidores, empregados e comunidades s\u00e3o as prioridades.<\/p>\n<p>Entre os signat\u00e1rios est\u00e3o presidentes de gigantes como as varejistas Amazon e Walmart, a Apple, fabricante do iPhone, e a montadora Ford. Nesta sexta-feira, funcion\u00e1rios da Amazon aderiram aos protestos contra as mudan\u00e7as clim\u00e1ticas. Quase mil empregados pediram folga para participar das manifesta\u00e7\u00f5es.<\/p>\n<div class=\"widget-news widget-box no-margin no-border\"><span class=\"widget-news-title content-box-title\">Veja tamb\u00e9m<\/span><\/p>\n<ul class=\"widget-news-list\">\n<li class=\"widget-news-item without-thumb with-border\">\n<div class=\"widget-news-info\"><a href=\"http:\/\/exame.abril.com.br\/negocios\">NEG\u00d3CIOS<\/a><span class=\"widget-news-item-title\"><a href=\"https:\/\/exame.abril.com.br\/negocios\/brasil-aumenta-presenca-em-lista-de-empresas-responsaveis\/\">Brasil aumenta presen\u00e7a em lista de empresas respons\u00e1veis<\/a><\/span><span class=\"widget-news-item-date\">4 set 2019 &#8211; 10h09<\/span><\/div>\n<\/li>\n<li class=\"widget-news-item without-thumb with-border\">\n<div class=\"widget-news-info\"><a href=\"http:\/\/exame.abril.com.br\/negocios\">NEG\u00d3CIOS<\/a><span class=\"widget-news-item-title\"><a href=\"https:\/\/exame.abril.com.br\/negocios\/falta-de-dialogo-civilizado-preocupa-diz-fundador-da-natura\/\">\u201cFalta de di\u00e1logo civilizado preocupa\u201d, diz fundador da Natura<\/a><\/span><span class=\"widget-news-item-date\">2 set 2019 &#8211; 07h09<\/span><\/div>\n<\/li>\n<li class=\"widget-news-item without-thumb with-border\">\n<div class=\"widget-news-info\"><a href=\"http:\/\/exame.abril.com.br\/negocios\">NEG\u00d3CIOS<\/a><span class=\"widget-news-item-title\"><a href=\"https:\/\/exame.abril.com.br\/negocios\/funcionarios-da-amazon-e-microsoft-aderem-a-greveglobalpeloclima\/\">Funcion\u00e1rios da Amazon e Microsoft aderem \u00e0 #GreveGlobalPeloClima<\/a><\/span><span class=\"widget-news-item-date\">20 set 2019 &#8211; 09h09<\/span><\/div>\n<\/li>\n<\/ul>\n<\/div>\n<p><strong>Natura<\/strong><\/p>\n<p>No Brasil, uma das empresas mais engajadas \u00e9 a fabricante de cosm\u00e9ticos Natura. A companhia publicou ontem um posicionamento em que afirma que \u201cestamos orgulhosos de ver a movimenta\u00e7\u00e3o de estudantes e da sociedade civil contra a crise clim\u00e1tica. Agora, \u00e9 a hora de governos e do setor privado agirem\u201d.<\/p>\n<p>O comunicado diz ainda que a Natura se comprometeu a reduzir suas emiss\u00f5es de carbono em um esfor\u00e7o mundial para que o aquecimento global n\u00e3o ultrapasse 1,5 grau. \u201cAcreditamos verdadeiramente que existe uma forma melhor de viver e de fazer neg\u00f3cios\u201d, diz o comunicado.<\/p>\n<p>\u201cN\u00e3o d\u00e1 para ir bem num mundo que vai mal. Ao menos n\u00e3o por muito tempo\u201d, diz Denise Hills, diretora de sustentabilidade da Natura. \u201cNossa responsabilidade vai al\u00e9m do resultado e da gera\u00e7\u00e3o de emprego. Precisamos ter um impacto positivo nas mudan\u00e7as\u201d.<\/p>\n<p>As lojas da companhia amanheceram nesta sexta-feira adesivadas com a mensagem \u201co futuro \u00e9 agora\u201d e sem nenhum produto na vitrine. As consultoras da companhia tamb\u00e9m foram convidadas a se unir \u00e0s manifesta\u00e7\u00f5es. Mais de 40 cidades brasileiras devem ter atos nesta sexta-feira. Em S\u00e3o Paulo, a reuni\u00e3o ser\u00e1 em frente ao MASP, \u00e0s 16h.<\/p>\n<p>#noticias #economia #sustentabilidade #dinheiro #economia<br \/>\n<br \/><br \/>\n<br \/><a href=\"https:\/\/exame.abril.com.br\/negocios\/natura-e-150-empresas-participam-de-greve-pelo-clima-no-brasil\/\">Fonte do Artigo <\/a><br \/>\nTags:<br \/>\n#noticias #economia #sustentabilidade #dinheiro #economia #energialimpa #brasil #tecnologia #meioambiente #engenharia #empreendedorismo #energia  #energiasolar #politica #energiasolarfotovoltaica #supermercado #solar #sucesso #financas #finanzas #qualidade #educa #bolsonaro #fotovoltaica #vendas #noticias24<\/p>\n","protected":false},"excerpt":{"rendered":"<p>A fabricante de cosm\u00e9ticos Natura e outras 150 empresas brasileiras est\u00e3o participando das manifesta\u00e7\u00f5es pelo clima no Brasil nesta sexta-feira. Elas integram o Sistema B, grupo de 3 mil empresas no mundo criado para repensar o papel social e ambiental das companhias. L\u00e1 fora, o movimento \u00e9 chamado de Fridays for Future (sextas pelo futuro) [&hellip;]<\/p>\n","protected":false},"author":1,"featured_media":30612,"comment_status":"open","ping_status":"open","sticky":false,"template":"","format":"standard","meta":{"footnotes":""},"categories":[1,339],"tags":[],"class_list":["post-30611","post","type-post","status-publish","format-standard","has-post-thumbnail","hentry","category-curso-de-copy","category-negocios"],"_links":{"self":[{"href":"https:\/\/wiy.com.br\/noticias\/wp-json\/wp\/v2\/posts\/30611","targetHints":{"allow":["GET"]}}],"collection":[{"href":"https:\/\/wiy.com.br\/noticias\/wp-json\/wp\/v2\/posts"}],"about":[{"href":"https:\/\/wiy.com.br\/noticias\/wp-json\/wp\/v2\/types\/post"}],"author":[{"embeddable":true,"href":"https:\/\/wiy.com.br\/noticias\/wp-json\/wp\/v2\/users\/1"}],"replies":[{"embeddable":true,"href":"https:\/\/wiy.com.br\/noticias\/wp-json\/wp\/v2\/comments?post=30611"}],"version-history":[{"count":0,"href":"https:\/\/wiy.com.br\/noticias\/wp-json\/wp\/v2\/posts\/30611\/revisions"}],"wp:featuredmedia":[{"embeddable":true,"href":"https:\/\/wiy.com.br\/noticias\/wp-json\/wp\/v2\/media\/30612"}],"wp:attachment":[{"href":"https:\/\/wiy.com.br\/noticias\/wp-json\/wp\/v2\/media?parent=30611"}],"wp:term":[{"taxonomy":"category","embeddable":true,"href":"https:\/\/wiy.com.br\/noticias\/wp-json\/wp\/v2\/categories?post=30611"},{"taxonomy":"post_tag","embeddable":true,"href":"https:\/\/wiy.com.br\/noticias\/wp-json\/wp\/v2\/tags?post=30611"}],"curies":[{"name":"wp","href":"https:\/\/api.w.org\/{rel}","templated":true}]}}