{"id":30540,"date":"2023-02-26T14:54:38","date_gmt":"2023-02-26T17:54:38","guid":{"rendered":"https:\/\/wiy.com.br\/noticias\/ellen-rocche-revela-desconforto-com-o-tamanho-dos-seios-chamam-muita-atencao\/"},"modified":"2019-09-20T07:12:23","modified_gmt":"2019-09-20T10:12:23","slug":"ellen-rocche-revela-desconforto-com-o-tamanho-dos-seios-chamam-muita-atencao","status":"publish","type":"post","link":"https:\/\/wiy.com.br\/noticias\/ellen-rocche-revela-desconforto-com-o-tamanho-dos-seios-chamam-muita-atencao\/","title":{"rendered":"Ellen Rocche revela desconforto com o tamanho dos seios: &#039;chamam muita aten\u00e7\u00e3o&#039;"},"content":{"rendered":"<p> <br \/>\n<br \/>Ellen Rocche \u00e9 dona de curvas exuberantes. Apesar das medidas generosas, ela revela n\u00e3o estar confort\u00e1vel com o tamanho dos seios. Ao EXTRA, a atriz contou que a sensa\u00e7\u00e3o tem a ver com seu comportamento mais contido.&#034;Eu tenho muito peito. Com 15&#8230;<\/p>\n<p><a href=\"https:\/\/extra.globo.com\/famosos\/ellen-rocche-revela-desconforto-com-tamanho-dos-seios-chamam-muita-atencao-23960623.html\">Leia mais<\/a><\/p>\n<p>\t\t\t\t\t\t\t\t\t\t\t<img title = \"[Tags]\"alt = \"ellen-roche Ellen Rocche revela desconforto com o tamanho dos seios: &#039;chamam muita aten\u00e7\u00e3o&#039;\"decoding=\"async\" src=\"https:\/\/extra.globo.com\/incoming\/23960615-794-224\/w311h175-PROP\/ellen-roche.jpg\" \/><br \/>\n<br \/><br \/>\n<br \/><a href=\"https:\/\/extra.globo.com\/famosos\/ellen-rocche-revela-desconforto-com-tamanho-dos-seios-chamam-muita-atencao-23960623.html\">Fonte do Artigo <\/a><br \/>\nTags:<br \/>\n#noticia #n #noticias #venezuela #o #instagram #cicpc #policia #ultimahora #seguridad #informaci #portuseguridad #paz #urgente #tudenunciaeslapazdetodos #atenci #policiacientifica #criminalisticacicpc #criminalistica #not #douglasrico #eficienciaonada #gobiernodecalle #brasil #sucesos #jornalismo #informa #news #a<\/p>\n","protected":false},"excerpt":{"rendered":"<p>Ellen Rocche \u00e9 dona de curvas exuberantes. Apesar das medidas generosas, ela revela n\u00e3o estar confort\u00e1vel com o tamanho dos seios. Ao EXTRA, a atriz contou que a sensa\u00e7\u00e3o tem a ver com seu comportamento mais contido.&#034;Eu tenho muito peito. Com 15&#8230; Leia mais Fonte do Artigo Tags: #noticia #n #noticias #venezuela #o #instagram #cicpc [&hellip;]<\/p>\n","protected":false},"author":1,"featured_media":30541,"comment_status":"open","ping_status":"open","sticky":false,"template":"","format":"standard","meta":{"footnotes":""},"categories":[337],"tags":[],"class_list":["post-30540","post","type-post","status-publish","format-standard","has-post-thumbnail","hentry","category-noticias"],"_links":{"self":[{"href":"https:\/\/wiy.com.br\/noticias\/wp-json\/wp\/v2\/posts\/30540","targetHints":{"allow":["GET"]}}],"collection":[{"href":"https:\/\/wiy.com.br\/noticias\/wp-json\/wp\/v2\/posts"}],"about":[{"href":"https:\/\/wiy.com.br\/noticias\/wp-json\/wp\/v2\/types\/post"}],"author":[{"embeddable":true,"href":"https:\/\/wiy.com.br\/noticias\/wp-json\/wp\/v2\/users\/1"}],"replies":[{"embeddable":true,"href":"https:\/\/wiy.com.br\/noticias\/wp-json\/wp\/v2\/comments?post=30540"}],"version-history":[{"count":0,"href":"https:\/\/wiy.com.br\/noticias\/wp-json\/wp\/v2\/posts\/30540\/revisions"}],"wp:featuredmedia":[{"embeddable":true,"href":"https:\/\/wiy.com.br\/noticias\/wp-json\/wp\/v2\/media\/30541"}],"wp:attachment":[{"href":"https:\/\/wiy.com.br\/noticias\/wp-json\/wp\/v2\/media?parent=30540"}],"wp:term":[{"taxonomy":"category","embeddable":true,"href":"https:\/\/wiy.com.br\/noticias\/wp-json\/wp\/v2\/categories?post=30540"},{"taxonomy":"post_tag","embeddable":true,"href":"https:\/\/wiy.com.br\/noticias\/wp-json\/wp\/v2\/tags?post=30540"}],"curies":[{"name":"wp","href":"https:\/\/api.w.org\/{rel}","templated":true}]}}