{"id":30478,"date":"2023-02-26T14:56:40","date_gmt":"2023-02-26T17:56:40","guid":{"rendered":"https:\/\/wiy.com.br\/noticias\/alcolumbre-sobre-reforma-tributaria-vamos-simplificar-impostos\/"},"modified":"2019-09-19T19:02:18","modified_gmt":"2019-09-19T22:02:18","slug":"alcolumbre-sobre-reforma-tributaria-vamos-simplificar-impostos","status":"publish","type":"post","link":"https:\/\/wiy.com.br\/noticias\/alcolumbre-sobre-reforma-tributaria-vamos-simplificar-impostos\/","title":{"rendered":"Alcolumbre sobre reforma tribut\u00e1ria: \u201cvamos simplificar impostos\u201d"},"content":{"rendered":"<p> <br \/>\n<\/p>\n<p><span>O presidente do Senado, <strong><a href=\"https:\/\/exame.abril.com.br\/noticias-sobre\/davi-alcolumbre\/\">Davi Alcolumbre<\/a><\/strong> (DEM-AP), apontou a redu\u00e7\u00e3o do imposto sobre a folha de sal\u00e1rios como um assunto n\u00e3o priorit\u00e1rio na reforma tribut\u00e1ria. A proposta, pontuou Alcolumbre, vai focar em simplificar impostos, e n\u00e3o reduzir tributos.<\/span><\/p>\n<p><span>Uma das resist\u00eancias na desonera\u00e7\u00e3o \u00e9 a necessidade de compensar a perda na arrecada\u00e7\u00e3o, o que pode envolver cria\u00e7\u00e3o ou aumento de impostos. &#8220;Se tivermos a oportunidade de desonerar, vamos desonerar, mas n\u00e3o vamos inventar nada mais para sufocar os brasileiros&#8221;, declarou o presidente do Senado durante evento organizado pelos jornais Valor Econ\u00f4mico e O Globo, em Bras\u00edlia.<\/span><\/p>\n<div class=\"widget-news widget-box no-margin no-border\"><span class=\"widget-news-title content-box-title\">Veja tamb\u00e9m<\/span><\/p>\n<ul class=\"widget-news-list\">\n<li class=\"widget-news-item without-thumb with-border\">\n<div class=\"widget-news-info\"><a href=\"http:\/\/exame.abril.com.br\/economia\">ECONOMIA<\/a><span class=\"widget-news-item-title\"><a href=\"https:\/\/exame.abril.com.br\/economia\/reforma-tributaria-promete-eficiencia-e-justica-mas-deve-gerar-chiadeira\/\">Reforma tribut\u00e1ria promete efici\u00eancia e justi\u00e7a, mas deve gerar chiadeira<\/a><\/span><span class=\"widget-news-item-date\">19 set 2019 &#8211; 14h09<\/span><\/div>\n<\/li>\n<li class=\"widget-news-item without-thumb with-border\">\n<div class=\"widget-news-info\"><a href=\"http:\/\/exame.abril.com.br\/economia\">ECONOMIA<\/a><span class=\"widget-news-item-title\"><a href=\"https:\/\/exame.abril.com.br\/economia\/maia-diz-que-reforma-tributaria-tera-consenso-entre-camara-e-senado\/\">Maia diz que reforma tribut\u00e1ria ter\u00e1 consenso entre C\u00e2mara e Senado<\/a><\/span><span class=\"widget-news-item-date\">19 set 2019 &#8211; 14h09<\/span><\/div>\n<\/li>\n<\/ul>\n<\/div>\n<p><span>O senador Roberto Rocha (PSDB-MA) apresentou na quarta-feira, 18 o parecer da reforma tribut\u00e1ria na Comiss\u00e3o de Constitui\u00e7\u00e3o e Justi\u00e7a, tirando do texto um item que possibilitava a desonera\u00e7\u00e3o da folha com um imposto sobre valor agregado (IVA), a ser criado com a reforma, maior. Ele apenas manteve um comando j\u00e1 existente na Constitui\u00e7\u00e3o abrindo brecha para a redu\u00e7\u00e3o do imposto da folha salarial.<\/span><\/p>\n<p><span>&#8220;Quem falar que vai reduzir imposto na reforma tribut\u00e1ria vai estar faltando com a verdade. A gente vai simplificar&#8221;, declarou Alcolumbre. Ele tamb\u00e9m afirmou que a cria\u00e7\u00e3o de qualquer tributo &#8211; como a CPMF &#8211; n\u00e3o passa no Congresso.<\/span><\/p>\n<p><span>&#8220;Vamos fazer a simplifica\u00e7\u00e3o dos impostos, cada dia com sua agonia, temos momentos de fazer isso&#8221;, afirmou, sendo questionado se a reforma tribut\u00e1ria iria desonerar a folha.<\/span><\/p>\n<p><span>Ele ainda apontou outra resist\u00eancia no Congresso: desindexar o sal\u00e1rio m\u00ednimo de um aumento pela infla\u00e7\u00e3o, como cogita a equipe econ\u00f4mica. &#8220;Politicamente, \u00e9 uma mat\u00e9ria que n\u00e3o tem simpatia do Parlamento. H\u00e1 debate sobre teto e sobre piso, mas n\u00e3o \u00e9 o caminho agora.&#8221;<\/span><\/p>\n<p><br \/>\n<br \/><a href=\"https:\/\/exame.abril.com.br\/brasil\/alcolumbre-sobre-reforma-tributaria-vamos-simplificar-impostos\/\">Fonte do artigo <\/a><br \/>\nTags:<br \/>\n#politica #political #negocios #business #marketingdigital #empreendedorismo #marketing #emprendedores #empreender #sucesso #empresas #emprendimiento #emprendedor #empreendedor #emprender #dinheiro #dinero #empresario #vendas #liderazgo #motivacion #foco #motivacao #negocio #brasil<\/p>\n","protected":false},"excerpt":{"rendered":"<p>O presidente do Senado, Davi Alcolumbre (DEM-AP), apontou a redu\u00e7\u00e3o do imposto sobre a folha de sal\u00e1rios como um assunto n\u00e3o priorit\u00e1rio na reforma tribut\u00e1ria. A proposta, pontuou Alcolumbre, vai focar em simplificar impostos, e n\u00e3o reduzir tributos. Uma das resist\u00eancias na desonera\u00e7\u00e3o \u00e9 a necessidade de compensar a perda na arrecada\u00e7\u00e3o, o que pode [&hellip;]<\/p>\n","protected":false},"author":1,"featured_media":30479,"comment_status":"open","ping_status":"open","sticky":false,"template":"","format":"standard","meta":{"footnotes":""},"categories":[1],"tags":[],"class_list":["post-30478","post","type-post","status-publish","format-standard","has-post-thumbnail","hentry","category-curso-de-copy"],"_links":{"self":[{"href":"https:\/\/wiy.com.br\/noticias\/wp-json\/wp\/v2\/posts\/30478","targetHints":{"allow":["GET"]}}],"collection":[{"href":"https:\/\/wiy.com.br\/noticias\/wp-json\/wp\/v2\/posts"}],"about":[{"href":"https:\/\/wiy.com.br\/noticias\/wp-json\/wp\/v2\/types\/post"}],"author":[{"embeddable":true,"href":"https:\/\/wiy.com.br\/noticias\/wp-json\/wp\/v2\/users\/1"}],"replies":[{"embeddable":true,"href":"https:\/\/wiy.com.br\/noticias\/wp-json\/wp\/v2\/comments?post=30478"}],"version-history":[{"count":0,"href":"https:\/\/wiy.com.br\/noticias\/wp-json\/wp\/v2\/posts\/30478\/revisions"}],"wp:featuredmedia":[{"embeddable":true,"href":"https:\/\/wiy.com.br\/noticias\/wp-json\/wp\/v2\/media\/30479"}],"wp:attachment":[{"href":"https:\/\/wiy.com.br\/noticias\/wp-json\/wp\/v2\/media?parent=30478"}],"wp:term":[{"taxonomy":"category","embeddable":true,"href":"https:\/\/wiy.com.br\/noticias\/wp-json\/wp\/v2\/categories?post=30478"},{"taxonomy":"post_tag","embeddable":true,"href":"https:\/\/wiy.com.br\/noticias\/wp-json\/wp\/v2\/tags?post=30478"}],"curies":[{"name":"wp","href":"https:\/\/api.w.org\/{rel}","templated":true}]}}