{"id":30439,"date":"2023-02-26T15:27:07","date_gmt":"2023-02-26T18:27:07","guid":{"rendered":"https:\/\/wiy.com.br\/noticias\/dois-homens-sao-condenados-a-oito-anos-de-prisao-por-torturarem-grafiteiros-no-saara\/"},"modified":"2019-09-19T13:53:47","modified_gmt":"2019-09-19T16:53:47","slug":"dois-homens-sao-condenados-a-oito-anos-de-prisao-por-torturarem-grafiteiros-no-saara","status":"publish","type":"post","link":"https:\/\/wiy.com.br\/noticias\/dois-homens-sao-condenados-a-oito-anos-de-prisao-por-torturarem-grafiteiros-no-saara\/","title":{"rendered":"Dois homens s\u00e3o condenados a oito anos de pris\u00e3o por torturarem grafiteiros no Saara"},"content":{"rendered":"<p> <br \/>\n<br \/>Dois homens foram condenados nesta segunda-feira a oito anos de pris\u00e3o pelo crime de tortura, ap\u00f3s agredirem e pintarem com tinta spray tr\u00eas jovens na Rua da Alf\u00e2ndega, Centro do Rio. O crime aconteceu em 2016. Marvin Martins dos Santos, de 27 anos,&#8230;<\/p>\n<p><a href=\"https:\/\/extra.globo.com\/casos-de-policia\/dois-homens-sao-condenados-oito-anos-de-prisao-por-torturarem-grafiteiros-no-saara-23959010.html\">Leia mais<\/a><\/p>\n<p>\t\t\t\t\t\t\t\t\t\t\t<img title = \"[Tags]\"alt = \"xespancamento-jovens.pagespeed.ic.hpm2mrn5ox Dois homens s\u00e3o condenados a oito anos de pris\u00e3o por torturarem grafiteiros no Saara\"decoding=\"async\" src=\"https:\/\/extra.globo.com\/incoming\/23959000-243-3ba\/w311h175-PROP\/xespancamento-jovens.pagespeed.ic.hpm2mrn5ox.jpg\" \/><br \/>\n<br \/><br \/>\n<br \/><a href=\"https:\/\/extra.globo.com\/casos-de-policia\/dois-homens-sao-condenados-oito-anos-de-prisao-por-torturarem-grafiteiros-no-saara-23959010.html\">Fonte do Artigo <\/a><br \/>\nTags:<br \/>\n#noticia #n #noticias #venezuela #o #instagram #cicpc #policia #ultimahora #seguridad #informaci #portuseguridad #paz #urgente #tudenunciaeslapazdetodos #atenci #policiacientifica #criminalisticacicpc #criminalistica #not #douglasrico #eficienciaonada #gobiernodecalle #brasil #sucesos #jornalismo #informa #news #a<\/p>\n","protected":false},"excerpt":{"rendered":"<p>Dois homens foram condenados nesta segunda-feira a oito anos de pris\u00e3o pelo crime de tortura, ap\u00f3s agredirem e pintarem com tinta spray tr\u00eas jovens na Rua da Alf\u00e2ndega, Centro do Rio. O crime aconteceu em 2016. Marvin Martins dos Santos, de 27 anos,&#8230; Leia mais Fonte do Artigo Tags: #noticia #n #noticias #venezuela #o #instagram [&hellip;]<\/p>\n","protected":false},"author":1,"featured_media":30440,"comment_status":"open","ping_status":"open","sticky":false,"template":"","format":"standard","meta":{"footnotes":""},"categories":[337],"tags":[],"class_list":["post-30439","post","type-post","status-publish","format-standard","has-post-thumbnail","hentry","category-noticias"],"_links":{"self":[{"href":"https:\/\/wiy.com.br\/noticias\/wp-json\/wp\/v2\/posts\/30439","targetHints":{"allow":["GET"]}}],"collection":[{"href":"https:\/\/wiy.com.br\/noticias\/wp-json\/wp\/v2\/posts"}],"about":[{"href":"https:\/\/wiy.com.br\/noticias\/wp-json\/wp\/v2\/types\/post"}],"author":[{"embeddable":true,"href":"https:\/\/wiy.com.br\/noticias\/wp-json\/wp\/v2\/users\/1"}],"replies":[{"embeddable":true,"href":"https:\/\/wiy.com.br\/noticias\/wp-json\/wp\/v2\/comments?post=30439"}],"version-history":[{"count":0,"href":"https:\/\/wiy.com.br\/noticias\/wp-json\/wp\/v2\/posts\/30439\/revisions"}],"wp:featuredmedia":[{"embeddable":true,"href":"https:\/\/wiy.com.br\/noticias\/wp-json\/wp\/v2\/media\/30440"}],"wp:attachment":[{"href":"https:\/\/wiy.com.br\/noticias\/wp-json\/wp\/v2\/media?parent=30439"}],"wp:term":[{"taxonomy":"category","embeddable":true,"href":"https:\/\/wiy.com.br\/noticias\/wp-json\/wp\/v2\/categories?post=30439"},{"taxonomy":"post_tag","embeddable":true,"href":"https:\/\/wiy.com.br\/noticias\/wp-json\/wp\/v2\/tags?post=30439"}],"curies":[{"name":"wp","href":"https:\/\/api.w.org\/{rel}","templated":true}]}}