{"id":30359,"date":"2023-02-26T15:07:53","date_gmt":"2023-02-26T18:07:53","guid":{"rendered":"https:\/\/wiy.com.br\/noticias\/principal-suspeito-de-construir-predios-que-cairam-na-muzema-e-preso-em-pernambuco\/"},"modified":"2019-09-19T00:39:42","modified_gmt":"2019-09-19T03:39:42","slug":"principal-suspeito-de-construir-predios-que-cairam-na-muzema-e-preso-em-pernambuco","status":"publish","type":"post","link":"https:\/\/wiy.com.br\/noticias\/principal-suspeito-de-construir-predios-que-cairam-na-muzema-e-preso-em-pernambuco\/","title":{"rendered":"Principal suspeito de construir pr\u00e9dios que ca\u00edram na Muzema \u00e9 preso em Pernambuco"},"content":{"rendered":"<p> <br \/>\n<br \/>Jos\u00e9 Bezerra de Lira, conhecido como Z\u00e9 do Rolo, foi preso, na tarde desta quarta-feira, por agentes do 23\u00b0 BPM de Pernambuco, na regi\u00e3o Nordeste. Ele \u00e9 suspeito de ser o l\u00edder do grupo de miliciano respons\u00e1vel por vender apartamentos dos dois&#8230;<\/p>\n<p><a href=\"https:\/\/extra.globo.com\/casos-de-policia\/principal-suspeito-de-construir-predios-que-cairam-na-muzema-preso-em-pernambuco-23958054.html\">Leia mais<\/a><\/p>\n<p>\t\t\t\t\t\t\t\t\t\t\t<img title = \"[Tags]\"alt = \"whatsapp-image-2019-09-18-at-23.45.27.jpeg Principal suspeito de construir pr\u00e9dios que ca\u00edram na Muzema \u00e9 preso em Pernambuco\"decoding=\"async\" src=\"https:\/\/extra.globo.com\/incoming\/23958053-b68-331\/w311h175-PROP\/whatsapp-image-2019-09-18-at-23.45.27.jpeg.jpg\" \/><br \/>\n<br \/><br \/>\n<br \/><a href=\"https:\/\/extra.globo.com\/casos-de-policia\/principal-suspeito-de-construir-predios-que-cairam-na-muzema-preso-em-pernambuco-23958054.html\">Fonte do Artigo <\/a><br \/>\nTags:<br \/>\n#noticia #n #noticias #venezuela #o #instagram #cicpc #policia #ultimahora #seguridad #informaci #portuseguridad #paz #urgente #tudenunciaeslapazdetodos #atenci #policiacientifica #criminalisticacicpc #criminalistica #not #douglasrico #eficienciaonada #gobiernodecalle #brasil #sucesos #jornalismo #informa #news #a<\/p>\n","protected":false},"excerpt":{"rendered":"<p>Jos\u00e9 Bezerra de Lira, conhecido como Z\u00e9 do Rolo, foi preso, na tarde desta quarta-feira, por agentes do 23\u00b0 BPM de Pernambuco, na regi\u00e3o Nordeste. Ele \u00e9 suspeito de ser o l\u00edder do grupo de miliciano respons\u00e1vel por vender apartamentos dos dois&#8230; Leia mais Fonte do Artigo Tags: #noticia #n #noticias #venezuela #o #instagram #cicpc [&hellip;]<\/p>\n","protected":false},"author":1,"featured_media":30360,"comment_status":"open","ping_status":"open","sticky":false,"template":"","format":"standard","meta":{"footnotes":""},"categories":[337],"tags":[],"class_list":["post-30359","post","type-post","status-publish","format-standard","has-post-thumbnail","hentry","category-noticias"],"_links":{"self":[{"href":"https:\/\/wiy.com.br\/noticias\/wp-json\/wp\/v2\/posts\/30359","targetHints":{"allow":["GET"]}}],"collection":[{"href":"https:\/\/wiy.com.br\/noticias\/wp-json\/wp\/v2\/posts"}],"about":[{"href":"https:\/\/wiy.com.br\/noticias\/wp-json\/wp\/v2\/types\/post"}],"author":[{"embeddable":true,"href":"https:\/\/wiy.com.br\/noticias\/wp-json\/wp\/v2\/users\/1"}],"replies":[{"embeddable":true,"href":"https:\/\/wiy.com.br\/noticias\/wp-json\/wp\/v2\/comments?post=30359"}],"version-history":[{"count":0,"href":"https:\/\/wiy.com.br\/noticias\/wp-json\/wp\/v2\/posts\/30359\/revisions"}],"wp:featuredmedia":[{"embeddable":true,"href":"https:\/\/wiy.com.br\/noticias\/wp-json\/wp\/v2\/media\/30360"}],"wp:attachment":[{"href":"https:\/\/wiy.com.br\/noticias\/wp-json\/wp\/v2\/media?parent=30359"}],"wp:term":[{"taxonomy":"category","embeddable":true,"href":"https:\/\/wiy.com.br\/noticias\/wp-json\/wp\/v2\/categories?post=30359"},{"taxonomy":"post_tag","embeddable":true,"href":"https:\/\/wiy.com.br\/noticias\/wp-json\/wp\/v2\/tags?post=30359"}],"curies":[{"name":"wp","href":"https:\/\/api.w.org\/{rel}","templated":true}]}}