{"id":30270,"date":"2023-02-26T15:21:51","date_gmt":"2023-02-26T18:21:51","guid":{"rendered":"https:\/\/wiy.com.br\/noticias\/eduardo-bolsonaro-diz-que-vai-processar-facebook-e-instagram-por-censura\/"},"modified":"2019-09-18T11:29:27","modified_gmt":"2019-09-18T14:29:27","slug":"eduardo-bolsonaro-diz-que-vai-processar-facebook-e-instagram-por-censura","status":"publish","type":"post","link":"https:\/\/wiy.com.br\/noticias\/eduardo-bolsonaro-diz-que-vai-processar-facebook-e-instagram-por-censura\/","title":{"rendered":"Eduardo Bolsonaro diz que vai processar Facebook e Instagram por \u201ccensura\u201d"},"content":{"rendered":"<p> <br \/>\n<\/p>\n<p>S\u00e3o Paulo \u2014 O deputado federal <a href=\"https:\/\/exame.abril.com.br\/noticias-sobre\/eduardo-bolsonaro\"><strong>Eduardo Bolsonaro (PSL-SP)<\/strong><\/a> divulgou por meio de seu perfil no <a href=\"https:\/\/exame.abril.com.br\/noticias-sobre\/instagram\"><strong>Instagram<\/strong><\/a> que ir\u00e1 processar duas redes sociais de <a href=\"https:\/\/exame.abril.com.br\/noticias-sobre\/mark-zuckerberg\/\"><strong>Mark Zuckerberg<\/strong><\/a>: o <a href=\"https:\/\/exame.abril.com.br\/noticias-sobre\/facebook\"><strong>Facebook<\/strong><\/a> e o Instagram.<\/p>\n<p>Segundo o parlamentar, ele teve uma publica\u00e7\u00e3o exclu\u00edda das duas redes sociais, criticando uma reportagem da revista \u00c9poca, em que um rep\u00f3rter se passou por uma pessoa comum para fazer sess\u00f5es de <em>coaching<\/em> com a esposa de Eduardo, Helo\u00edsa Bolsonaro.<\/p>\n<p>De acordo com Eduardo, a mesma publica\u00e7\u00e3o foi exclu\u00edda do Instagram e do Facebook, mas n\u00e3o do Twitter. &#8220;Eles cercearam meu direito constitucional a liberdade de express\u00e3o ao derrubarem meu post sobre ataques que recebi da \u00c9poca&#8221;, escreveu.<\/p>\n<blockquote class=\"instagram-media\" data-instgrm-captioned data-instgrm-permalink=\"https:\/\/www.instagram.com\/p\/B2hOgMGlN0i\/?utm_source=ig_embed&amp;utm_campaign=loading\" data-instgrm-version=\"12\">\n<div> <a href=\"https:\/\/www.instagram.com\/p\/B2hOgMGlN0i\/?utm_source=ig_embed&amp;utm_campaign=loading\" target=\"_blank\" rel=\"noopener noreferrer\"> <\/p>\n<div>\n<div><\/div>\n<div>\n<div><\/div>\n<div><\/div>\n<\/div>\n<\/div>\n<div><\/div>\n<div><\/div>\n<div>\n<div> View this post on Instagram<\/div>\n<\/div>\n<div><\/div>\n<div>\n<div>\n<div><\/div>\n<div><\/div>\n<div><\/div>\n<\/div>\n<div>\n<div><\/div>\n<div><\/div>\n<\/div>\n<div>\n<div><\/div>\n<div><\/div>\n<div><\/div>\n<\/div>\n<\/div>\n<p><\/a> <\/p>\n<p> <a href=\"https:\/\/www.instagram.com\/p\/B2hOgMGlN0i\/?utm_source=ig_embed&amp;utm_campaign=loading\" target=\"_blank\" rel=\"noopener noreferrer\">PORECSSO CONTRA FB\/ISNTA. Seguindo o que diz o Prof. Olavo de Carvalho assinei hoje procura\u00e7\u00e3o p\/ Adv. Roberto Beijato Jr. processar o facebook e instagram. Eles cercearam meu direito constitucional a liberdade de express\u00e3o ao derrubarem meu post sobre ataques que recebi da \u00c9poca na figura da diretora de reda\u00e7\u00e3o Daniella Pinheiro, editor-chefe Pl\u00ednio Fraga e jornalista Jo\u00e3o Saconi. Publica\u00e7\u00e3o similar n\u00e3o teve problema no twitter. Com a liberdade vem a responsabilidade e eu respondo por tudo que publico em minhas redes, n\u00e3o cabe ao fcaeobok\/isnatgarm me cesnurar previamente em pleno ano de 2019. Que tais atitudes fiquem no passado e que reafirmemos que vivemos numa democracia com liberdades plenas.<\/a><\/p>\n<p>A post shared by <a href=\"https:\/\/www.instagram.com\/bolsonarosp\/?utm_source=ig_embed&amp;utm_campaign=loading\" target=\"_blank\" rel=\"noopener noreferrer\"> Eduardo Bolsonaro<img title = \"[Tags]\"decoding=\"async\" src=\"https:\/\/s0.wp.com\/wp-content\/mu-plugins\/wpcom-smileys\/twemoji\/2\/72x72\/1f1e7-1f1f7.png\"alt = \"1f1e7-1f1f7 Eduardo Bolsonaro diz que vai processar Facebook e Instagram por \u201ccensura\u201d\" class=\"wp-smiley\" \/><\/a> (@bolsonarosp) on Sep 17, 2019 at 9:33am PDT<\/p>\n<\/div>\n<\/blockquote>\n<p>A postagem em quest\u00e3o, feita pelo deputado, mostrava o rosto de dois jornalistas que trabalhavam na revista e foi derrubada das redes sociais porque estava &#8220;fora dos padr\u00f5es de comunidade&#8221;.<\/p>\n<p>Geralmente, publica\u00e7\u00f5es s\u00e3o barradas no Facebook e no Instagram ap\u00f3s receberem den\u00fancias de outros usu\u00e1rios. No \u00faltimo s\u00e1bado (14), Eduardo publicou uma reprodu\u00e7\u00e3o de tela do aviso.<\/p>\n<p>&#8220;Com a liberdade vem a responsabilidade e eu respondo por tudo que publico em minhas redes, n\u00e3o cabe ao Facebook\/Instagram me censurar previamente em pleno ano de 2019&#8221;, completou.<\/p>\n<div class=\"embed-twitter\">\n<blockquote class=\"twitter-tweet\" data-width=\"500\" data-dnt=\"true\">\n<p lang=\"pt\" dir=\"ltr\">Um cara se passa por cliente,engana minha esposa para atacar minha fam\u00edlia,vende revista,ganha selo azul e a\u00ed quando eu vou postar a cara dos respons\u00e1veis por esse crime no meu instagram e no facebook o post \u00e9 automaticamente deletado?!<br \/>N\u00e3o ferra,fb e insta!<a href=\"https:\/\/twitter.com\/hashtag\/familiaMarinholixo?src=hash&amp;ref_src=twsrc%5Etfw\">#familiaMarinholixo<\/a> <a href=\"https:\/\/t.co\/G6oiQoI2yf\">pic.twitter.com\/G6oiQoI2yf<\/a><\/p>\n<p>&mdash; Eduardo Bolsonaro<img title = \"[Tags]\"decoding=\"async\" src=\"https:\/\/s0.wp.com\/wp-content\/mu-plugins\/wpcom-smileys\/twemoji\/2\/72x72\/1f1e7-1f1f7.png\"alt = \"1f1e7-1f1f7 Eduardo Bolsonaro diz que vai processar Facebook e Instagram por \u201ccensura\u201d\" class=\"wp-smiley\" \/> (@BolsonaroSP) <a href=\"https:\/\/twitter.com\/BolsonaroSP\/status\/1173047621721743360?ref_src=twsrc%5Etfw\">September 15, 2019<\/a><\/p>\n<\/blockquote>\n<\/div>\n<p>&nbsp;<\/p>\n<p>Em junho deste ano, o irm\u00e3o de Eduardo, <a href=\"https:\/\/exame.abril.com.br\/brasil\/perfil-de-carlos-bolsonaro-e-bloqueado-do-facebook\/\">Carlos Bolsonaro, foi bloqueado de fazer coment\u00e1rios no Facebook por 7 dias por ter publicado um v\u00eddeo de homens armados em seu perfil <\/a>\u2014 o que \u00e9 considerado fora das diretrizes da rede social.<\/p>\n<p><script async src=\"http:\/\/platform.twitter.com\/widgets.js\" charset=\"utf-8\"><\/script><script async defer src=\"http:\/\/platform.instagram.com\/en_US\/embeds.js\"><\/script><br \/>\n<br \/><br \/>\n<br \/><a href=\"https:\/\/exame.abril.com.br\/brasil\/eduardo-bolsonaro-diz-que-vai-processar-facebook-e-instagram-por-censura\/\">Fonte do artigo <\/a><br \/>\nTags:<br \/>\n#politica #political #negocios #business #marketingdigital #empreendedorismo #marketing #emprendedores #empreender #sucesso #empresas #emprendimiento #emprendedor #empreendedor #emprender #dinheiro #dinero #empresario #vendas #liderazgo #motivacion #foco #motivacao #negocio #brasil<\/p>\n","protected":false},"excerpt":{"rendered":"<p>S\u00e3o Paulo \u2014 O deputado federal Eduardo Bolsonaro (PSL-SP) divulgou por meio de seu perfil no Instagram que ir\u00e1 processar duas redes sociais de Mark Zuckerberg: o Facebook e o Instagram. Segundo o parlamentar, ele teve uma publica\u00e7\u00e3o exclu\u00edda das duas redes sociais, criticando uma reportagem da revista \u00c9poca, em que um rep\u00f3rter se passou [&hellip;]<\/p>\n","protected":false},"author":1,"featured_media":29276,"comment_status":"open","ping_status":"open","sticky":false,"template":"","format":"standard","meta":{"footnotes":""},"categories":[1],"tags":[],"class_list":["post-30270","post","type-post","status-publish","format-standard","has-post-thumbnail","hentry","category-curso-de-copy"],"_links":{"self":[{"href":"https:\/\/wiy.com.br\/noticias\/wp-json\/wp\/v2\/posts\/30270","targetHints":{"allow":["GET"]}}],"collection":[{"href":"https:\/\/wiy.com.br\/noticias\/wp-json\/wp\/v2\/posts"}],"about":[{"href":"https:\/\/wiy.com.br\/noticias\/wp-json\/wp\/v2\/types\/post"}],"author":[{"embeddable":true,"href":"https:\/\/wiy.com.br\/noticias\/wp-json\/wp\/v2\/users\/1"}],"replies":[{"embeddable":true,"href":"https:\/\/wiy.com.br\/noticias\/wp-json\/wp\/v2\/comments?post=30270"}],"version-history":[{"count":0,"href":"https:\/\/wiy.com.br\/noticias\/wp-json\/wp\/v2\/posts\/30270\/revisions"}],"wp:featuredmedia":[{"embeddable":true,"href":"https:\/\/wiy.com.br\/noticias\/wp-json\/wp\/v2\/media\/29276"}],"wp:attachment":[{"href":"https:\/\/wiy.com.br\/noticias\/wp-json\/wp\/v2\/media?parent=30270"}],"wp:term":[{"taxonomy":"category","embeddable":true,"href":"https:\/\/wiy.com.br\/noticias\/wp-json\/wp\/v2\/categories?post=30270"},{"taxonomy":"post_tag","embeddable":true,"href":"https:\/\/wiy.com.br\/noticias\/wp-json\/wp\/v2\/tags?post=30270"}],"curies":[{"name":"wp","href":"https:\/\/api.w.org\/{rel}","templated":true}]}}