{"id":30228,"date":"2023-02-26T14:59:52","date_gmt":"2023-02-26T17:59:52","guid":{"rendered":"https:\/\/wiy.com.br\/noticias\/montadoras-entram-no-mercado-de-aluguel-de-veiculos-com-reserva-por-aplicativo\/"},"modified":"2019-09-18T06:20:58","modified_gmt":"2019-09-18T09:20:58","slug":"montadoras-entram-no-mercado-de-aluguel-de-veiculos-com-reserva-por-aplicativo","status":"publish","type":"post","link":"https:\/\/wiy.com.br\/noticias\/montadoras-entram-no-mercado-de-aluguel-de-veiculos-com-reserva-por-aplicativo\/","title":{"rendered":"Montadoras entram no mercado de aluguel de ve\u00edculos com reserva por aplicativo"},"content":{"rendered":"<p> <br \/>\n<br \/>A partir de sexta-feira (dia 20), motoristas poder\u00e3o alugar carros diretamente nas concession\u00e1rias da Toyota, por meio de um aplicativo lan\u00e7ado na \u00faltima quinta-feira. O servi\u00e7o est\u00e1 dispon\u00edvel para as cidades de S\u00e3o Paulo, Belo Horizonte, Bras\u00edlia,&#8230;<\/p>\n<p><a href=\"https:\/\/extra.globo.com\/noticias\/economia\/montadoras-entram-no-mercado-de-aluguel-de-veiculos-com-reserva-por-aplicativo-23955152.html\">Leia mais<\/a><\/p>\n<p>\t\t\t\t\t\t\t\t\t\t\t<img title = \"[Tags]\"alt = \"lexus Montadoras entram no mercado de aluguel de ve\u00edculos com reserva por aplicativo\"decoding=\"async\" src=\"https:\/\/extra.globo.com\/incoming\/23955150-611-f80\/w311h175-PROP\/lexus.jpg\" \/><br \/>\n<br \/><br \/>\n<br \/><a href=\"https:\/\/extra.globo.com\/noticias\/economia\/montadoras-entram-no-mercado-de-aluguel-de-veiculos-com-reserva-por-aplicativo-23955152.html\">Fonte do Artigo <\/a><br \/>\nTags:<br \/>\n#noticia #n #noticias #venezuela #o #instagram #cicpc #policia #ultimahora #seguridad #informaci #portuseguridad #paz #urgente #tudenunciaeslapazdetodos #atenci #policiacientifica #criminalisticacicpc #criminalistica #not #douglasrico #eficienciaonada #gobiernodecalle #brasil #sucesos #jornalismo #informa #news #a<\/p>\n","protected":false},"excerpt":{"rendered":"<p>A partir de sexta-feira (dia 20), motoristas poder\u00e3o alugar carros diretamente nas concession\u00e1rias da Toyota, por meio de um aplicativo lan\u00e7ado na \u00faltima quinta-feira. O servi\u00e7o est\u00e1 dispon\u00edvel para as cidades de S\u00e3o Paulo, Belo Horizonte, Bras\u00edlia,&#8230; Leia mais Fonte do Artigo Tags: #noticia #n #noticias #venezuela #o #instagram #cicpc #policia #ultimahora #seguridad #informaci #portuseguridad [&hellip;]<\/p>\n","protected":false},"author":1,"featured_media":30229,"comment_status":"open","ping_status":"open","sticky":false,"template":"","format":"standard","meta":{"footnotes":""},"categories":[337],"tags":[],"class_list":["post-30228","post","type-post","status-publish","format-standard","has-post-thumbnail","hentry","category-noticias"],"_links":{"self":[{"href":"https:\/\/wiy.com.br\/noticias\/wp-json\/wp\/v2\/posts\/30228","targetHints":{"allow":["GET"]}}],"collection":[{"href":"https:\/\/wiy.com.br\/noticias\/wp-json\/wp\/v2\/posts"}],"about":[{"href":"https:\/\/wiy.com.br\/noticias\/wp-json\/wp\/v2\/types\/post"}],"author":[{"embeddable":true,"href":"https:\/\/wiy.com.br\/noticias\/wp-json\/wp\/v2\/users\/1"}],"replies":[{"embeddable":true,"href":"https:\/\/wiy.com.br\/noticias\/wp-json\/wp\/v2\/comments?post=30228"}],"version-history":[{"count":0,"href":"https:\/\/wiy.com.br\/noticias\/wp-json\/wp\/v2\/posts\/30228\/revisions"}],"wp:featuredmedia":[{"embeddable":true,"href":"https:\/\/wiy.com.br\/noticias\/wp-json\/wp\/v2\/media\/30229"}],"wp:attachment":[{"href":"https:\/\/wiy.com.br\/noticias\/wp-json\/wp\/v2\/media?parent=30228"}],"wp:term":[{"taxonomy":"category","embeddable":true,"href":"https:\/\/wiy.com.br\/noticias\/wp-json\/wp\/v2\/categories?post=30228"},{"taxonomy":"post_tag","embeddable":true,"href":"https:\/\/wiy.com.br\/noticias\/wp-json\/wp\/v2\/tags?post=30228"}],"curies":[{"name":"wp","href":"https:\/\/api.w.org\/{rel}","templated":true}]}}