{"id":30074,"date":"2023-02-26T15:08:35","date_gmt":"2023-02-26T18:08:35","guid":{"rendered":"https:\/\/wiy.com.br\/noticias\/venda-de-fatia-em-4-aeroportos-deve-ocorrer-em-2020-diz-infraero\/"},"modified":"2019-09-16T20:55:27","modified_gmt":"2019-09-16T23:55:27","slug":"venda-de-fatia-em-4-aeroportos-deve-ocorrer-em-2020-diz-infraero","status":"publish","type":"post","link":"https:\/\/wiy.com.br\/noticias\/venda-de-fatia-em-4-aeroportos-deve-ocorrer-em-2020-diz-infraero\/","title":{"rendered":"Venda de fatia em 4 aeroportos deve ocorrer em 2020, diz Infraero"},"content":{"rendered":"<p> <br \/>\n<\/p>\n<p>A <strong><a href=\"https:\/\/exame.abril.com.br\/noticias-sobre\/infraero\/\">Infraero<\/a><\/strong> espera poder executar a venda de sua participa\u00e7\u00e3o nos <strong><a href=\"https:\/\/exame.abril.com.br\/noticias-sobre\/aeroportos\/\">aeroportos<\/a><\/strong> de Guarulhos (SP), Gale\u00e3o (RJ), Bras\u00edlia (DF) e Confins (MG) a partir do segundo semestre de 2020, disse o presidente da estatal, brigadeiro H\u00e9lio Paes de Barros, durante inspe\u00e7\u00e3o das obras no Aeroporto Santos Dumont, no Rio. A empresa \u00e9 detentora de 49% desses aeroportos, concedidos durante o governo Dilma Rousseff.<\/p>\n<p>A companhia est\u00e1 em fase de contrata\u00e7\u00e3o da consultoria que far\u00e1 a avalia\u00e7\u00e3o dos ativos para coloc\u00e1-los no mercado. Depois disso, ter\u00e1 que ser definida a modelagem dessa venda, que faz parte do Programa de Parcerias de Investimento (PPI). Os atuais s\u00f3cios majorit\u00e1rios dessas concess\u00f5es s\u00e3o tidos como os principais candidatos \u00e0 compra dessas fatias, mas Paes de Barros avalia que tudo depender\u00e1 da modelagem adotada.<\/p>\n<p>&#8220;O &#8216;valuation&#8217; vai me dizer, por exemplo, se vale a pena abrir o capital, como os acionistas v\u00e3o se comportar, se v\u00e3o permitir que o outro tenha direito a voto tamb\u00e9m. Coisas dessa natureza que podem valorizar mais o ativo, inclusive quem tem os 51%, e fa\u00e7a com que o neg\u00f3cio possa ser melhor para todas as partes&#8221;, afirmou.<\/p>\n<p>Hoje, Guarulhos tem entre os s\u00f3cios as empresas Invepar e a Airports Company South Africa. No Gale\u00e3o, a Changi \u00e9 majorit\u00e1ria ap\u00f3s comprar a fatia da Odebrecht Transport. Em Bras\u00edlia, o s\u00f3cio privado \u00e9 a Inframerica e, em Confins, o cons\u00f3rcio \u00e9 formado por CCR e Zurich AG.<\/p>\n<p>O brigadeiro assumiu o comando da Infraero em julho e diz que um dos pilares de sua gest\u00e3o \u00e9 cumprir o cronograma de concess\u00f5es estabelecido pelo governo Bolsonaro. O governo pretende conceder ao setor privado toda a rede de aeroportos que ainda est\u00e1 sob a responsabilidade da Infraero.<\/p>\n<div class=\"widget-news widget-box no-margin no-border\"><span class=\"widget-news-title content-box-title\">Veja tamb\u00e9m<\/span><\/p>\n<ul class=\"widget-news-list\">\n<li class=\"widget-news-item without-thumb with-border\">\n<div class=\"widget-news-info\"><a href=\"http:\/\/exame.abril.com.br\/brasil\">BRASIL<\/a><span class=\"widget-news-item-title\"><a href=\"https:\/\/exame.abril.com.br\/brasil\/pista-principal-do-aeroporto-santos-dumont-sera-liberada-no-sabado\/\">Pista principal do Aeroporto Santos Dumont ser\u00e1 liberada no s\u00e1bado<\/a><\/span><span class=\"widget-news-item-date\">16 set 2019 &#8211; 18h09<\/span><\/div>\n<\/li>\n<\/ul>\n<\/div>\n<p>A sexta rodada de concess\u00f5es est\u00e1 em fase de estrutura\u00e7\u00e3o. A previs\u00e3o \u00e9 que ser\u00e3o leiloados no segundo semestre de 2020 mais 22 aeroportos, divididos em tr\u00eas blocos regionais. J\u00e1 a s\u00e9tima e \u00faltima rodada, prevista para o primeiro trimestre de 2022 incluir\u00e1, entre outros, os dois terminais considerados &#8220;a joia da coroa&#8221; da Infraero: Congonhas e Santos Dumont.<\/p>\n<p>O aeroporto do Rio de Janeiro est\u00e1 em obras de manuten\u00e7\u00e3o desde o dia 24 de agosto. O cronograma de entrega das obras est\u00e1 mantido para o dia 21 de setembro, quando os voos redirecionados para o Gale\u00e3o retornam ao Santos Dumont. Paes de Barros falou em outras poss\u00edveis &#8220;amplia\u00e7\u00f5es cir\u00fargicas&#8221; para valorizar o ativo para a futura concess\u00e3o.<\/p>\n<p>Paes de Barros destacou que a Infraero dever\u00e1 se tornar a mola mestra dos aeroportos regionais do Pa\u00eds, mas que para isso ser\u00e1 preciso haver uma pol\u00edtica de governo que d\u00ea sustentabilidade ao neg\u00f3cio. Boa parte desses aeroportos s\u00e3o deficit\u00e1rios e, portanto, a ideia seria usar o Fundo Nacional de Avia\u00e7\u00e3o Civil para sua opera\u00e7\u00e3o. &#8220;A Infraero como empresa n\u00e3o vai poder entrar num neg\u00f3cio em que s\u00f3 vai tomar preju\u00edzo&#8221;, disse.<\/p>\n<p>Sobre a possibilidade de liquida\u00e7\u00e3o da Infraero, o executivo disse acreditar na capacidade da companhia de se manter como uma grande prestadora de servi\u00e7os, com grande expertise no setor de aeroportos. &#8220;Se n\u00e3o conseguirmos manter a estabilidade entre o que a gente tem que pagar de folha de pagamento e o que a gente pode fazer em termos de servi\u00e7o, pode at\u00e9 acontecer isso, mas eu acredito que n\u00e3o. A empresa tem bons servi\u00e7os, experi\u00eancia nesse neg\u00f3cio e tem condi\u00e7\u00f5es de prosseguir&#8221;, afirmou.<\/p>\n<p>#noticias #economia #sustentabilidade #dinheiro #economia<br \/>\n<br \/><br \/>\n<br \/><a href=\"https:\/\/exame.abril.com.br\/negocios\/venda-de-fatia-em-4-aeroportos-deve-ocorrer-em-2020-diz-infraero\/\">Fonte do Artigo <\/a><br \/>\nTags:<br \/>\n#noticias #economia #sustentabilidade #dinheiro #economia #energialimpa #brasil #tecnologia #meioambiente #engenharia #empreendedorismo #energia  #energiasolar #politica #energiasolarfotovoltaica #supermercado #solar #sucesso #financas #finanzas #qualidade #educa #bolsonaro #fotovoltaica #vendas #noticias24<\/p>\n","protected":false},"excerpt":{"rendered":"<p>A Infraero espera poder executar a venda de sua participa\u00e7\u00e3o nos aeroportos de Guarulhos (SP), Gale\u00e3o (RJ), Bras\u00edlia (DF) e Confins (MG) a partir do segundo semestre de 2020, disse o presidente da estatal, brigadeiro H\u00e9lio Paes de Barros, durante inspe\u00e7\u00e3o das obras no Aeroporto Santos Dumont, no Rio. A empresa \u00e9 detentora de 49% [&hellip;]<\/p>\n","protected":false},"author":1,"featured_media":27664,"comment_status":"open","ping_status":"open","sticky":false,"template":"","format":"standard","meta":{"footnotes":""},"categories":[1,339],"tags":[],"class_list":["post-30074","post","type-post","status-publish","format-standard","has-post-thumbnail","hentry","category-curso-de-copy","category-negocios"],"_links":{"self":[{"href":"https:\/\/wiy.com.br\/noticias\/wp-json\/wp\/v2\/posts\/30074","targetHints":{"allow":["GET"]}}],"collection":[{"href":"https:\/\/wiy.com.br\/noticias\/wp-json\/wp\/v2\/posts"}],"about":[{"href":"https:\/\/wiy.com.br\/noticias\/wp-json\/wp\/v2\/types\/post"}],"author":[{"embeddable":true,"href":"https:\/\/wiy.com.br\/noticias\/wp-json\/wp\/v2\/users\/1"}],"replies":[{"embeddable":true,"href":"https:\/\/wiy.com.br\/noticias\/wp-json\/wp\/v2\/comments?post=30074"}],"version-history":[{"count":0,"href":"https:\/\/wiy.com.br\/noticias\/wp-json\/wp\/v2\/posts\/30074\/revisions"}],"wp:featuredmedia":[{"embeddable":true,"href":"https:\/\/wiy.com.br\/noticias\/wp-json\/wp\/v2\/media\/27664"}],"wp:attachment":[{"href":"https:\/\/wiy.com.br\/noticias\/wp-json\/wp\/v2\/media?parent=30074"}],"wp:term":[{"taxonomy":"category","embeddable":true,"href":"https:\/\/wiy.com.br\/noticias\/wp-json\/wp\/v2\/categories?post=30074"},{"taxonomy":"post_tag","embeddable":true,"href":"https:\/\/wiy.com.br\/noticias\/wp-json\/wp\/v2\/tags?post=30074"}],"curies":[{"name":"wp","href":"https:\/\/api.w.org\/{rel}","templated":true}]}}