{"id":30053,"date":"2023-02-26T15:31:55","date_gmt":"2023-02-26T18:31:55","guid":{"rendered":"https:\/\/wiy.com.br\/noticias\/edward-snowden-diz-que-adoraria-receber-asilo-na-franca\/"},"modified":"2019-09-16T17:12:39","modified_gmt":"2019-09-16T20:12:39","slug":"edward-snowden-diz-que-adoraria-receber-asilo-na-franca","status":"publish","type":"post","link":"https:\/\/wiy.com.br\/noticias\/edward-snowden-diz-que-adoraria-receber-asilo-na-franca\/","title":{"rendered":"Edward Snowden diz que adoraria receber asilo na Fran\u00e7a"},"content":{"rendered":"<p> <br \/>\n<br \/>PARIS (Reuters) &#8211; Ex-prestador de servi\u00e7os de uma ag\u00eancia de espionagem dos Estados Unidos, Edward Snowden disse que adoraria que o presidente franc\u00eas, Emmanuel Macron, lhe concedesse asilo pol\u00edtico depois que uma ministra&#8230;<\/p>\n<p><a href=\"https:\/\/extra.globo.com\/noticias\/mundo\/edward-snowden-diz-que-adoraria-receber-asilo-na-franca-23952056.html\">Leia mais<\/a><\/p>\n<p>\t\t\t\t\t\t\t\t\t\t\t<img title = \"[Tags]\"alt = \"extra-face-1 Edward Snowden diz que adoraria receber asilo na Fran\u00e7a\"decoding=\"async\" src=\"https:\/\/extra.globo.com\/skins\/extra\/images\/extra-face-1.jpg\" \/><br \/>\n<br \/><br \/>\n<br \/><a href=\"https:\/\/extra.globo.com\/noticias\/mundo\/edward-snowden-diz-que-adoraria-receber-asilo-na-franca-23952056.html\">Fonte do Artigo <\/a><br \/>\nTags:<br \/>\n#noticia #n #noticias #venezuela #o #instagram #cicpc #policia #ultimahora #seguridad #informaci #portuseguridad #paz #urgente #tudenunciaeslapazdetodos #atenci #policiacientifica #criminalisticacicpc #criminalistica #not #douglasrico #eficienciaonada #gobiernodecalle #brasil #sucesos #jornalismo #informa #news #a<\/p>\n","protected":false},"excerpt":{"rendered":"<p>PARIS (Reuters) &#8211; Ex-prestador de servi\u00e7os de uma ag\u00eancia de espionagem dos Estados Unidos, Edward Snowden disse que adoraria que o presidente franc\u00eas, Emmanuel Macron, lhe concedesse asilo pol\u00edtico depois que uma ministra&#8230; Leia mais Fonte do Artigo Tags: #noticia #n #noticias #venezuela #o #instagram #cicpc #policia #ultimahora #seguridad #informaci #portuseguridad #paz #urgente #tudenunciaeslapazdetodos #atenci [&hellip;]<\/p>\n","protected":false},"author":1,"featured_media":27155,"comment_status":"open","ping_status":"open","sticky":false,"template":"","format":"standard","meta":{"footnotes":""},"categories":[337],"tags":[],"class_list":["post-30053","post","type-post","status-publish","format-standard","has-post-thumbnail","hentry","category-noticias"],"_links":{"self":[{"href":"https:\/\/wiy.com.br\/noticias\/wp-json\/wp\/v2\/posts\/30053","targetHints":{"allow":["GET"]}}],"collection":[{"href":"https:\/\/wiy.com.br\/noticias\/wp-json\/wp\/v2\/posts"}],"about":[{"href":"https:\/\/wiy.com.br\/noticias\/wp-json\/wp\/v2\/types\/post"}],"author":[{"embeddable":true,"href":"https:\/\/wiy.com.br\/noticias\/wp-json\/wp\/v2\/users\/1"}],"replies":[{"embeddable":true,"href":"https:\/\/wiy.com.br\/noticias\/wp-json\/wp\/v2\/comments?post=30053"}],"version-history":[{"count":0,"href":"https:\/\/wiy.com.br\/noticias\/wp-json\/wp\/v2\/posts\/30053\/revisions"}],"wp:featuredmedia":[{"embeddable":true,"href":"https:\/\/wiy.com.br\/noticias\/wp-json\/wp\/v2\/media\/27155"}],"wp:attachment":[{"href":"https:\/\/wiy.com.br\/noticias\/wp-json\/wp\/v2\/media?parent=30053"}],"wp:term":[{"taxonomy":"category","embeddable":true,"href":"https:\/\/wiy.com.br\/noticias\/wp-json\/wp\/v2\/categories?post=30053"},{"taxonomy":"post_tag","embeddable":true,"href":"https:\/\/wiy.com.br\/noticias\/wp-json\/wp\/v2\/tags?post=30053"}],"curies":[{"name":"wp","href":"https:\/\/api.w.org\/{rel}","templated":true}]}}