{"id":30001,"date":"2023-02-26T15:18:08","date_gmt":"2023-02-26T18:18:08","guid":{"rendered":"https:\/\/wiy.com.br\/noticias\/sergio-moro-visitou-bolsonaro-no-hospital-neste-domingo\/"},"modified":"2019-09-16T07:45:16","modified_gmt":"2019-09-16T10:45:16","slug":"sergio-moro-visitou-bolsonaro-no-hospital-neste-domingo","status":"publish","type":"post","link":"https:\/\/wiy.com.br\/noticias\/sergio-moro-visitou-bolsonaro-no-hospital-neste-domingo\/","title":{"rendered":"S\u00e9rgio Moro visitou Bolsonaro no hospital neste domingo"},"content":{"rendered":"<p> <br \/>\n<\/p>\n<p>S\u00e3o Paulo \u2014 O ministro Justi\u00e7a e Seguran\u00e7a P\u00fablica, <a href=\"https:\/\/exame.abril.com.br\/noticias-sobre\/sergio-moro\/\" target=\"_blank\" rel=\"noopener noreferrer\"><strong>S\u00e9rgio Moro<\/strong><\/a>, visitou neste domingo, 15, o presidente <a href=\"https:\/\/exame.abril.com.br\/noticias-sobre\/jair-bolsonaro\/\" target=\"_blank\" rel=\"noopener noreferrer\"><strong>Jair Bolsonaro<\/strong><\/a> no hospital em S\u00e3o Paulo, onde ele se recupera de uma cirurgia de h\u00e9rnia. O ministro saiu sem falar com os jornalistas que fazem plant\u00e3o no local.<\/p>\n<p>N\u00e3o h\u00e1 previs\u00e3o de alta do presidente, que est\u00e1 internado h\u00e1 uma semana.<\/p>\n<div class=\"embed-twitter\">\n<blockquote class=\"twitter-tweet\" data-width=\"500\" data-dnt=\"true\">\n<p lang=\"pt\" dir=\"ltr\">Visita ao Sr. Presidente e \u00e0 Sra. Primeira-dama. Conversa agrad\u00e1vel. Presidente recupera-se muito bem. O homem \u00e9 forte. <a href=\"https:\/\/t.co\/LeGT5McHv3\">pic.twitter.com\/LeGT5McHv3<\/a><\/p>\n<p>&mdash; Sergio Moro (@SF_Moro) <a href=\"https:\/\/twitter.com\/SF_Moro\/status\/1173337190232973315?ref_src=twsrc%5Etfw\">September 15, 2019<\/a><\/p>\n<\/blockquote>\n<\/div>\n<p>Bolsonaro assistiu nesta tarde ao jogo entre Corinthians e Fluminense pela TV. A primeira dama, Michele Bolsonaro, e o filho dele, Carlos Bolsonaro, estavam no quarto com o presidente no hospital Vila Nova Star.<\/p>\n<p>O presidente caminhou nesta tarde pelos corredores do hospital, segundo a assessoria de imprensa da Presid\u00eancia da Rep\u00fablica.<\/p>\n<p><script async src=\"http:\/\/platform.twitter.com\/widgets.js\" charset=\"utf-8\"><\/script><br \/>\n<br \/><br \/>\n<br \/><a href=\"https:\/\/exame.abril.com.br\/brasil\/sergio-moro-visitou-bolsonaro-no-hospital-neste-domingo\/\">Fonte do artigo <\/a><br \/>\nTags:<br \/>\n#politica #political #negocios #business #marketingdigital #empreendedorismo #marketing #emprendedores #empreender #sucesso #empresas #emprendimiento #emprendedor #empreendedor #emprender #dinheiro #dinero #empresario #vendas #liderazgo #motivacion #foco #motivacao #negocio #brasil<\/p>\n","protected":false},"excerpt":{"rendered":"<p>S\u00e3o Paulo \u2014 O ministro Justi\u00e7a e Seguran\u00e7a P\u00fablica, S\u00e9rgio Moro, visitou neste domingo, 15, o presidente Jair Bolsonaro no hospital em S\u00e3o Paulo, onde ele se recupera de uma cirurgia de h\u00e9rnia. O ministro saiu sem falar com os jornalistas que fazem plant\u00e3o no local. N\u00e3o h\u00e1 previs\u00e3o de alta do presidente, que est\u00e1 [&hellip;]<\/p>\n","protected":false},"author":1,"featured_media":30002,"comment_status":"open","ping_status":"open","sticky":false,"template":"","format":"standard","meta":{"footnotes":""},"categories":[1],"tags":[],"class_list":["post-30001","post","type-post","status-publish","format-standard","has-post-thumbnail","hentry","category-curso-de-copy"],"_links":{"self":[{"href":"https:\/\/wiy.com.br\/noticias\/wp-json\/wp\/v2\/posts\/30001","targetHints":{"allow":["GET"]}}],"collection":[{"href":"https:\/\/wiy.com.br\/noticias\/wp-json\/wp\/v2\/posts"}],"about":[{"href":"https:\/\/wiy.com.br\/noticias\/wp-json\/wp\/v2\/types\/post"}],"author":[{"embeddable":true,"href":"https:\/\/wiy.com.br\/noticias\/wp-json\/wp\/v2\/users\/1"}],"replies":[{"embeddable":true,"href":"https:\/\/wiy.com.br\/noticias\/wp-json\/wp\/v2\/comments?post=30001"}],"version-history":[{"count":0,"href":"https:\/\/wiy.com.br\/noticias\/wp-json\/wp\/v2\/posts\/30001\/revisions"}],"wp:featuredmedia":[{"embeddable":true,"href":"https:\/\/wiy.com.br\/noticias\/wp-json\/wp\/v2\/media\/30002"}],"wp:attachment":[{"href":"https:\/\/wiy.com.br\/noticias\/wp-json\/wp\/v2\/media?parent=30001"}],"wp:term":[{"taxonomy":"category","embeddable":true,"href":"https:\/\/wiy.com.br\/noticias\/wp-json\/wp\/v2\/categories?post=30001"},{"taxonomy":"post_tag","embeddable":true,"href":"https:\/\/wiy.com.br\/noticias\/wp-json\/wp\/v2\/tags?post=30001"}],"curies":[{"name":"wp","href":"https:\/\/api.w.org\/{rel}","templated":true}]}}