{"id":29969,"date":"2023-02-26T15:34:47","date_gmt":"2023-02-26T18:34:47","guid":{"rendered":"https:\/\/wiy.com.br\/noticias\/filho-de-benito-di-paula-morre-aos-36-anos-no-rio-de-janeiro\/"},"modified":"2019-09-15T18:33:04","modified_gmt":"2019-09-15T21:33:04","slug":"filho-de-benito-di-paula-morre-aos-36-anos-no-rio-de-janeiro","status":"publish","type":"post","link":"https:\/\/wiy.com.br\/noticias\/filho-de-benito-di-paula-morre-aos-36-anos-no-rio-de-janeiro\/","title":{"rendered":"Filho de Benito Di Paula morre aos 36 anos no Rio de Janeiro"},"content":{"rendered":"<p> <br \/>\n<\/p>\n<p>Morreu na \u00faltima sexta feira (13) Andr\u00e9 Vancellote Vellozo, filho de Benito Di Paula. A causa da morte n\u00e3o foi divulgada. A informa\u00e7\u00e3o foi confirmada pela rede social do cantor. &#8220;A fam\u00edlia Vancellote Vellozo vem a p\u00fablico com pesar, comunicar o falecimento de seu querido filho, irm\u00e3o e sobrinho, Andr\u00e9 Vancellote Vellozo, ocorrido nesta sexta-feira (13\/09), na cidade do Rio de Janeiro. Pedimos a todos que respeitem a privacidade \u00e0 que se reservam os artistas Benito Di Paula e Rodrigo Vellozo, juntamente com todos os seus familiares&#8221;.<\/p>\n<blockquote class=\"instagram-media\" data-instgrm-captioned data-instgrm-permalink=\"https:\/\/www.instagram.com\/p\/B2Z5KSClt0y\/?utm_source=ig_embed&amp;utm_campaign=loading\" data-instgrm-version=\"12\">\n<div> <a href=\"https:\/\/www.instagram.com\/p\/B2Z5KSClt0y\/?utm_source=ig_embed&amp;utm_campaign=loading\" target=\"_blank\" rel=\"noopener noreferrer\"> <\/p>\n<div>\n<div><\/div>\n<div>\n<div><\/div>\n<div><\/div>\n<\/div>\n<\/div>\n<div><\/div>\n<div><\/div>\n<div>\n<div> View this post on Instagram<\/div>\n<\/div>\n<div><\/div>\n<div>\n<div>\n<div><\/div>\n<div><\/div>\n<div><\/div>\n<\/div>\n<div>\n<div><\/div>\n<div><\/div>\n<\/div>\n<div>\n<div><\/div>\n<div><\/div>\n<div><\/div>\n<\/div>\n<\/div>\n<p><\/a> <\/p>\n<p> <a href=\"https:\/\/www.instagram.com\/p\/B2Z5KSClt0y\/?utm_source=ig_embed&amp;utm_campaign=loading\" target=\"_blank\" rel=\"noopener noreferrer\">A fam\u00edlia Vancellote Vellozo vem a p\u00fablico com pesar, comunicar o falecimento de seu querido filho, irm\u00e3o e sobrinho, Andr\u00e9 Vancellote Vellozo, ocorrido nesta sexta-feira (13\/09), na cidade do Rio de Janeiro. . Pedimos a todos que respeitem a privacidade \u00e0 que se reservam os artistas Benito Di Paula e Rodrigo Vellozo, juntamente com todos os seus familiares.<\/a><\/p>\n<p>A post shared by <a href=\"https:\/\/www.instagram.com\/benitodipaulabr\/?utm_source=ig_embed&amp;utm_campaign=loading\" target=\"_blank\" rel=\"noopener noreferrer\"> Benito Di Paula [Oficial]<\/a> (@benitodipaulabr) on Sep 14, 2019 at 1:12pm PDT<\/p>\n<\/div>\n<\/blockquote>\n<p>&nbsp;<\/p>\n<p><script async defer src=\"http:\/\/platform.instagram.com\/en_US\/embeds.js\"><\/script><br \/>\n<br \/><br \/>\n<br \/><a href=\"https:\/\/vejasp.abril.com.br\/cultura-lazer\/filho-de-benito-di-paula-morre-aos-36-anos-no-rio-de-janeiro\/\">Fonte do Artigo <\/a><br \/>\nTags:<br \/>\n#loterias #loteriascaixa #megasena #resultadoapostas#noticias #noticiario  #noticia #brasil #noticiascolombia #mundo #esporte #colombia #noticiadeld #ltimasnoticias  #noticiario #noticiasregionales #noticiasdepartamentales #noticiashoy #esportes #noticiaahora #elinformantenoticias #noticiasdeboyac  #esporteinterativo #esportivo #diariodosesportes  #noticiero  #jogodefutebol #jogos #loto #apostas<\/p>\n","protected":false},"excerpt":{"rendered":"<p>Morreu na \u00faltima sexta feira (13) Andr\u00e9 Vancellote Vellozo, filho de Benito Di Paula. A causa da morte n\u00e3o foi divulgada. A informa\u00e7\u00e3o foi confirmada pela rede social do cantor. &#8220;A fam\u00edlia Vancellote Vellozo vem a p\u00fablico com pesar, comunicar o falecimento de seu querido filho, irm\u00e3o e sobrinho, Andr\u00e9 Vancellote Vellozo, ocorrido nesta sexta-feira [&hellip;]<\/p>\n","protected":false},"author":1,"featured_media":29970,"comment_status":"open","ping_status":"open","sticky":false,"template":"","format":"standard","meta":{"footnotes":""},"categories":[1],"tags":[],"class_list":["post-29969","post","type-post","status-publish","format-standard","has-post-thumbnail","hentry","category-curso-de-copy"],"_links":{"self":[{"href":"https:\/\/wiy.com.br\/noticias\/wp-json\/wp\/v2\/posts\/29969","targetHints":{"allow":["GET"]}}],"collection":[{"href":"https:\/\/wiy.com.br\/noticias\/wp-json\/wp\/v2\/posts"}],"about":[{"href":"https:\/\/wiy.com.br\/noticias\/wp-json\/wp\/v2\/types\/post"}],"author":[{"embeddable":true,"href":"https:\/\/wiy.com.br\/noticias\/wp-json\/wp\/v2\/users\/1"}],"replies":[{"embeddable":true,"href":"https:\/\/wiy.com.br\/noticias\/wp-json\/wp\/v2\/comments?post=29969"}],"version-history":[{"count":0,"href":"https:\/\/wiy.com.br\/noticias\/wp-json\/wp\/v2\/posts\/29969\/revisions"}],"wp:featuredmedia":[{"embeddable":true,"href":"https:\/\/wiy.com.br\/noticias\/wp-json\/wp\/v2\/media\/29970"}],"wp:attachment":[{"href":"https:\/\/wiy.com.br\/noticias\/wp-json\/wp\/v2\/media?parent=29969"}],"wp:term":[{"taxonomy":"category","embeddable":true,"href":"https:\/\/wiy.com.br\/noticias\/wp-json\/wp\/v2\/categories?post=29969"},{"taxonomy":"post_tag","embeddable":true,"href":"https:\/\/wiy.com.br\/noticias\/wp-json\/wp\/v2\/tags?post=29969"}],"curies":[{"name":"wp","href":"https:\/\/api.w.org\/{rel}","templated":true}]}}