{"id":29926,"date":"2023-02-26T14:54:11","date_gmt":"2023-02-26T17:54:11","guid":{"rendered":"https:\/\/wiy.com.br\/noticias\/aos-67-anos-morre-o-cantor-roberto-leal\/"},"modified":"2019-09-15T10:42:06","modified_gmt":"2019-09-15T13:42:06","slug":"aos-67-anos-morre-o-cantor-roberto-leal","status":"publish","type":"post","link":"https:\/\/wiy.com.br\/noticias\/aos-67-anos-morre-o-cantor-roberto-leal\/","title":{"rendered":"Aos 67 anos, morre o cantor Roberto Leal"},"content":{"rendered":"<p> <br \/>\n<br \/>Morreu na madrugada deste domingo, no Hospital Samaritano, em S\u00e3o Paulo, o cantor portugu\u00eas Roberto Leal, v\u00edtima de c\u00e2ncer de pele. A informa\u00e7\u00e3o, veiculada pelo jornal lusitano &#034;O P\u00fablico&#034;, foi confirmada pelo pol\u00edtico patr\u00edcio Jos\u00e9 Ces\u00e1rio, amigo&#8230;<\/p>\n<p><a href=\"https:\/\/extra.globo.com\/famosos\/aos-67-anos-morre-cantor-roberto-leal-23949727.html\">Leia mais<\/a><\/p>\n<p>\t\t\t\t\t\t\t\t\t\t\t<img title = \"[Tags]\"alt = \"ecsimg62954005-259335762116550369 Aos 67 anos, morre o cantor Roberto Leal\"decoding=\"async\" src=\"https:\/\/extra.globo.com\/famosos\/23949725-9d5-cf9\/w311h175-PROP\/ecsimg62954005-259335762116550369.jpg\" \/><br \/>\n<br \/><br \/>\n<br \/><a href=\"https:\/\/extra.globo.com\/famosos\/aos-67-anos-morre-cantor-roberto-leal-23949727.html\">Fonte do Artigo <\/a><br \/>\nTags:<br \/>\n#noticia #n #noticias #venezuela #o #instagram #cicpc #policia #ultimahora #seguridad #informaci #portuseguridad #paz #urgente #tudenunciaeslapazdetodos #atenci #policiacientifica #criminalisticacicpc #criminalistica #not #douglasrico #eficienciaonada #gobiernodecalle #brasil #sucesos #jornalismo #informa #news #a<\/p>\n","protected":false},"excerpt":{"rendered":"<p>Morreu na madrugada deste domingo, no Hospital Samaritano, em S\u00e3o Paulo, o cantor portugu\u00eas Roberto Leal, v\u00edtima de c\u00e2ncer de pele. A informa\u00e7\u00e3o, veiculada pelo jornal lusitano &#034;O P\u00fablico&#034;, foi confirmada pelo pol\u00edtico patr\u00edcio Jos\u00e9 Ces\u00e1rio, amigo&#8230; Leia mais Fonte do Artigo Tags: #noticia #n #noticias #venezuela #o #instagram #cicpc #policia #ultimahora #seguridad #informaci #portuseguridad [&hellip;]<\/p>\n","protected":false},"author":1,"featured_media":29927,"comment_status":"open","ping_status":"open","sticky":false,"template":"","format":"standard","meta":{"footnotes":""},"categories":[337],"tags":[],"class_list":["post-29926","post","type-post","status-publish","format-standard","has-post-thumbnail","hentry","category-noticias"],"_links":{"self":[{"href":"https:\/\/wiy.com.br\/noticias\/wp-json\/wp\/v2\/posts\/29926","targetHints":{"allow":["GET"]}}],"collection":[{"href":"https:\/\/wiy.com.br\/noticias\/wp-json\/wp\/v2\/posts"}],"about":[{"href":"https:\/\/wiy.com.br\/noticias\/wp-json\/wp\/v2\/types\/post"}],"author":[{"embeddable":true,"href":"https:\/\/wiy.com.br\/noticias\/wp-json\/wp\/v2\/users\/1"}],"replies":[{"embeddable":true,"href":"https:\/\/wiy.com.br\/noticias\/wp-json\/wp\/v2\/comments?post=29926"}],"version-history":[{"count":0,"href":"https:\/\/wiy.com.br\/noticias\/wp-json\/wp\/v2\/posts\/29926\/revisions"}],"wp:featuredmedia":[{"embeddable":true,"href":"https:\/\/wiy.com.br\/noticias\/wp-json\/wp\/v2\/media\/29927"}],"wp:attachment":[{"href":"https:\/\/wiy.com.br\/noticias\/wp-json\/wp\/v2\/media?parent=29926"}],"wp:term":[{"taxonomy":"category","embeddable":true,"href":"https:\/\/wiy.com.br\/noticias\/wp-json\/wp\/v2\/categories?post=29926"},{"taxonomy":"post_tag","embeddable":true,"href":"https:\/\/wiy.com.br\/noticias\/wp-json\/wp\/v2\/tags?post=29926"}],"curies":[{"name":"wp","href":"https:\/\/api.w.org\/{rel}","templated":true}]}}