{"id":29803,"date":"2023-02-26T15:22:31","date_gmt":"2023-02-26T18:22:31","guid":{"rendered":"https:\/\/wiy.com.br\/noticias\/cuidadora-que-ajudou-idosos-a-serem-resgatados-no-hospital-badim-esta-internada-com-intoxicacao\/"},"modified":"2019-09-14T02:09:29","modified_gmt":"2019-09-14T05:09:29","slug":"cuidadora-que-ajudou-idosos-a-serem-resgatados-no-hospital-badim-esta-internada-com-intoxicacao","status":"publish","type":"post","link":"https:\/\/wiy.com.br\/noticias\/cuidadora-que-ajudou-idosos-a-serem-resgatados-no-hospital-badim-esta-internada-com-intoxicacao\/","title":{"rendered":"Cuidadora que ajudou idosos a serem resgatados no Hospital Badim est\u00e1 internada com intoxica\u00e7\u00e3o"},"content":{"rendered":"<p> <br \/>\n<br \/>A cuidadora de idosos Marlene Alves, de 42 anos, acompanhava um paciente internado no terceiro andar do Hospital Badim, na Tijuca, quando o inc\u00eandio atingiu o pr\u00e9dio, na noite de quinta-feira. Assim que percebeu o cheiro de queimado, ap\u00f3s as luzes&#8230;<\/p>\n<p><a href=\"https:\/\/extra.globo.com\/noticias\/rio\/cuidadora-que-ajudou-idosos-serem-resgatados-no-hospital-badim-esta-internada-com-intoxicacao-23948148.html\">Leia mais<\/a><\/p>\n<p>\t\t\t\t\t\t\t\t\t\t\t<img title = \"[Tags]\"alt = \"84550277_ri-rio-de-janeiro-rj-12-09-2019-incendio-atinge-hospital-badim-na-tijuca-e-pacientes-sao-re Cuidadora que ajudou idosos a serem resgatados no Hospital Badim est\u00e1 internada com intoxica\u00e7\u00e3o\"decoding=\"async\" src=\"https:\/\/extra.globo.com\/incoming\/23948184-765-b1e\/w311h175-PROP\/84550277_ri-rio-de-janeiro-rj-12-09-2019-incendio-atinge-hospital-badim-na-tijuca-e-pacientes-sao-re.jpg\" \/><br \/>\n<br \/><br \/>\n<br \/><a href=\"https:\/\/extra.globo.com\/noticias\/rio\/cuidadora-que-ajudou-idosos-serem-resgatados-no-hospital-badim-esta-internada-com-intoxicacao-23948148.html\">Fonte do Artigo <\/a><br \/>\nTags:<br \/>\n#noticia #n #noticias #venezuela #o #instagram #cicpc #policia #ultimahora #seguridad #informaci #portuseguridad #paz #urgente #tudenunciaeslapazdetodos #atenci #policiacientifica #criminalisticacicpc #criminalistica #not #douglasrico #eficienciaonada #gobiernodecalle #brasil #sucesos #jornalismo #informa #news #a<\/p>\n","protected":false},"excerpt":{"rendered":"<p>A cuidadora de idosos Marlene Alves, de 42 anos, acompanhava um paciente internado no terceiro andar do Hospital Badim, na Tijuca, quando o inc\u00eandio atingiu o pr\u00e9dio, na noite de quinta-feira. Assim que percebeu o cheiro de queimado, ap\u00f3s as luzes&#8230; Leia mais Fonte do Artigo Tags: #noticia #n #noticias #venezuela #o #instagram #cicpc #policia [&hellip;]<\/p>\n","protected":false},"author":1,"featured_media":29804,"comment_status":"open","ping_status":"open","sticky":false,"template":"","format":"standard","meta":{"footnotes":""},"categories":[337],"tags":[],"class_list":["post-29803","post","type-post","status-publish","format-standard","has-post-thumbnail","hentry","category-noticias"],"_links":{"self":[{"href":"https:\/\/wiy.com.br\/noticias\/wp-json\/wp\/v2\/posts\/29803","targetHints":{"allow":["GET"]}}],"collection":[{"href":"https:\/\/wiy.com.br\/noticias\/wp-json\/wp\/v2\/posts"}],"about":[{"href":"https:\/\/wiy.com.br\/noticias\/wp-json\/wp\/v2\/types\/post"}],"author":[{"embeddable":true,"href":"https:\/\/wiy.com.br\/noticias\/wp-json\/wp\/v2\/users\/1"}],"replies":[{"embeddable":true,"href":"https:\/\/wiy.com.br\/noticias\/wp-json\/wp\/v2\/comments?post=29803"}],"version-history":[{"count":0,"href":"https:\/\/wiy.com.br\/noticias\/wp-json\/wp\/v2\/posts\/29803\/revisions"}],"wp:featuredmedia":[{"embeddable":true,"href":"https:\/\/wiy.com.br\/noticias\/wp-json\/wp\/v2\/media\/29804"}],"wp:attachment":[{"href":"https:\/\/wiy.com.br\/noticias\/wp-json\/wp\/v2\/media?parent=29803"}],"wp:term":[{"taxonomy":"category","embeddable":true,"href":"https:\/\/wiy.com.br\/noticias\/wp-json\/wp\/v2\/categories?post=29803"},{"taxonomy":"post_tag","embeddable":true,"href":"https:\/\/wiy.com.br\/noticias\/wp-json\/wp\/v2\/tags?post=29803"}],"curies":[{"name":"wp","href":"https:\/\/api.w.org\/{rel}","templated":true}]}}