{"id":29778,"date":"2023-02-26T15:49:44","date_gmt":"2023-02-26T18:49:44","guid":{"rendered":"https:\/\/wiy.com.br\/noticias\/mourao-quer-prorrogacao-do-prazo-das-operacoes-na-amazonia\/"},"modified":"2019-09-13T21:44:12","modified_gmt":"2019-09-14T00:44:12","slug":"mourao-quer-prorrogacao-do-prazo-das-operacoes-na-amazonia","status":"publish","type":"post","link":"https:\/\/wiy.com.br\/noticias\/mourao-quer-prorrogacao-do-prazo-das-operacoes-na-amazonia\/","title":{"rendered":"Mour\u00e3o quer prorroga\u00e7\u00e3o do prazo das opera\u00e7\u00f5es na Amaz\u00f4nia"},"content":{"rendered":"<p> <br \/>\n<\/p>\n<p>O presidente em exerc\u00edcio, <strong><a href=\"https:\/\/exame.abril.com.br\/noticias-sobre\/general-hamilton-mourao\/\">Hamilton Mour\u00e3o<\/a><\/strong>, afirmou nesta sexta-feira, 13, que ele e o ministro da Defesa, Fernando Azevedo e Silva, pretendem pedir ao presidente <strong><a href=\"https:\/\/exame.abril.com.br\/noticias-sobre\/jair-bolsonaro\">Jair Bolsonaro<\/a><\/strong> a prorroga\u00e7\u00e3o das opera\u00e7\u00f5es de combate aos inc\u00eandios na <strong><a href=\"https:\/\/exame.abril.com.br\/noticias-sobre\/amazonia\">Amaz\u00f4nia<\/a><\/strong> que est\u00e3o sendo desenvolvidos pelas For\u00e7as Armadas. Um decreto do final de agosto autorizou o uso das tropas at\u00e9 24 de setembro. Mour\u00e3o e Silva se reuniram na tarde desta ter\u00e7a-feira, 13.<\/p>\n<p>&#8220;O ministro me apresentou os resultados das opera\u00e7\u00f5es de combate \u00e0s queimadas que est\u00e3o bem eficientes&#8221;, disse. De acordo com ele j\u00e1 foram aplicadas cerca de R$ 25 milh\u00f5es em multas e mais de 12 mil metros c\u00fabicos de madeira foram apreendidos. Tamb\u00e9m foram apreendidos embarca\u00e7\u00f5es, ve\u00edculos e outros objetos que estavam sendo usados ilegalmente na regi\u00e3o.<\/p>\n<p>Mour\u00e3o afirmou que 350 focos de inc\u00eandio j\u00e1 foram combatidos e tamb\u00e9m 350 voos foram realizados para lan\u00e7ar l\u00edquidos sobre o fogo para tentar apag\u00e1-lo. As a\u00e7\u00f5es est\u00e3o sendo desenvolvidas nas duas \u00e1reas mais atingidas por inc\u00eandios: sul do Amazonas e sul do Par\u00e1.<\/p>\n<div class=\"widget-news widget-box no-margin no-border\"><span class=\"widget-news-title content-box-title\">Veja tamb\u00e9m<\/span><\/p>\n<ul class=\"widget-news-list\">\n<li class=\"widget-news-item without-thumb with-border\">\n<div class=\"widget-news-info\"><a href=\"http:\/\/exame.abril.com.br\/brasil\">BRASIL<\/a><span class=\"widget-news-item-title\"><a href=\"https:\/\/exame.abril.com.br\/brasil\/maioria-das-criticas-a-politica-ambiental-e-barulho-diz-guedes\/\">Maioria das cr\u00edticas \u00e0 pol\u00edtica ambiental \u00e9 &#8220;barulho&#8221;, diz Guedes<\/a><\/span><span class=\"widget-news-item-date\">13 set 2019 &#8211; 21h09<\/span><\/div>\n<\/li>\n<\/ul>\n<\/div>\n<p>De acordo com o presidente em exerc\u00edcio, o ministro da Defesa lhe relatou a diminui\u00e7\u00e3o de focos de inc\u00eandio e mostrou fotos a\u00e9reas. &#8220;Ele me mostrou fotos de ontem com a diminui\u00e7\u00e3o bem acentuada. \u00d3bvio que existem focos de calor ali que aparecem nas fotos de sat\u00e9lite mas s\u00e3o oriundos da presen\u00e7a de cidades&#8221;, disse.<\/p>\n<p>Em rela\u00e7\u00e3o \u00e0s \u00e1reas de Cerrado que tamb\u00e9m est\u00e3o sendo atingidas por grandes inc\u00eandios, Mour\u00e3o afirmou que \u00e9 preciso ainda esperar um eventual pedido do governo do Mato Grosso. &#8220;O problema \u00e9 o custo. Essa opera\u00e7\u00e3o n\u00e3o \u00e9 barata. Ela custa R$ 1,5 milh\u00e3o por dia por causa do uso de avi\u00f5es&#8221;, explicou.<\/p>\n<p><br \/>\n<br \/><a href=\"https:\/\/exame.abril.com.br\/brasil\/mourao-quer-prorrogacao-do-prazo-das-operacoes-na-amazonia\/\">Fonte do artigo <\/a><br \/>\nTags:<br \/>\n#politica #political #negocios #business #marketingdigital #empreendedorismo #marketing #emprendedores #empreender #sucesso #empresas #emprendimiento #emprendedor #empreendedor #emprender #dinheiro #dinero #empresario #vendas #liderazgo #motivacion #foco #motivacao #negocio #brasil<\/p>\n","protected":false},"excerpt":{"rendered":"<p>O presidente em exerc\u00edcio, Hamilton Mour\u00e3o, afirmou nesta sexta-feira, 13, que ele e o ministro da Defesa, Fernando Azevedo e Silva, pretendem pedir ao presidente Jair Bolsonaro a prorroga\u00e7\u00e3o das opera\u00e7\u00f5es de combate aos inc\u00eandios na Amaz\u00f4nia que est\u00e3o sendo desenvolvidos pelas For\u00e7as Armadas. Um decreto do final de agosto autorizou o uso das tropas [&hellip;]<\/p>\n","protected":false},"author":1,"featured_media":29779,"comment_status":"open","ping_status":"open","sticky":false,"template":"","format":"standard","meta":{"footnotes":""},"categories":[1],"tags":[],"class_list":["post-29778","post","type-post","status-publish","format-standard","has-post-thumbnail","hentry","category-curso-de-copy"],"_links":{"self":[{"href":"https:\/\/wiy.com.br\/noticias\/wp-json\/wp\/v2\/posts\/29778","targetHints":{"allow":["GET"]}}],"collection":[{"href":"https:\/\/wiy.com.br\/noticias\/wp-json\/wp\/v2\/posts"}],"about":[{"href":"https:\/\/wiy.com.br\/noticias\/wp-json\/wp\/v2\/types\/post"}],"author":[{"embeddable":true,"href":"https:\/\/wiy.com.br\/noticias\/wp-json\/wp\/v2\/users\/1"}],"replies":[{"embeddable":true,"href":"https:\/\/wiy.com.br\/noticias\/wp-json\/wp\/v2\/comments?post=29778"}],"version-history":[{"count":0,"href":"https:\/\/wiy.com.br\/noticias\/wp-json\/wp\/v2\/posts\/29778\/revisions"}],"wp:featuredmedia":[{"embeddable":true,"href":"https:\/\/wiy.com.br\/noticias\/wp-json\/wp\/v2\/media\/29779"}],"wp:attachment":[{"href":"https:\/\/wiy.com.br\/noticias\/wp-json\/wp\/v2\/media?parent=29778"}],"wp:term":[{"taxonomy":"category","embeddable":true,"href":"https:\/\/wiy.com.br\/noticias\/wp-json\/wp\/v2\/categories?post=29778"},{"taxonomy":"post_tag","embeddable":true,"href":"https:\/\/wiy.com.br\/noticias\/wp-json\/wp\/v2\/tags?post=29778"}],"curies":[{"name":"wp","href":"https:\/\/api.w.org\/{rel}","templated":true}]}}