{"id":29647,"date":"2023-02-26T15:04:48","date_gmt":"2023-02-26T18:04:48","guid":{"rendered":"https:\/\/wiy.com.br\/noticias\/sergio-almeida-lanca-livro-com-momentos-marcantes-do-vasco-em-cada-data-do-ano\/"},"modified":"2019-09-13T03:41:15","modified_gmt":"2019-09-13T06:41:15","slug":"sergio-almeida-lanca-livro-com-momentos-marcantes-do-vasco-em-cada-data-do-ano","status":"publish","type":"post","link":"https:\/\/wiy.com.br\/noticias\/sergio-almeida-lanca-livro-com-momentos-marcantes-do-vasco-em-cada-data-do-ano\/","title":{"rendered":"Sergio Almeida lan\u00e7a livro com momentos marcantes do Vasco em cada data do ano"},"content":{"rendered":"<p> <br \/>\n<br \/>Com 121 anos, a hist\u00f3ria do Vasco \u00e9 recheada de gl\u00f3rias. Seria poss\u00edvel, no entanto, contar uma passagem marcante na exist\u00eancia do clube em cada um dos dias do ano? O escritor e publicit\u00e1rio Sergio Almeida, autor de outro livro sobre o Cruz-Maltino&#8230;<\/p>\n<p><a href=\"https:\/\/extra.globo.com\/esporte\/vasco\/sergio-almeida-lanca-livro-com-momentos-marcantes-do-vasco-em-cada-data-do-ano-23945075.html\">Leia mais<\/a><\/p>\n<p>\t\t\t\t\t\t\t\t\t\t\t<img title = \"[Tags]\"alt = \"84548741_ri-rio-de-janeiro-rj-12-09-2019livro-hoje-e-dia-de-vasco.-foto-hermes-de-paulaage Sergio Almeida lan\u00e7a livro com momentos marcantes do Vasco em cada data do ano\"decoding=\"async\" src=\"https:\/\/extra.globo.com\/incoming\/23945102-5e3-f39\/w311h175-PROP\/84548741_ri-rio-de-janeiro-rj-12-09-2019livro-hoje-e-dia-de-vasco.-foto-hermes-de-paulaage.jpg\" \/><br \/>\n<br \/><br \/>\n<br \/><a href=\"https:\/\/extra.globo.com\/esporte\/vasco\/sergio-almeida-lanca-livro-com-momentos-marcantes-do-vasco-em-cada-data-do-ano-23945075.html\">Fonte do Artigo <\/a><br \/>\nTags:<br \/>\n#noticia #n #noticias #venezuela #o #instagram #cicpc #policia #ultimahora #seguridad #informaci #portuseguridad #paz #urgente #tudenunciaeslapazdetodos #atenci #policiacientifica #criminalisticacicpc #criminalistica #not #douglasrico #eficienciaonada #gobiernodecalle #brasil #sucesos #jornalismo #informa #news #a<\/p>\n","protected":false},"excerpt":{"rendered":"<p>Com 121 anos, a hist\u00f3ria do Vasco \u00e9 recheada de gl\u00f3rias. Seria poss\u00edvel, no entanto, contar uma passagem marcante na exist\u00eancia do clube em cada um dos dias do ano? O escritor e publicit\u00e1rio Sergio Almeida, autor de outro livro sobre o Cruz-Maltino&#8230; Leia mais Fonte do Artigo Tags: #noticia #n #noticias #venezuela #o #instagram [&hellip;]<\/p>\n","protected":false},"author":1,"featured_media":29648,"comment_status":"open","ping_status":"open","sticky":false,"template":"","format":"standard","meta":{"footnotes":""},"categories":[337],"tags":[],"class_list":["post-29647","post","type-post","status-publish","format-standard","has-post-thumbnail","hentry","category-noticias"],"_links":{"self":[{"href":"https:\/\/wiy.com.br\/noticias\/wp-json\/wp\/v2\/posts\/29647","targetHints":{"allow":["GET"]}}],"collection":[{"href":"https:\/\/wiy.com.br\/noticias\/wp-json\/wp\/v2\/posts"}],"about":[{"href":"https:\/\/wiy.com.br\/noticias\/wp-json\/wp\/v2\/types\/post"}],"author":[{"embeddable":true,"href":"https:\/\/wiy.com.br\/noticias\/wp-json\/wp\/v2\/users\/1"}],"replies":[{"embeddable":true,"href":"https:\/\/wiy.com.br\/noticias\/wp-json\/wp\/v2\/comments?post=29647"}],"version-history":[{"count":0,"href":"https:\/\/wiy.com.br\/noticias\/wp-json\/wp\/v2\/posts\/29647\/revisions"}],"wp:featuredmedia":[{"embeddable":true,"href":"https:\/\/wiy.com.br\/noticias\/wp-json\/wp\/v2\/media\/29648"}],"wp:attachment":[{"href":"https:\/\/wiy.com.br\/noticias\/wp-json\/wp\/v2\/media?parent=29647"}],"wp:term":[{"taxonomy":"category","embeddable":true,"href":"https:\/\/wiy.com.br\/noticias\/wp-json\/wp\/v2\/categories?post=29647"},{"taxonomy":"post_tag","embeddable":true,"href":"https:\/\/wiy.com.br\/noticias\/wp-json\/wp\/v2\/tags?post=29647"}],"curies":[{"name":"wp","href":"https:\/\/api.w.org\/{rel}","templated":true}]}}