{"id":29621,"date":"2023-02-26T15:11:44","date_gmt":"2023-02-26T18:11:44","guid":{"rendered":"https:\/\/wiy.com.br\/noticias\/incendio-atinge-hospital-na-zona-norte-do-rio-de-janeiro\/"},"modified":"2019-09-12T22:19:12","modified_gmt":"2019-09-13T01:19:12","slug":"incendio-atinge-hospital-na-zona-norte-do-rio-de-janeiro","status":"publish","type":"post","link":"https:\/\/wiy.com.br\/noticias\/incendio-atinge-hospital-na-zona-norte-do-rio-de-janeiro\/","title":{"rendered":"Inc\u00eandio atinge hospital na zona norte do Rio de Janeiro"},"content":{"rendered":"<p> <br \/>\n<\/p>\n<p>Um <strong><a href=\"https:\/\/exame.abril.com.br\/noticias-sobre\/incendios\/\">inc\u00eandio<\/a><\/strong> de grandes propor\u00e7\u00f5es atingiu na noite desta quinta-feira (12) o Hospital Badim, da <strong><a href=\"https:\/\/exame.abril.com.br\/noticias-sobre\/rede-dor-sao-luiz\">Rede d&#8217;Or<\/a><\/strong>, localizado na Rua S\u00e3o Francisco Xavier, no bairro do Maracan\u00e3, na zona norte do Rio. O fogo come\u00e7ou com um curto circuito no Pr\u00e9dio 1 do hospital, o mais antigo do complexo, espalhando fuma\u00e7a por todos os andares do pr\u00e9dio. Todos os pacientes do Centro de Tratamento Intensivo (CTI) j\u00e1 foram retirados e est\u00e3o recebendo os primeiros atendimentos na Rua Arthur Menezes, que faz esquina com a Rua S\u00e3o Francisco Xavier.<\/p>\n<p>Neste momento, os pacientes do CTI 2, que tem 20 leitos, tamb\u00e9m est\u00e3o sendo retirados do pr\u00e9dio. A fuma\u00e7a tomou conta dos dois pr\u00e9dios e isso dificultou o trabalho de retirada dos pacientes pelo corpo cl\u00ednico, devido ao forte cheiro de fuma\u00e7a.<\/p>\n<p>A dire\u00e7\u00e3o do Hospital Badim informou que a equipe est\u00e1 empenhada em prestar os socorros necess\u00e1rios aos pacientes, que est\u00e3o sendo transferidos para o Hospital Israelita Albert Sabin, na Tijuca, tamb\u00e9m na zona norte, e para os hospitais da Rede d&#8217;Or, do qual o Badim \u00e9 associado.<\/p>\n<p>Devido \u00e0 grande quantidade de fuma\u00e7a, os primeiros atendimentos s\u00e3o feitos na rua e tamb\u00e9m em uma creche que fica ao lado do hospital. Os bombeiros dos quart\u00e9is do Maracan\u00e3 e da Tijuca est\u00e3o prestando socorro \u00e0s v\u00edtimas e trabalhando no combate ao fogo.<\/p>\n<p>As ruas S\u00e3o Francisco Xavier e Artur Menezes est\u00e3o interditadas ao tr\u00e1fego de ve\u00edculos para que as equipes de socorro possam trabalhar com mais rapidez.<\/p>\n<p>Recentemente, a Rede d&#8217;Or inaugurou um pr\u00e9dio mais sofisticado do Hospital Badim, que fica ao lado do pr\u00e9dio antigo, com modernas instala\u00e7\u00f5es e equipamentos de \u00faltima gera\u00e7\u00e3o. V\u00e1rias ambul\u00e2ncias de outros hospitais da Rede d&#8217;Or se deslocaram para a Tijuca para auxiliar na transfer\u00eancia dos pacientes mais graves internados no Badim.<\/p>\n<p>As equipes do Corpo de Bombeiros ainda n\u00e3o conseguiram controlar o inc\u00eandio, que come\u00e7ou pouco depois das 18h30.<\/p>\n<p><br \/>\n<br \/><a href=\"https:\/\/exame.abril.com.br\/brasil\/incendio-atinge-hospital-na-zona-norte-do-rio-2\/\">Fonte do artigo <\/a><br \/>\nTags:<br \/>\n#politica #political #negocios #business #marketingdigital #empreendedorismo #marketing #emprendedores #empreender #sucesso #empresas #emprendimiento #emprendedor #empreendedor #emprender #dinheiro #dinero #empresario #vendas #liderazgo #motivacion #foco #motivacao #negocio #brasil<\/p>\n","protected":false},"excerpt":{"rendered":"<p>Um inc\u00eandio de grandes propor\u00e7\u00f5es atingiu na noite desta quinta-feira (12) o Hospital Badim, da Rede d&#8217;Or, localizado na Rua S\u00e3o Francisco Xavier, no bairro do Maracan\u00e3, na zona norte do Rio. O fogo come\u00e7ou com um curto circuito no Pr\u00e9dio 1 do hospital, o mais antigo do complexo, espalhando fuma\u00e7a por todos os andares [&hellip;]<\/p>\n","protected":false},"author":1,"featured_media":29622,"comment_status":"open","ping_status":"open","sticky":false,"template":"","format":"standard","meta":{"footnotes":""},"categories":[1],"tags":[],"class_list":["post-29621","post","type-post","status-publish","format-standard","has-post-thumbnail","hentry","category-curso-de-copy"],"_links":{"self":[{"href":"https:\/\/wiy.com.br\/noticias\/wp-json\/wp\/v2\/posts\/29621","targetHints":{"allow":["GET"]}}],"collection":[{"href":"https:\/\/wiy.com.br\/noticias\/wp-json\/wp\/v2\/posts"}],"about":[{"href":"https:\/\/wiy.com.br\/noticias\/wp-json\/wp\/v2\/types\/post"}],"author":[{"embeddable":true,"href":"https:\/\/wiy.com.br\/noticias\/wp-json\/wp\/v2\/users\/1"}],"replies":[{"embeddable":true,"href":"https:\/\/wiy.com.br\/noticias\/wp-json\/wp\/v2\/comments?post=29621"}],"version-history":[{"count":0,"href":"https:\/\/wiy.com.br\/noticias\/wp-json\/wp\/v2\/posts\/29621\/revisions"}],"wp:featuredmedia":[{"embeddable":true,"href":"https:\/\/wiy.com.br\/noticias\/wp-json\/wp\/v2\/media\/29622"}],"wp:attachment":[{"href":"https:\/\/wiy.com.br\/noticias\/wp-json\/wp\/v2\/media?parent=29621"}],"wp:term":[{"taxonomy":"category","embeddable":true,"href":"https:\/\/wiy.com.br\/noticias\/wp-json\/wp\/v2\/categories?post=29621"},{"taxonomy":"post_tag","embeddable":true,"href":"https:\/\/wiy.com.br\/noticias\/wp-json\/wp\/v2\/tags?post=29621"}],"curies":[{"name":"wp","href":"https:\/\/api.w.org\/{rel}","templated":true}]}}