{"id":29583,"date":"2023-02-26T15:47:32","date_gmt":"2023-02-26T18:47:32","guid":{"rendered":"https:\/\/wiy.com.br\/noticias\/uber-e-processada-por-resistencia-a-lei-que-obriga-registro-de-motoristas\/"},"modified":"2019-09-12T17:12:10","modified_gmt":"2019-09-12T20:12:10","slug":"uber-e-processada-por-resistencia-a-lei-que-obriga-registro-de-motoristas","status":"publish","type":"post","link":"https:\/\/wiy.com.br\/noticias\/uber-e-processada-por-resistencia-a-lei-que-obriga-registro-de-motoristas\/","title":{"rendered":"Uber \u00e9 processada por resist\u00eancia \u00e0 lei que obriga registro de motoristas"},"content":{"rendered":"<p> <br \/>\n<\/p>\n<p>Nova York \u2014 Uma motorista da <strong><a href=\"https:\/\/exame.abril.com.br\/noticias-sobre\/uber\/\">Uber<\/a><\/strong> processou a empresa por classificar seus motoristas como trabalhadores independentes, horas depois que parlamentares da <strong><a href=\"https:\/\/exame.abril.com.br\/noticias-sobre\/california\">Calif\u00f3rnia<\/a><\/strong> votaram para ajudar milhares desses trabalhadores a se tornarem empregados e terem direitos a benef\u00edcios.<\/p>\n<p>A a\u00e7\u00e3o coletiva registrada na quarta-feira pela motorista Angela McRay parece ser a primeira desde que o Senado da Calif\u00f3rnia aprovou uma lei que poderia afetar trabalhadores de muitos setores, al\u00e9m dos de empresas de transporte como a Uber.<\/p>\n<p>O governador Gavin Newsom apoia a lei proposta, que entrar\u00e1 em vigor em 1\u00ba de janeiro, embora possa sofrer altera\u00e7\u00f5es antes de chegar \u00e0s suas m\u00e3os.<\/p>\n<p>McRay, moradora de Pittsburg, Calif\u00f3rnia, que disse que dirige para a Uber desde novembro de 2016, culpa a empresa por &#8220;ter declarado publicamente que pretende desafiar esse estatuto&#8221;, continuando a tratar os motoristas como contratados independentes.<\/p>\n<p>&#8220;Esse cont\u00ednuo desafio \u00e0 lei constitui uma viola\u00e7\u00e3o intencional da lei da Calif\u00f3rnia&#8221;, afirma o processo. McRay est\u00e1 buscando indeniza\u00e7\u00f5es para os motoristas da Uber na Calif\u00f3rnia e uma liminar que exige conformidade da empresa.<\/p>\n<div class=\"widget-news widget-box no-margin no-border\"><span class=\"widget-news-title content-box-title\">Veja tamb\u00e9m<\/span><\/p>\n<ul class=\"widget-news-list\">\n<li class=\"widget-news-item without-thumb with-border\">\n<div class=\"widget-news-info\"><a href=\"http:\/\/exame.abril.com.br\/tecnologia\">TECNOLOGIA<\/a><span class=\"widget-news-item-title\"><a href=\"https:\/\/exame.abril.com.br\/tecnologia\/nova-lei-na-california-obrigara-uber-a-contratar-funcionarios-regulares\/\">Nova lei na Calif\u00f3rnia obrigar\u00e1 Uber a contratar como funcion\u00e1rios<\/a><\/span><span class=\"widget-news-item-date\">11 set 2019 &#8211; 19h09<\/span><\/div>\n<\/li>\n<\/ul>\n<\/div>\n<p>Um porta-voz da Uber disse nesta quinta-feira: &#8220;Sob a lei, o teste de classifica\u00e7\u00e3o agora seria diferente na Calif\u00f3rnia, mas isso n\u00e3o significa que n\u00e3o vamos passar no teste.&#8221;<\/p>\n<p>O vice-presidente jur\u00eddico da Uber, Tony West, disse na quarta-feira que a lei n\u00e3o reclassificou automaticamente os motoristas, mas a Uber poderia &#8220;passar no teste mais dif\u00edcil para a satisfa\u00e7\u00e3o de \u00e1rbitros e tribunais&#8221;.<\/p>\n<p>Em mar\u00e7o, a Uber concordou em pagar 20 milh\u00f5es de d\u00f3lares para resolver uma a\u00e7\u00e3o de quase seis anos registrada por motoristas da Calif\u00f3rnia e de Massachusetts sobre suas classifica\u00e7\u00f5es de trabalhadores independentes.<\/p>\n<p>#noticias #economia #sustentabilidade #dinheiro #economia<br \/>\n<br \/><br \/>\n<br \/><a href=\"https:\/\/exame.abril.com.br\/negocios\/uber-e-processada-por-resistencia-a-lei-que-obriga-registro-de-motoristas\/\">Fonte do Artigo <\/a><br \/>\nTags:<br \/>\n#noticias #economia #sustentabilidade #dinheiro #economia #energialimpa #brasil #tecnologia #meioambiente #engenharia #empreendedorismo #energia  #energiasolar #politica #energiasolarfotovoltaica #supermercado #solar #sucesso #financas #finanzas #qualidade #educa #bolsonaro #fotovoltaica #vendas #noticias24<\/p>\n","protected":false},"excerpt":{"rendered":"<p>Nova York \u2014 Uma motorista da Uber processou a empresa por classificar seus motoristas como trabalhadores independentes, horas depois que parlamentares da Calif\u00f3rnia votaram para ajudar milhares desses trabalhadores a se tornarem empregados e terem direitos a benef\u00edcios. A a\u00e7\u00e3o coletiva registrada na quarta-feira pela motorista Angela McRay parece ser a primeira desde que o [&hellip;]<\/p>\n","protected":false},"author":1,"featured_media":25480,"comment_status":"open","ping_status":"open","sticky":false,"template":"","format":"standard","meta":{"footnotes":""},"categories":[1,339],"tags":[],"class_list":["post-29583","post","type-post","status-publish","format-standard","has-post-thumbnail","hentry","category-curso-de-copy","category-negocios"],"_links":{"self":[{"href":"https:\/\/wiy.com.br\/noticias\/wp-json\/wp\/v2\/posts\/29583","targetHints":{"allow":["GET"]}}],"collection":[{"href":"https:\/\/wiy.com.br\/noticias\/wp-json\/wp\/v2\/posts"}],"about":[{"href":"https:\/\/wiy.com.br\/noticias\/wp-json\/wp\/v2\/types\/post"}],"author":[{"embeddable":true,"href":"https:\/\/wiy.com.br\/noticias\/wp-json\/wp\/v2\/users\/1"}],"replies":[{"embeddable":true,"href":"https:\/\/wiy.com.br\/noticias\/wp-json\/wp\/v2\/comments?post=29583"}],"version-history":[{"count":0,"href":"https:\/\/wiy.com.br\/noticias\/wp-json\/wp\/v2\/posts\/29583\/revisions"}],"wp:featuredmedia":[{"embeddable":true,"href":"https:\/\/wiy.com.br\/noticias\/wp-json\/wp\/v2\/media\/25480"}],"wp:attachment":[{"href":"https:\/\/wiy.com.br\/noticias\/wp-json\/wp\/v2\/media?parent=29583"}],"wp:term":[{"taxonomy":"category","embeddable":true,"href":"https:\/\/wiy.com.br\/noticias\/wp-json\/wp\/v2\/categories?post=29583"},{"taxonomy":"post_tag","embeddable":true,"href":"https:\/\/wiy.com.br\/noticias\/wp-json\/wp\/v2\/tags?post=29583"}],"curies":[{"name":"wp","href":"https:\/\/api.w.org\/{rel}","templated":true}]}}