{"id":29576,"date":"2023-02-26T15:00:13","date_gmt":"2023-02-26T18:00:13","guid":{"rendered":"https:\/\/wiy.com.br\/noticias\/o-brasil-e-uma-garagem-de-inovacao-diz-thomas-kriese\/"},"modified":"2019-09-12T16:11:04","modified_gmt":"2019-09-12T19:11:04","slug":"o-brasil-e-uma-garagem-de-inovacao-diz-thomas-kriese","status":"publish","type":"post","link":"https:\/\/wiy.com.br\/noticias\/o-brasil-e-uma-garagem-de-inovacao-diz-thomas-kriese\/","title":{"rendered":"\u201cO Brasil \u00e9 uma garagem de inova\u00e7\u00e3o\u201d, diz\u00a0Thomas Kriese\u00a0\u00a0"},"content":{"rendered":"<p> <br \/>\n<\/p>\n<p><span>S\u00e3o Paulo &#8212; A <a href=\"https:\/\/exame.abril.com.br\/tecnologia\/veja-como-e-o-primeiro-dia-de-aula-na-singularity-university\/\">Singularity University<\/a> (SU), uma nada tradicional universidade do <a href=\"https:\/\/exame.abril.com.br\/noticias-sobre\/vale-do-silicio\/\">Vale do Sil\u00edcio<\/a> surgida em 2009 sem cursos de gradua\u00e7\u00e3o ou p\u00f3s-gradua\u00e7\u00e3o e sem diplomas com validade acad\u00eamica, acaba de chegar ao Brasil em parceria com a HSM. O objetivo \u00e9 atrair mais empres\u00e1rios e executivos interessados em saber como as tecnologias dever\u00e3o impactar o futuro. O projeto faz parte de um \u201cecossistema de expans\u00e3o\u201d e desde 2005 conta com Thomas Kriese como vice-presidente da \u00e1rea. Em sua mais recente vinda ao Brasil, no evento Exponential Finance Brazil, o executivo contou com exclusividade a EXAME os planos de crescimento no pa\u00eds e ao redor do mundo.\u00a0<\/span><\/p>\n<p><span><strong>EXAME<\/strong> &#8211; <\/span><span>Qual a import\u00e2ncia de iniciar um programa acad\u00eamico da Singularity University no Brasil?<\/span><\/p>\n<p><span><b>Thomas Kriese <\/b>&#8211;<\/span><span> <\/span><span>A SingularityU tem os brasileiros como grandes interessados nos programas desde sua a funda\u00e7\u00e3o em 2009. S\u00e3o os brasileiros o maior p\u00fablico que temos fora dos Estados Unidos. Ent\u00e3o, em nosso plano de expans\u00e3o, n\u00e3o pod\u00edamos deixar de fortalecer essa parceria. Uma das coisas mais importantes que aprendi recentemente \u00e9 que n\u00f3s precisamos traduzir o conte\u00fado da SU para o portugu\u00eas com o objetivo de alcan\u00e7ar inova\u00e7\u00f5es que n\u00e3o estavam ao nosso alcance por uma barreira lingu\u00edstica.\u00a0<\/span><\/p>\n<p><span><strong>EXAME<\/strong> &#8211; <\/span><span>Qual o tamanho da comunidade brasileira na SU?\u00a0<\/span><\/p>\n<p><span><b>Thomas Kriese <\/b>&#8211; <\/span><span>Foram 600 brasileiros formados pela SingularityU no Vale do Sil\u00edcio. \u00c9 um pequeno grupo se pensarmos em quantas pessoas podemos capacitar ao romper um abismo de idioma e at\u00e9 financeiro, pensando em pessoas que podem ter seus cursos pagos por institui\u00e7\u00f5es, mas encontram dificuldades de ir ao Vale do Sil\u00edcio, por exemplo. O Brasil tem potencial para ter mais acesso a educa\u00e7\u00e3o e tecnologia e queremos fazer parte disto.\u00a0<\/span><\/p>\n<p><span><strong>EXAME<\/strong> &#8211; <\/span><span>Quando os programas come\u00e7am e como eles ser\u00e3o?\u00a0<\/span><\/p>\n<p><span>Thomas Kriese &#8211; <\/span><span>Planejamos come\u00e7ar as aulas no primeiro trimestre de 2020. Nossa parceria foi anunciada em junho passado e agora estamos finalizando a certifica\u00e7\u00e3o dos professores que trabalhar\u00e3o conosco.\u00a0<\/span><\/p>\n<p><span><strong>EXAME<\/strong> &#8211; <\/span><span>De que forma os professores s\u00e3o formados e certificados?\u00a0<\/span><\/p>\n<p><span><b>Thomas Kriese <\/b>&#8211; <\/span><span>Em outubro um time de forma\u00e7\u00e3o de equipe vem ao Brasil capacitar esses professores em tr\u00eas etapas. Na primeira semana h\u00e1 um pr\u00e9-treino online. Na semana seguinte eles v\u00e3o \u00e0 sala de aula e na terceira semana eles submetem seus portf\u00f3lios e testes para revis\u00e3o. Durante o treinamento s\u00e3o desenvolvidas a capacidades de contar hist\u00f3rias, a atua\u00e7\u00e3o em sala de aula, o otimismo e o impacto positivo para o futuro.\u00a0<\/span><span>O mais interessante \u00e9 que eles ganham permiss\u00e3o para trabalhar em qualquer unidade da SU no mundo. Semana passada tivemos uma certifica\u00e7\u00e3o na Austr\u00e1lia com o mesmo time e padr\u00e3o do Vale do Sil\u00edcio e n\u00e3o ser\u00e1 diferente aqui em outubro.\u00a0<\/span><\/p>\n<p><span><strong>EXAME<\/strong> &#8211; <\/span><span>Quem s\u00e3o esperados como alunos?\u00a0<\/span><\/p>\n<p><span><strong>Thomas Kriese<\/strong>\u00a0 &#8211; Nosso foco est\u00e1 em lideran\u00e7as seniores, com poder de decis\u00e3o para mudar suas organiza\u00e7\u00f5es. Temos olhado como a tecnologia tem se desenvolvido nos \u00faltimos anos e buscado pessoas que podem nos ajudar nos pr\u00f3ximos desenvolvimentos. N\u00e3o nos importa onde voc\u00ea est\u00e1 no mundo, mas sim que possa tomar decis\u00f5es a partir de uma mentalidade empreendedora comum no Vale do Sil\u00edcio.\u00a0<\/span><\/p>\n<p><span><strong>EXAME<\/strong> &#8211; <\/span><span>E que tipo de inova\u00e7\u00e3o pretendem construir no Brasil?\u00a0<\/span><\/p>\n<p><span><strong>Thomas Kriese<\/strong> &#8211; <\/span><span>O pre\u00e7o do kilowatts por hora da energia, por exemplo, pode diminuir muito com inova\u00e7\u00e3o. A partir da\u00ed \u00e9 poss\u00edvel oferecer qualidade de vida e sa\u00fade para a popula\u00e7\u00e3o e at\u00e9 mais inova\u00e7\u00f5es, como limpar \u00e1gua e torn\u00e1-la pot\u00e1vel. Tenho certeza de que no Brasil h\u00e1 muitos aplica\u00e7\u00f5es a serem testadas e resolvidas. Por isso, precisamos de um parceiro que possa nos ajudar a entender o melhor contexto local. Temos aqui oportunidades de desenvolvimento em alimenta\u00e7\u00e3o, energia e muito mais. A parceria tamb\u00e9m permite que oportunidades sejam compartilhadas ao redor do mundo.\u00a0<\/span><\/p>\n<p><span><strong>EXAME<\/strong> <\/span><span>&#8211; Como a expans\u00e3o global da SingularityU tem ocorrido?\u00a0<\/span><\/p>\n<p><span><strong>Thomas Kriese<\/strong> &#8211; N<\/span><span>o Brasil e Austr\u00e1lia as parcerias come\u00e7aram neste ano. Nossa inten\u00e7\u00e3o \u00e9 criar \u201cgaragens\u201d para al\u00e9m do vale do sil\u00edcio e o Brasil \u00e9 uma delas. S\u00f3 assim temos a oportunidade de entender como a inova\u00e7\u00e3o de fato tem ocorrido. Nos \u00faltimos anos tamb\u00e9m chegamos em importantes comunidades como Holanda, Gr\u00e9cia, Canad\u00e1 e \u00c1frica do Sul. <\/span><span>Estamos em oito regi\u00f5es ao redor do mundo. Nelas temos o que chamamos de \u201ccap\u00edtulos\u201d, <\/span><span>ou seja, <\/span><span>uma comunidade que trabalha de maneira colaborativa e conectada com a SingularityU. Atualmente, existem 142 cap\u00edtulos da em todo o mundo em 66 pa\u00edses que realizam regularmente eventos em suas cidades. Ano passado foram 25 desses encontros e neste ano, at\u00e9 agora, foram 19.<\/span><span> O Brasil \u00e9 uma das maiores comunidades.\u00a0<\/span><\/p>\n<p><span><strong>EXAME<\/strong> &#8211; <\/span><span>\u00a0O senhor pode me dar um exemplo de como essa comunidade atua?<\/span><\/p>\n<p><span><strong>Thomas Kriese<\/strong> &#8211;<\/span><span> <\/span><span>O Exponential Finance [ocorrido em S\u00e3o Paulo nos dias 10 e 11 de setembro] \u00e9 um exemplo. Participaram dele palestrantes internacionais da nossa plataforma, mas tamb\u00e9m agentes brasileiros que trabalharam n\u00e3o s\u00f3 como palestrantes, mas inclusive como empreendedores locais.\u00a0Outro exemplo \u00e9 uma ferramenta de realidade virtual testada pela a equipe brasileira junto a mais tr\u00eas outros pa\u00edses.<\/span><\/p>\n<p><span><strong>EXAME<\/strong> &#8211; <\/span><span>Os desafios de expans\u00e3o da SingularityU s\u00e3o hoje diferentes de quando o senhor assumiu o cargo em 2015?<\/span><\/p>\n<p><span><strong>Thomas Kriese<\/strong> &#8211; <\/span><span>Sou a primeira e \u00fanica pessoa a ocupar este cargo. Quando entrei t\u00ednhamos um pequeno n\u00famero de pessoas nas redes ao redor do mundo e a meta era justamente a expans\u00e3o. Penso que, nesses quatro anos, tenho a mesma meta, mas com uma vis\u00e3o mais ampla. Mais do que encontrar pessoas, adquirimos a no\u00e7\u00e3o de que<\/span><span> <\/span><span>estamos construindo desafios ao redor do mundo e, no meu trabalho, preciso oferecer suporte para que as pessoas se conectem e encontrem solu\u00e7\u00f5es.\u00a0<\/span><\/p>\n<p><span><strong>EXAME<\/strong> <\/span><span>&#8211; Tem o Brasil diferentes caracter\u00edsticas de neg\u00f3cios e expans\u00e3o quando comparado a outros pa\u00edses?<\/span><\/p>\n<p><span><strong>Thomas Kriese<\/strong> &#8211; <\/span><span>Os desafios e os contextos s\u00e3o diferentes, mas os interc\u00e2mbios\u00a0inspiram ideias independente da localiza\u00e7\u00e3o. A comunidade brasileira escolheu oito \u00e1reas de foco, sendo quatro priorit\u00e1rias: educa\u00e7\u00e3o, sa\u00fade, seguran\u00e7a p\u00fablica e infraestrutura. S\u00e3o elas as com muitos desafios e grandes possibilidades de solu\u00e7\u00f5es inovadoras que inspirem outras comunidades. Ao mesmo tempo h\u00e1 assuntos mais estruturados como agroneg\u00f3cio, energia e <em>fintechs<\/em>.\u00a0<\/span><\/p>\n<p><span><b>EXAME <\/b>&#8211; Como as pessoas podem participar da iniciativa brasileira e qual ser\u00e1 o investimento?\u00a0<\/span><\/p>\n<p><span><strong>Thomas Kriese<\/strong> &#8211; Ofereceremos o programa executivo e o <i>enterprise solutions,<\/i> programa customizado e que conta com tr\u00eas cursos: estrat\u00e9gia, lideran\u00e7a e inova\u00e7\u00e3o. O valor do programa executivo \u00e9 de aproximadamente 30 mil reais. O de solu\u00e7\u00f5es varia conforme a customiza\u00e7\u00e3o. Iremos avaliar e selecionar o perfil de inscritos de forma a ter uma turma diversa para que juntas essas pessoas pensem em solu\u00e7\u00f5es para diferentes setores econ\u00f4micos e sociais.\u00a0<\/span><\/p>\n<p>#noticias #economia #sustentabilidade #dinheiro #economia<br \/>\n<br \/><br \/>\n<br \/><a href=\"https:\/\/exame.abril.com.br\/negocios\/o-brasil-e-uma-garagem-de-inovacao-diz-thomas-kriese\/\">Fonte do Artigo <\/a><br \/>\nTags:<br \/>\n#noticias #economia #sustentabilidade #dinheiro #economia #energialimpa #brasil #tecnologia #meioambiente #engenharia #empreendedorismo #energia  #energiasolar #politica #energiasolarfotovoltaica #supermercado #solar #sucesso #financas #finanzas #qualidade #educa #bolsonaro #fotovoltaica #vendas #noticias24<\/p>\n","protected":false},"excerpt":{"rendered":"<p>S\u00e3o Paulo &#8212; A Singularity University (SU), uma nada tradicional universidade do Vale do Sil\u00edcio surgida em 2009 sem cursos de gradua\u00e7\u00e3o ou p\u00f3s-gradua\u00e7\u00e3o e sem diplomas com validade acad\u00eamica, acaba de chegar ao Brasil em parceria com a HSM. O objetivo \u00e9 atrair mais empres\u00e1rios e executivos interessados em saber como as tecnologias dever\u00e3o [&hellip;]<\/p>\n","protected":false},"author":1,"featured_media":29577,"comment_status":"open","ping_status":"open","sticky":false,"template":"","format":"standard","meta":{"footnotes":""},"categories":[1,339],"tags":[],"class_list":["post-29576","post","type-post","status-publish","format-standard","has-post-thumbnail","hentry","category-curso-de-copy","category-negocios"],"_links":{"self":[{"href":"https:\/\/wiy.com.br\/noticias\/wp-json\/wp\/v2\/posts\/29576","targetHints":{"allow":["GET"]}}],"collection":[{"href":"https:\/\/wiy.com.br\/noticias\/wp-json\/wp\/v2\/posts"}],"about":[{"href":"https:\/\/wiy.com.br\/noticias\/wp-json\/wp\/v2\/types\/post"}],"author":[{"embeddable":true,"href":"https:\/\/wiy.com.br\/noticias\/wp-json\/wp\/v2\/users\/1"}],"replies":[{"embeddable":true,"href":"https:\/\/wiy.com.br\/noticias\/wp-json\/wp\/v2\/comments?post=29576"}],"version-history":[{"count":0,"href":"https:\/\/wiy.com.br\/noticias\/wp-json\/wp\/v2\/posts\/29576\/revisions"}],"wp:featuredmedia":[{"embeddable":true,"href":"https:\/\/wiy.com.br\/noticias\/wp-json\/wp\/v2\/media\/29577"}],"wp:attachment":[{"href":"https:\/\/wiy.com.br\/noticias\/wp-json\/wp\/v2\/media?parent=29576"}],"wp:term":[{"taxonomy":"category","embeddable":true,"href":"https:\/\/wiy.com.br\/noticias\/wp-json\/wp\/v2\/categories?post=29576"},{"taxonomy":"post_tag","embeddable":true,"href":"https:\/\/wiy.com.br\/noticias\/wp-json\/wp\/v2\/tags?post=29576"}],"curies":[{"name":"wp","href":"https:\/\/api.w.org\/{rel}","templated":true}]}}