{"id":29550,"date":"2023-02-26T15:26:40","date_gmt":"2023-02-26T18:26:40","guid":{"rendered":"https:\/\/wiy.com.br\/noticias\/rinocerontes-negros-raros-sao-realocados-na-tanzania-em-plano-de-repovoamento\/"},"modified":"2019-09-12T12:25:10","modified_gmt":"2019-09-12T15:25:10","slug":"rinocerontes-negros-raros-sao-realocados-na-tanzania-em-plano-de-repovoamento","status":"publish","type":"post","link":"https:\/\/wiy.com.br\/noticias\/rinocerontes-negros-raros-sao-realocados-na-tanzania-em-plano-de-repovoamento\/","title":{"rendered":"Rinocerontes negros raros s\u00e3o realocados na Tanz\u00e2nia em plano de repovoamento"},"content":{"rendered":"<p> <br \/>\n<br \/>DAR ES SALAAM (Reuters) &#8211; A Tanz\u00e2nia levou de avi\u00e3o nove rinocerontes negros da \u00c1frica do Sul para o parque nacional de Serengeti, como parte dos esfor\u00e7os do pa\u00eds para restaurar sua popula\u00e7\u00e3o da esp\u00e9cie gravemente&#8230;<\/p>\n<p><a href=\"https:\/\/extra.globo.com\/noticias\/mundo\/rinocerontes-negros-raros-sao-realocados-na-tanzania-em-plano-de-repovoamento-23943348.html\">Leia mais<\/a><\/p>\n<p>\t\t\t\t\t\t\t\t\t\t\t<img title = \"[Tags]\"alt = \"extra-face-1 Rinocerontes negros raros s\u00e3o realocados na Tanz\u00e2nia em plano de repovoamento\"decoding=\"async\" src=\"https:\/\/extra.globo.com\/skins\/extra\/images\/extra-face-1.jpg\" \/><br \/>\n<br \/><br \/>\n<br \/><a href=\"https:\/\/extra.globo.com\/noticias\/mundo\/rinocerontes-negros-raros-sao-realocados-na-tanzania-em-plano-de-repovoamento-23943348.html\">Fonte do Artigo <\/a><br \/>\nTags:<br \/>\n#noticia #n #noticias #venezuela #o #instagram #cicpc #policia #ultimahora #seguridad #informaci #portuseguridad #paz #urgente #tudenunciaeslapazdetodos #atenci #policiacientifica #criminalisticacicpc #criminalistica #not #douglasrico #eficienciaonada #gobiernodecalle #brasil #sucesos #jornalismo #informa #news #a<\/p>\n","protected":false},"excerpt":{"rendered":"<p>DAR ES SALAAM (Reuters) &#8211; A Tanz\u00e2nia levou de avi\u00e3o nove rinocerontes negros da \u00c1frica do Sul para o parque nacional de Serengeti, como parte dos esfor\u00e7os do pa\u00eds para restaurar sua popula\u00e7\u00e3o da esp\u00e9cie gravemente&#8230; Leia mais Fonte do Artigo Tags: #noticia #n #noticias #venezuela #o #instagram #cicpc #policia #ultimahora #seguridad #informaci #portuseguridad #paz [&hellip;]<\/p>\n","protected":false},"author":1,"featured_media":27155,"comment_status":"open","ping_status":"open","sticky":false,"template":"","format":"standard","meta":{"footnotes":""},"categories":[337],"tags":[],"class_list":["post-29550","post","type-post","status-publish","format-standard","has-post-thumbnail","hentry","category-noticias"],"_links":{"self":[{"href":"https:\/\/wiy.com.br\/noticias\/wp-json\/wp\/v2\/posts\/29550","targetHints":{"allow":["GET"]}}],"collection":[{"href":"https:\/\/wiy.com.br\/noticias\/wp-json\/wp\/v2\/posts"}],"about":[{"href":"https:\/\/wiy.com.br\/noticias\/wp-json\/wp\/v2\/types\/post"}],"author":[{"embeddable":true,"href":"https:\/\/wiy.com.br\/noticias\/wp-json\/wp\/v2\/users\/1"}],"replies":[{"embeddable":true,"href":"https:\/\/wiy.com.br\/noticias\/wp-json\/wp\/v2\/comments?post=29550"}],"version-history":[{"count":0,"href":"https:\/\/wiy.com.br\/noticias\/wp-json\/wp\/v2\/posts\/29550\/revisions"}],"wp:featuredmedia":[{"embeddable":true,"href":"https:\/\/wiy.com.br\/noticias\/wp-json\/wp\/v2\/media\/27155"}],"wp:attachment":[{"href":"https:\/\/wiy.com.br\/noticias\/wp-json\/wp\/v2\/media?parent=29550"}],"wp:term":[{"taxonomy":"category","embeddable":true,"href":"https:\/\/wiy.com.br\/noticias\/wp-json\/wp\/v2\/categories?post=29550"},{"taxonomy":"post_tag","embeddable":true,"href":"https:\/\/wiy.com.br\/noticias\/wp-json\/wp\/v2\/tags?post=29550"}],"curies":[{"name":"wp","href":"https:\/\/api.w.org\/{rel}","templated":true}]}}