{"id":29402,"date":"2023-02-26T15:14:03","date_gmt":"2023-02-26T18:14:03","guid":{"rendered":"https:\/\/wiy.com.br\/noticias\/nao-ha-possibilidade-de-reforma-voltar-para-a-camara-diz-simone-tebet\/"},"modified":"2019-09-11T14:46:56","modified_gmt":"2019-09-11T17:46:56","slug":"nao-ha-possibilidade-de-reforma-voltar-para-a-camara-diz-simone-tebet","status":"publish","type":"post","link":"https:\/\/wiy.com.br\/noticias\/nao-ha-possibilidade-de-reforma-voltar-para-a-camara-diz-simone-tebet\/","title":{"rendered":"N\u00e3o h\u00e1 possibilidade de reforma voltar para a C\u00e2mara, diz Simone Tebet"},"content":{"rendered":"<p> <br \/>\n<\/p>\n<p><span>O relator da <strong><a href=\"https:\/\/exame.abril.com.br\/noticias-sobre\/reforma-da-previdencia\/\">reforma da Previd\u00eancia<\/a><\/strong> no Senado, Tasso Jereissati (PSDB-CE), ainda discute com t\u00e9cnicos da Casa a possibilidade de alterar o parecer da proposta e evitar que o texto tenha de retornar \u00e0 C\u00e2mara dos Deputados. Duas mudan\u00e7as que Tasso fez no texto principal da PEC da Previd\u00eancia foram questionadas por t\u00e9cnicos legislativos. A presidente da Comiss\u00e3o de Constitui\u00e7\u00e3o e Justi\u00e7a (CCJ) do Senado, <strong><a href=\"https:\/\/exame.abril.com.br\/noticias-sobre\/simone-tebet\/\">Simone Tebet<\/a> <\/strong>(MDB-MS) descartou, no entanto, um retorno da reforma \u00e0 C\u00e2mara.<\/span><\/p>\n<p><span>&#8220;N\u00e3o h\u00e1 possibilidade de voltar para a C\u00e2mara&#8221;, disse Simone nesta quarta-feira, 11, ap\u00f3s conversar com o relator. &#8220;Se houver um risco de questionamento judicial, ele tira do texto principal suprimindo e a\u00ed ver se inclui ou n\u00e3o na PEC paralela&#8221;, declarou.<\/span><\/p>\n<div class=\"widget-news widget-box no-margin no-border\"><span class=\"widget-news-title content-box-title\">Veja tamb\u00e9m<\/span><\/p>\n<ul class=\"widget-news-list\">\n<li class=\"widget-news-item without-thumb with-border\">\n<div class=\"widget-news-info\"><a href=\"http:\/\/exame.abril.com.br\/economia\">ECONOMIA<\/a><span class=\"widget-news-item-title\"><a href=\"https:\/\/exame.abril.com.br\/economia\/senadores-discutem-se-mudancas-de-tasso-fariam-reforma-voltar-a-camara\/\">Senadores discutem se mudan\u00e7as de Tasso fariam reforma voltar \u00e0 C\u00e2mara<\/a><\/span><span class=\"widget-news-item-date\">11 set 2019 &#8211; 10h09<\/span><\/div>\n<\/li>\n<\/ul>\n<\/div>\n<p><span>Para alguns consultores do Senado, duas altera\u00e7\u00f5es no relat\u00f3rio, apontadas como de reda\u00e7\u00e3o mas que mexeriam no conte\u00fado da proposta, teriam de necessariamente retornar \u00e0 C\u00e2mara por mexerem no m\u00e9rito da reforma &#8211; atrasando a promulga\u00e7\u00e3o da medida.<\/span><\/p>\n<p><span>Uma das emendas d\u00e1 autonomia a Estados e munic\u00edpios para implementarem al\u00edquotas extraordin\u00e1rias e financiar o d\u00e9ficit do regime dos servidores. No parecer, o relator retirou a express\u00e3o &#8220;no \u00e2mbito da Uni\u00e3o&#8221; do trecho sobre a cobran\u00e7a de contribui\u00e7\u00e3o extraordin\u00e1ria.<\/span><\/p>\n<p><span>Outra altera\u00e7\u00e3o questionada por consultores do Senado foi aquela que prev\u00ea a possibilidade de trabalhadores informais recolherem \u00e0 Previd\u00eancia Social com al\u00edquotas favorecidas. A emenda foi sugerida pelo senador Renan Calheiros (MDB-AL).<\/span><\/p>\n<p><span>Na reda\u00e7\u00e3o, a emenda altera o trecho &#8220;a lei poder\u00e1&#8221; para &#8220;a lei instituir\u00e1 sistema especial de inclus\u00e3o previdenci\u00e1ria&#8221; e inclui a express\u00e3o &#8220;aos que se encontram em situa\u00e7\u00e3o de informalidade&#8221; para enquadr\u00e1-los como trabalhadores de baixa renda com contribui\u00e7\u00e3o favorecida.<\/span><\/p>\n<p><span>Na noite de ter\u00e7a-feira, 10, ap\u00f3s conversar com o presidente do Senado, Davi Alcolumbre (DEM-AP), Jereissati defendeu que, conforme o texto do parecer, a proposta n\u00e3o precisaria retornar para a C\u00e2mara. &#8220;A conclus\u00e3o que est\u00e1 se chegando aqui \u00e9 que elas (as emendas) podem ficar no texto porque s\u00e3o emendas de reda\u00e7\u00e3o, mas evidentemente que precisa haver uma confirma\u00e7\u00e3o&#8221;, disse o senador.<\/span><\/p>\n<p><br \/>\n<br \/><a href=\"https:\/\/exame.abril.com.br\/brasil\/nao-ha-possibilidade-de-reforma-voltar-para-a-camara-diz-simone-tebet\/\">Fonte do artigo <\/a><br \/>\nTags:<br \/>\n#politica #political #negocios #business #marketingdigital #empreendedorismo #marketing #emprendedores #empreender #sucesso #empresas #emprendimiento #emprendedor #empreendedor #emprender #dinheiro #dinero #empresario #vendas #liderazgo #motivacion #foco #motivacao #negocio #brasil<\/p>\n","protected":false},"excerpt":{"rendered":"<p>O relator da reforma da Previd\u00eancia no Senado, Tasso Jereissati (PSDB-CE), ainda discute com t\u00e9cnicos da Casa a possibilidade de alterar o parecer da proposta e evitar que o texto tenha de retornar \u00e0 C\u00e2mara dos Deputados. Duas mudan\u00e7as que Tasso fez no texto principal da PEC da Previd\u00eancia foram questionadas por t\u00e9cnicos legislativos. A [&hellip;]<\/p>\n","protected":false},"author":1,"featured_media":26471,"comment_status":"open","ping_status":"open","sticky":false,"template":"","format":"standard","meta":{"footnotes":""},"categories":[1],"tags":[],"class_list":["post-29402","post","type-post","status-publish","format-standard","has-post-thumbnail","hentry","category-curso-de-copy"],"_links":{"self":[{"href":"https:\/\/wiy.com.br\/noticias\/wp-json\/wp\/v2\/posts\/29402","targetHints":{"allow":["GET"]}}],"collection":[{"href":"https:\/\/wiy.com.br\/noticias\/wp-json\/wp\/v2\/posts"}],"about":[{"href":"https:\/\/wiy.com.br\/noticias\/wp-json\/wp\/v2\/types\/post"}],"author":[{"embeddable":true,"href":"https:\/\/wiy.com.br\/noticias\/wp-json\/wp\/v2\/users\/1"}],"replies":[{"embeddable":true,"href":"https:\/\/wiy.com.br\/noticias\/wp-json\/wp\/v2\/comments?post=29402"}],"version-history":[{"count":0,"href":"https:\/\/wiy.com.br\/noticias\/wp-json\/wp\/v2\/posts\/29402\/revisions"}],"wp:featuredmedia":[{"embeddable":true,"href":"https:\/\/wiy.com.br\/noticias\/wp-json\/wp\/v2\/media\/26471"}],"wp:attachment":[{"href":"https:\/\/wiy.com.br\/noticias\/wp-json\/wp\/v2\/media?parent=29402"}],"wp:term":[{"taxonomy":"category","embeddable":true,"href":"https:\/\/wiy.com.br\/noticias\/wp-json\/wp\/v2\/categories?post=29402"},{"taxonomy":"post_tag","embeddable":true,"href":"https:\/\/wiy.com.br\/noticias\/wp-json\/wp\/v2\/tags?post=29402"}],"curies":[{"name":"wp","href":"https:\/\/api.w.org\/{rel}","templated":true}]}}