{"id":29234,"date":"2023-02-26T14:59:06","date_gmt":"2023-02-26T17:59:06","guid":{"rendered":"https:\/\/wiy.com.br\/noticias\/mascara-rara-de-darth-vader-e-oculos-de-harry-potter-vao-a-leilao-em-los-angeles\/"},"modified":"2019-09-10T12:38:12","modified_gmt":"2019-09-10T15:38:12","slug":"mascara-rara-de-darth-vader-e-oculos-de-harry-potter-vao-a-leilao-em-los-angeles","status":"publish","type":"post","link":"https:\/\/wiy.com.br\/noticias\/mascara-rara-de-darth-vader-e-oculos-de-harry-potter-vao-a-leilao-em-los-angeles\/","title":{"rendered":"M\u00e1scara rara de Darth Vader e \u00f3culos de Harry Potter v\u00e3o a leil\u00e3o em Los Angeles"},"content":{"rendered":"<p> <br \/>\n<br \/>Por Rollo RossLOS ANGELES (Reuters) &#8211; Uma m\u00e1scara e um capacete raros de Darth Vader usados em um dos primeiros filmes da franquia &#034;Star Wars&#034; v\u00e3o a leil\u00e3o em Los Angeles no final deste m\u00eas, al\u00e9m de um par dos \u00f3culos&#8230;<\/p>\n<p><a href=\"https:\/\/extra.globo.com\/tv-e-lazer\/mascara-rara-de-darth-vader-oculos-de-harry-potter-vao-leilao-em-los-angeles-23938648.html\">Leia mais<\/a><\/p>\n<p>\t\t\t\t\t\t\t\t\t\t\t<img title = \"[Tags]\"alt = \"extra-face-1 M\u00e1scara rara de Darth Vader e \u00f3culos de Harry Potter v\u00e3o a leil\u00e3o em Los Angeles\"decoding=\"async\" src=\"https:\/\/extra.globo.com\/skins\/extra\/images\/extra-face-1.jpg\" \/><br \/>\n<br \/><br \/>\n<br \/><a href=\"https:\/\/extra.globo.com\/tv-e-lazer\/mascara-rara-de-darth-vader-oculos-de-harry-potter-vao-leilao-em-los-angeles-23938648.html\">Fonte do Artigo <\/a><br \/>\nTags:<br \/>\n#noticia #n #noticias #venezuela #o #instagram #cicpc #policia #ultimahora #seguridad #informaci #portuseguridad #paz #urgente #tudenunciaeslapazdetodos #atenci #policiacientifica #criminalisticacicpc #criminalistica #not #douglasrico #eficienciaonada #gobiernodecalle #brasil #sucesos #jornalismo #informa #news #a<\/p>\n","protected":false},"excerpt":{"rendered":"<p>Por Rollo RossLOS ANGELES (Reuters) &#8211; Uma m\u00e1scara e um capacete raros de Darth Vader usados em um dos primeiros filmes da franquia &#034;Star Wars&#034; v\u00e3o a leil\u00e3o em Los Angeles no final deste m\u00eas, al\u00e9m de um par dos \u00f3culos&#8230; Leia mais Fonte do Artigo Tags: #noticia #n #noticias #venezuela #o #instagram #cicpc #policia [&hellip;]<\/p>\n","protected":false},"author":1,"featured_media":27155,"comment_status":"open","ping_status":"open","sticky":false,"template":"","format":"standard","meta":{"footnotes":""},"categories":[337],"tags":[],"class_list":["post-29234","post","type-post","status-publish","format-standard","has-post-thumbnail","hentry","category-noticias"],"_links":{"self":[{"href":"https:\/\/wiy.com.br\/noticias\/wp-json\/wp\/v2\/posts\/29234","targetHints":{"allow":["GET"]}}],"collection":[{"href":"https:\/\/wiy.com.br\/noticias\/wp-json\/wp\/v2\/posts"}],"about":[{"href":"https:\/\/wiy.com.br\/noticias\/wp-json\/wp\/v2\/types\/post"}],"author":[{"embeddable":true,"href":"https:\/\/wiy.com.br\/noticias\/wp-json\/wp\/v2\/users\/1"}],"replies":[{"embeddable":true,"href":"https:\/\/wiy.com.br\/noticias\/wp-json\/wp\/v2\/comments?post=29234"}],"version-history":[{"count":0,"href":"https:\/\/wiy.com.br\/noticias\/wp-json\/wp\/v2\/posts\/29234\/revisions"}],"wp:featuredmedia":[{"embeddable":true,"href":"https:\/\/wiy.com.br\/noticias\/wp-json\/wp\/v2\/media\/27155"}],"wp:attachment":[{"href":"https:\/\/wiy.com.br\/noticias\/wp-json\/wp\/v2\/media?parent=29234"}],"wp:term":[{"taxonomy":"category","embeddable":true,"href":"https:\/\/wiy.com.br\/noticias\/wp-json\/wp\/v2\/categories?post=29234"},{"taxonomy":"post_tag","embeddable":true,"href":"https:\/\/wiy.com.br\/noticias\/wp-json\/wp\/v2\/tags?post=29234"}],"curies":[{"name":"wp","href":"https:\/\/api.w.org\/{rel}","templated":true}]}}